{"id":57776,"date":"2023-04-02T18:00:05","date_gmt":"2023-04-02T18:00:05","guid":{"rendered":"https:\/\/www.trendencias.com\/belleza\/paula-echevarria-apuesta-manicura-sencilla-muy-elegante-perfecta-para-unas-unas-almendradas"},"modified":"2023-04-02T18:00:05","modified_gmt":"2023-04-02T18:00:05","slug":"paula-echevarria-apuesta-por-una-manicura-sencilla-y-muy-elegante-perfecta-para-unas-unas-almendradas","status":"publish","type":"post","link":"http:\/\/hoycordobaweb.com\/index.php\/2023\/04\/02\/paula-echevarria-apuesta-por-una-manicura-sencilla-y-muy-elegante-perfecta-para-unas-unas-almendradas\/","title":{"rendered":"Paula Echevarr\u00eda apuesta por una manicura sencilla y muy elegante perfecta para unas u\u00f1as almendradas"},"content":{"rendered":"<p>Ya sabemos que<a href=\"https:\/\/trendencias.com\/tag\/Paula-Echevarria\"> Paula Echevarr\u00eda<\/a> es muy aficionada &nbsp;a mostrar sus <a href=\"https:\/\/www.trendencias.com\/belleza\/13-manicuras-ideales-muy-elegantes-para-lucir-navidad-inspiradas-paula-echevarria\">manicuras<\/a>, sum\u00e1ndose a las tendencias que van surgiendo. As\u00ed, no es de extra\u00f1ar que la veamos luciendo todo tipo de dise\u00f1os y diferentes formas desde las m\u00e1s cuadradas a las <a href=\"https:\/\/www.trendencias.com\/belleza\/almendrada-reina-manicuras-estas-tendencias-que-se-llevan-para-sacarles-todo-partido\">u\u00f1as almendradas<\/a> que, en este momento, es una de las m\u00e1s <em>top<\/em>.<\/p>\n<p><!-- BREAK 1 --><\/p>\n<div class=\"article-asset article-asset-normal article-asset-center\">\n<div class=\"desvio-container\">\n<div class=\"desvio\">\n<div class=\"desvio-figure js-desvio-figure\"> <a href=\"https:\/\/www.trendencias.com\/belleza\/paula-echevarria-se-anima-trenza-que-vuelve-esta-primavera-que-super-facil-hacer\"> <img alt=\"Paula Echevarr\u00eda se anima con la trenza que vuelve esta primavera y que es s\u00faper f\u00e1cil de hacer\" src=\"http:\/\/hoycordobaweb.com\/wp-content\/uploads\/2023\/04\/paula-echevarria-apuesta-por-una-manicura-sencilla-y-muy-elegante-perfecta-para-unas-unas-almendradas.jpg\"> <\/a> <\/div><\/div><\/div>\n<\/div>\n<div class=\"article-asset-image article-asset-normal article-asset-center\">\n<div class=\"asset-content\">\n<div class=\"base-wrapper-image\"> <img class=\"sf-lazy centro_sinmarco\" data-sf-srcset=\"http:\/\/hoycordobaweb.com\/wp-content\/uploads\/2023\/04\/paula-echevarria-apuesta-por-una-manicura-sencilla-y-muy-elegante-perfecta-para-unas-unas-almendradas-1.jpg 450w, http:\/\/hoycordobaweb.com\/wp-content\/uploads\/2023\/04\/paula-echevarria-apuesta-por-una-manicura-sencilla-y-muy-elegante-perfecta-para-unas-unas-almendradas-5.jpg 681w,http:\/\/hoycordobaweb.com\/wp-content\/uploads\/2023\/04\/paula-echevarria-apuesta-por-una-manicura-sencilla-y-muy-elegante-perfecta-para-unas-unas-almendradas-6.jpg 1024w, http:\/\/hoycordobaweb.com\/wp-content\/uploads\/2023\/04\/paula-echevarria-apuesta-por-una-manicura-sencilla-y-muy-elegante-perfecta-para-unas-unas-almendradas-7.jpg 1366w,\" data-sf-src=\"http:\/\/hoycordobaweb.com\/wp-content\/uploads\/2023\/04\/paula-echevarria-apuesta-por-una-manicura-sencilla-y-muy-elegante-perfecta-para-unas-unas-almendradas-1.jpg\" alt=\"Paula Echevarria 2\"> <noscript><img alt=\"Paula Echevarria 2\" class=\"centro_sinmarco\" src=\"http:\/\/hoycordobaweb.com\/wp-content\/uploads\/2023\/04\/paula-echevarria-apuesta-por-una-manicura-sencilla-y-muy-elegante-perfecta-para-unas-unas-almendradas-1.jpg\"><\/noscript> <\/div><\/div>\n<\/div>\n<p>As\u00ed, m\u00e1s all\u00e1 de la <a href=\"https:\/\/www.trendencias.com\/belleza\/como-se-hace-manicura-francesa-paso-a-paso-19-ideas-originales-para-lucir-unas\">manicura francesa<\/a> o de las <a href=\"https:\/\/www.trendencias.com\/belleza\/que-unas-baby-boomer-porque-triunfan\"><em>baby boomer<\/em><\/a><em> <\/em>la actriz se ha sumado a esta especie de h\u00edbrido entre ambas en la que prima un esmaltado muy claro, ligeramente rosado &nbsp;que podemos conseguir f\u00e1cilmente con una laca tipo <strong>Mademoiselle de Essie <\/strong>(<a class=\"js-ecommerce\" href=\"https:\/\/www.trendencias.com\/redirect?url=https%3A%2F%2Fwww.amazon.es%2FEssie-Esmalte-U%25C3%25B1as-Tono-Mademoiselle%2Fdp%2FB009AQWJHC%2Fref%3Dsr_1_1_sspa%3F__mk_es_ES%3D%25C3%2585M%25C3%2585%25C5%25BD%25C3%2595%25C3%2591%26crid%3D34C5Y6ESQC6VC%26keywords%3DMademoiselle%2Bde%2BEssie%26qid%3D1680457469%26sprefix%3Dmademoiselle%2Bde%2Bessie%252Caps%252C461%26sr%3D8-1-spons%26sp_csd%3Dd2lkZ2V0TmFtZT1zcF9hdGY%26psc%3D1%26smid%3DAKXNR9MTP0Y39&amp;category=belleza\" data-vars-affiliate-url=\"https:\/\/www.trendencias.com\/redirect?url=https%3A%2F%2Fwww.amazon.es%2FEssie-Esmalte-U%25C3%25B1as-Tono-Mademoiselle%2Fdp%2FB009AQWJHC%2Fref%3Dsr_1_1_sspa%3F__mk_es_ES%3D%25C3%2585M%25C3%2585%25C5%25BD%25C3%2595%25C3%2591%26crid%3D34C5Y6ESQC6VC%26keywords%3DMademoiselle%2Bde%2BEssie%26qid%3D1680457469%26sprefix%3Dmademoiselle%2Bde%2Bessie%252Caps%252C461%26sr%3D8-1-spons%26sp_csd%3Dd2lkZ2V0TmFtZT1zcF9hdGY%26psc%3D1%26smid%3DAKXNR9MTP0Y39&amp;category=belleza\">15,95 euros<\/a>) o, mejor a\u00fan, con <strong>Marshmallow tambi\u00e9n de Essie <\/strong>(<a class=\"js-ecommerce\" href=\"https:\/\/www.trendencias.com\/redirect?url=https%3A%2F%2Fwww.amazon.es%2FEssie-Esmalte-U%25C3%25B1as-Tono-Mademoiselle%2Fdp%2FB00A3B2ACW%2Fref%3Dsr_1_6_mod_primary_new%3F__mk_es_ES%3D%25C3%2585M%25C3%2585%25C5%25BD%25C3%2595%25C3%2591%26crid%3D34C5Y6ESQC6VC%26keywords%3DMademoiselle%252Bde%252BEssie%26qid%3D1680457469%26sbo%3DRZvfv%252F%252FHxDF%252BO5021pAnSA%253D%253D%26sprefix%3Dmademoiselle%252Bde%252Bessie%252Caps%252C461%26sr%3D8-6%26th%3D1&amp;category=belleza\" data-vars-affiliate-url=\"https:\/\/www.trendencias.com\/redirect?url=https%3A%2F%2Fwww.amazon.es%2FEssie-Esmalte-U%25C3%25B1as-Tono-Mademoiselle%2Fdp%2FB00A3B2ACW%2Fref%3Dsr_1_6_mod_primary_new%3F__mk_es_ES%3D%25C3%2585M%25C3%2585%25C5%25BD%25C3%2595%25C3%2591%26crid%3D34C5Y6ESQC6VC%26keywords%3DMademoiselle%252Bde%252BEssie%26qid%3D1680457469%26sbo%3DRZvfv%252F%252FHxDF%252BO5021pAnSA%253D%253D%26sprefix%3Dmademoiselle%252Bde%252Bessie%252Caps%252C461%26sr%3D8-6%26th%3D1&amp;category=belleza\">7,12 euros<\/a>).<\/p>\n<p><!-- BREAK 2 --> <!-- PIVOT START --><\/p>\n<div class=\"pivot-ecommerce-container\">\n<div class=\"pivot-ecommerce\" readability=\"4.4626865671642\">\n<div class=\"pivot-ecommerce-figure\"> <a href=\"https:\/\/www.trendencias.com\/redirect?url=https%3A%2F%2Fwww.amazon.es%2Fdp%2FB00A3B2ACW%3Ftag%3Dtrendencias-21%26linkCode%3Dogi%26th%3D1%26psc%3D1&amp;category=belleza&amp;pivot=1\"> <img alt=\"Essie Esmalte de U\u00f1as, Tono: 003 Marshmallow\" src=\"http:\/\/hoycordobaweb.com\/wp-content\/uploads\/2023\/04\/paula-echevarria-apuesta-por-una-manicura-sencilla-y-muy-elegante-perfecta-para-unas-unas-almendradas-2.jpg\"> <\/a> <\/div>\n<div class=\"pivot-ecommerce-summary\" readability=\"5.4925373134328\">\n<p class=\"pivot-ecommerce-desc\">Essie Esmalte de U\u00f1as, Tono: 003 Marshmallow<\/p>\n<\/p><\/div><\/div>\n<\/div>\n<p><!-- PIVOT END --><\/p>\n<div class=\"article-asset-image article-asset-normal article-asset-center\">\n<div class=\"asset-content\">\n<div class=\"base-wrapper-image\"> <img class=\"sf-lazy centro_sinmarco\" data-sf-srcset=\"http:\/\/hoycordobaweb.com\/wp-content\/uploads\/2023\/04\/paula-echevarria-apuesta-por-una-manicura-sencilla-y-muy-elegante-perfecta-para-unas-unas-almendradas-3.jpg 450w, http:\/\/hoycordobaweb.com\/wp-content\/uploads\/2023\/04\/paula-echevarria-apuesta-por-una-manicura-sencilla-y-muy-elegante-perfecta-para-unas-unas-almendradas-8.jpg 681w,http:\/\/hoycordobaweb.com\/wp-content\/uploads\/2023\/04\/paula-echevarria-apuesta-por-una-manicura-sencilla-y-muy-elegante-perfecta-para-unas-unas-almendradas-9.jpg 1024w, http:\/\/hoycordobaweb.com\/wp-content\/uploads\/2023\/04\/paula-echevarria-apuesta-por-una-manicura-sencilla-y-muy-elegante-perfecta-para-unas-unas-almendradas-10.jpg 1366w,\" data-sf-src=\"http:\/\/hoycordobaweb.com\/wp-content\/uploads\/2023\/04\/paula-echevarria-apuesta-por-una-manicura-sencilla-y-muy-elegante-perfecta-para-unas-unas-almendradas-3.jpg\" alt=\"Paula Echevarria\"> <noscript><img alt=\"Paula Echevarria\" class=\"centro_sinmarco\" src=\"http:\/\/hoycordobaweb.com\/wp-content\/uploads\/2023\/04\/paula-echevarria-apuesta-por-una-manicura-sencilla-y-muy-elegante-perfecta-para-unas-unas-almendradas-3.jpg\"><\/noscript> <\/div><\/div>\n<\/div>\n<p>La forma almendrada es de las que mejor sientan y que hacen unos dedos m\u00e1s largos. Una forma de <a href=\"https:\/\/www.trendencias.com\/belleza\/12-tipos-formas-unas-diferentes-que-puedes-elegir-a-hora-hacerte-manicura\">limar nuestras u\u00f1as<\/a> muy acertada para las que les gusten las u\u00f1as largas, pero que es muy elegante y cl\u00e1sica. &nbsp;<\/p>\n<p><!-- BREAK 3 --><\/p>\n<h2>Otras ofertas interesantes<\/h2>\n<p><em>Nota: algunos de los enlaces de este art\u00edculo son afiliados y pueden reportar un beneficio a Trendencias<\/em><\/p>\n<p><!-- BREAK 4 --><\/p>\n<p>Fotos | <a href=\"https:\/\/www.instagram.com\/pau_eche\/channel\/?hl=es#\">@pau_eche<\/a><\/p>\n<p>En Trendencias | <a href=\"https:\/\/www.trendencias.com\/belleza\/estas-todas-tendencias-unas-para-proximo-otono-colores-nail-art-e-incluso-tecnica-momento-manicura-seco\">Estas &nbsp;son todas las tendencias de u\u00f1as para el pr\u00f3ximo oto\u00f1o: colores, nail &nbsp;art e incluso la t\u00e9cnica del momento (la manicura en seco)<\/a><\/p>\n<p><!-- BREAK 5 --><\/p>\n<p>En Trendencias | <a href=\"https:\/\/www.trendencias.com\/belleza\/acrilatos-unas-semipermanentes\">Acrilatos en los esmaltes de u\u00f1as: qu\u00e9 son y cu\u00e1les son los peligros de una manicura permanente<\/a><\/p>\n<p><!-- BREAK 6 --> <\/p>\n","protected":false},"excerpt":{"rendered":"<p>Ya sabemos que Paula Echevarr\u00eda es muy aficionada &nbsp;a mostrar sus manicuras, sum\u00e1ndose a las tendencias que van surgiendo. As\u00ed, no es de extra\u00f1ar que la veamos luciendo todo tipo de dise\u00f1os y diferentes formas desde las m\u00e1s cuadradas a las u\u00f1as almendradas que, en este momento, es una de las m\u00e1s top. As\u00ed, m\u00e1s [&hellip;]<\/p>\n","protected":false},"author":1,"featured_media":57777,"comment_status":"closed","ping_status":"closed","sticky":false,"template":"","format":"standard","meta":[],"categories":[1],"tags":[],"_links":{"self":[{"href":"http:\/\/hoycordobaweb.com\/index.php\/wp-json\/wp\/v2\/posts\/57776"}],"collection":[{"href":"http:\/\/hoycordobaweb.com\/index.php\/wp-json\/wp\/v2\/posts"}],"about":[{"href":"http:\/\/hoycordobaweb.com\/index.php\/wp-json\/wp\/v2\/types\/post"}],"author":[{"embeddable":true,"href":"http:\/\/hoycordobaweb.com\/index.php\/wp-json\/wp\/v2\/users\/1"}],"replies":[{"embeddable":true,"href":"http:\/\/hoycordobaweb.com\/index.php\/wp-json\/wp\/v2\/comments?post=57776"}],"version-history":[{"count":0,"href":"http:\/\/hoycordobaweb.com\/index.php\/wp-json\/wp\/v2\/posts\/57776\/revisions"}],"wp:featuredmedia":[{"embeddable":true,"href":"http:\/\/hoycordobaweb.com\/index.php\/wp-json\/wp\/v2\/media\/57777"}],"wp:attachment":[{"href":"http:\/\/hoycordobaweb.com\/index.php\/wp-json\/wp\/v2\/media?parent=57776"}],"wp:term":[{"taxonomy":"category","embeddable":true,"href":"http:\/\/hoycordobaweb.com\/index.php\/wp-json\/wp\/v2\/categories?post=57776"},{"taxonomy":"post_tag","embeddable":true,"href":"http:\/\/hoycordobaweb.com\/index.php\/wp-json\/wp\/v2\/tags?post=57776"}],"curies":[{"name":"wp","href":"https:\/\/api.w.org\/{rel}","templated":true}]}}