{"id":57760,"date":"2023-04-02T18:55:56","date_gmt":"2023-04-02T18:55:56","guid":{"rendered":"https:\/\/www.ole.com.ar\/seleccion\/maschera-trama-secreta-dt-sub-20_0_4YzdBmChuE.html"},"modified":"2023-04-02T18:55:56","modified_gmt":"2023-04-02T18:55:56","slug":"mascherano-seguira-siendo-el-dt-del-sub-20","status":"publish","type":"post","link":"http:\/\/hoycordobaweb.com\/index.php\/2023\/04\/02\/mascherano-seguira-siendo-el-dt-del-sub-20\/","title":{"rendered":"Mascherano seguir\u00e1 siendo el DT del Sub 20"},"content":{"rendered":"<p><img src=\"http:\/\/hoycordobaweb.com\/wp-content\/uploads\/2023\/04\/mascherano-seguira-siendo-el-dt-del-sub-20.jpg\"><\/p>\n<p><time class=\"createDate\" datetime=\"2023-04-02T15:55:56-03:00\">02\/04\/2023 15:55hs.<\/time><time class=\"modificatedDate\" datetime=\"2023\/04\/02T16:18:12-03:00\"> Actualizado al 02\/04\/2023 16:18hs.<\/time><\/p>\n<div id=\"storyBody\">\n<div class=\"custom-text \" readability=\"40.54113345521\">\n<p><strong>Y al final, <\/strong><a href=\"https:\/\/www.ole.com.ar\/tema\/javier-mascherano.html\" title=\"Javier Mascherano\" alt=\"Javier Mascherano\" class=\"slug\"><strong>Javier Mascherano<\/strong><\/a><strong> seguir\u00e1 siendo el DT del Sub 20.<\/strong> Y al final, las charlas con <a href=\"https:\/\/www.ole.com.ar\/tema\/lionel-messi.html\" title=\"Lionel Messi\" alt=\"Lionel Messi\" class=\"slug\">Lionel Messi<\/a> y con <a href=\"https:\/\/www.ole.com.ar\/tema\/lionel-scaloni.html\" title=\"Lionel Scaloni\" alt=\"Lionel Scaloni\" class=\"slug\">Lionel Scaloni<\/a> dieron resultados. Y al final, con Argentina como sede mundialista (se oficializar\u00e1 en esta semana), su decisi\u00f3n de renunciar qued\u00f3 a un costado. En efecto, el entrenador ya le dio el s\u00ed para continuar a Bernardo Romeo, el coordinador de selecciones juveniles (la realidad es que todav\u00eda no hab\u00eda rescindido contrato), por lo que se mantendr\u00e1 al frente de esa categor\u00eda y, adem\u00e1s, dirigir\u00e1 en la cita m\u00e1xima&#8230;<\/p>\n<\/div>\n<div class=\"custom-text \" readability=\"40\">\n<p><strong>Todo se dio muy r\u00e1pido. El Sub 20, en principio, no iba a tener actividad hasta dentro de varios meses<\/strong> luego de haber perdido la chance de jugar el Mundial de Indonesia. Entonces, el ex capit\u00e1n<strong> sinti\u00f3 que no haber conseguido el pasaje a la m\u00e1xima competencia fue un fracaso rotundo y por eso tom\u00f3 una decisi\u00f3n de dar un paso al costado. <\/strong>Sin embargo, a partir de ah\u00ed, distintos hechos hicieron que lograra revertir esa situaci\u00f3n.<\/p>\n<\/div>\n<div class=\"sc-996041c8-0 iUjELL\"><img alt=\"El encuentro de Masche con Leo en el evento del predio de Ezeiza. Clave. Foto:Prensa Liga\" src=\"http:\/\/hoycordobaweb.com\/wp-content\/uploads\/2023\/04\/mascherano-seguira-siendo-el-dt-del-sub-20-2.jpg\" width=\"72\" height=\"10\" decoding=\"async\" data-nimg=\"future\" loading=\"lazy\"><span>El encuentro de Masche con Leo en el evento del predio de Ezeiza. Clave. Foto:Prensa Liga<\/span><\/div>\n<div class=\"sc-a7166897-0 fTvehT\" readability=\"6\">\n<section readability=\"2\"><picture><img alt=\"Incre\u00edble: as\u00ed silbaron a Messi en el Parque de los Pr\u00edncipes\" src=\"http:\/\/hoycordobaweb.com\/wp-content\/uploads\/2023\/04\/mascherano-seguira-siendo-el-dt-del-sub-20-3.jpg\" width=\"29\" height=\"29\" decoding=\"async\" data-nimg=\"future\" loading=\"lazy\"><\/picture>\n<p><span>Mir\u00e1 tambi\u00e9n<\/span><\/p>\n<hr>\n<h3>Incre\u00edble: as\u00ed silbaron a Messi en el Parque de los Pr\u00edncipes<\/h3>\n<\/p>\n<\/section>\n<\/div>\n<div class=\"custom-text \" readability=\"36.507518796992\">\n<p>En su momento, cuando Masche regres\u00f3 de Colombia, se reuni\u00f3 con <a href=\"https:\/\/www.ole.com.ar\/tema\/claudio-tapia.html\" title=\"Claudio Tapia\" alt=\"Claudio Tapia\" class=\"slug\"><strong>Chiqui Tapia <\/strong><\/a>y<a href=\"https:\/\/www.ole.com.ar\/tema\/bernardo-romeo.html\" title=\"Bernardo Romeo\" alt=\"Bernardo Romeo\" class=\"slug\"><strong> Romeo<\/strong><\/a>, quienes cara a cara a le dijeron lo que era un secreto a voces: <strong>quer\u00edan que siga. Incluso recibi\u00f3 varios llamados, hasta uno de Lionel Scaloni<\/strong>. Pero hasta ah\u00ed, no hubo caso&#8230;<\/p>\n<\/div>\n<div class=\"custom-text \" readability=\"39\">\n<p>\u00abCon Mascherano habl\u00e9 luego del torneo. <strong>\u00c9l siente que lo mejor era no seguir, yo le dije que estaba equivocado<\/strong>. Cuando un tipo que vivi\u00f3 tantos a\u00f1os la Selecci\u00f3n y cree que no tiene que continuar, bueno..<strong>. lo intentamos de todas maneras porque lo ve\u00edamos trabajar, est\u00e1bamos en l\u00ednea<\/strong>\u00ab, lleg\u00f3 a decir el DT campe\u00f3n del mundo en la primera conferencia de prensa del a\u00f1o.<\/p>\n<\/div>\n<div class=\"sc-996041c8-0 iUjELL\"><img alt=\"Masche hab\u00eda dicho que se iba tras ser eliminado del Mundial en el Sudamericano (AFP)\" src=\"http:\/\/hoycordobaweb.com\/wp-content\/uploads\/2023\/04\/mascherano-seguira-siendo-el-dt-del-sub-20-4.jpg\" width=\"72\" height=\"10\" decoding=\"async\" data-nimg=\"future\" loading=\"lazy\"><span>Masche hab\u00eda dicho que se iba tras ser eliminado del Mundial en el Sudamericano (AFP)<\/span><\/div>\n<div class=\"custom-text \" readability=\"37\">\n<p>Mientras tanto, <strong>Masche se refugi\u00f3 en el campo, rodeado de los suyos, para tratar de asimilar un golpe que no esperaba<\/strong> y que cal\u00f3 hondo en sus entra\u00f1as. Pero ese escenario fue cambiando con los d\u00edas. <\/p>\n<\/div>\n<div class=\"sc-a7166897-0 fTvehT\" readability=\"6.5\">\n<section readability=\"3\"><picture><img alt=\"Guardiola, sarc\u00e1stico tras el festejo en el gol de Juli\u00e1n: &quot;Lo siento mucho&quot;\" src=\"http:\/\/hoycordobaweb.com\/wp-content\/uploads\/2023\/04\/mascherano-seguira-siendo-el-dt-del-sub-20-5.jpg\" width=\"29\" height=\"29\" decoding=\"async\" data-nimg=\"future\" loading=\"lazy\"><\/picture>\n<p><span>Mir\u00e1 tambi\u00e9n<\/span><\/p>\n<hr>\n<h3>Guardiola, sarc\u00e1stico tras el festejo en el gol de Juli\u00e1n: \u00abLo siento mucho\u00bb<\/h3>\n<\/p>\n<\/section>\n<\/div>\n<p><h2><strong>De la mano de Lionel<\/strong><\/h2>\n<\/p>\n<div class=\"custom-text \" readability=\"42\">\n<p>\u00bfQu\u00e9 pas\u00f3 en el medio? Hubo dos acontecimientos sustanciales. Primero, por los conflictos pol\u00edticos que atraviesa Indonesia,<strong> la FIFA tom\u00f3 la determinaci\u00f3n de quitarle la organizaci\u00f3n de Mundial Sub 20<\/strong> y, contrareloj, se puso a buscar una nueva sede para <strong>el campeonato que arrancar\u00e1 el 20 de mayo y finalizar\u00e1 el 11 de junio<\/strong>. Argentina fue uno de los que se ofreci\u00f3 y, en principio, termin\u00f3<strong> gan\u00e1ndole la pulseada a Per\u00fa y Qatar<\/strong>, los otros que hab\u00edan levantado la mano. Esto es lo que se terminar\u00e1 de confirmar y oficializar esta semana.<\/p>\n<\/div>\n<div class=\"sc-996041c8-0 iUjELL\"><img alt=\"Masche y Leo, una relaci\u00f3n de a\u00f1os y muy cercana. (Tato Pagano Prensa Afa)\" src=\"http:\/\/hoycordobaweb.com\/wp-content\/uploads\/2023\/04\/mascherano-seguira-siendo-el-dt-del-sub-20-6.jpg\" width=\"72\" height=\"10\" decoding=\"async\" data-nimg=\"future\" loading=\"lazy\"><span>Masche y Leo, una relaci\u00f3n de a\u00f1os y muy cercana. (Tato Pagano Prensa Afa)<\/span><\/div>\n<div class=\"sc-a7166897-0 fTvehT\" readability=\"7\">\n<section readability=\"4\"><picture><img alt=\"Piqu\u00e9, poco optimista sobre el regreso de Messi al Barsa: &quot;Podr\u00eda ser contraproducente...&quot;\" src=\"http:\/\/hoycordobaweb.com\/wp-content\/uploads\/2023\/04\/mascherano-seguira-siendo-el-dt-del-sub-20-7.jpg\" width=\"29\" height=\"29\" decoding=\"async\" data-nimg=\"future\" loading=\"lazy\"><\/picture>\n<p><span>Mir\u00e1 tambi\u00e9n<\/span><\/p>\n<hr>\n<h3>Piqu\u00e9, poco optimista sobre el regreso de Messi al Barsa: \u00abPodr\u00eda ser contraproducente&#8230;\u00bb<\/h3>\n<\/p>\n<\/section>\n<\/div>\n<div class=\"custom-text \" readability=\"41\">\n<p><strong>Por lo tanto, al ser el anfitri\u00f3n, la clasificaci\u00f3n de Argentina ser\u00eda inmediata<\/strong>. Entonces el Sub 20 pas\u00f3 de tener una agenda con varios meses por delante sin actividad, a <strong>tener que disputar el torneo m\u00e1s importante de todos dentro de poco m\u00e1s de un mes y medio<\/strong>. Por eso, el operativo convencimiento lanz\u00f3 su segundo cap\u00edtulo. Primero, a ra\u00edz la urgencia. Y despu\u00e9s, por una charla del mejor jugador del mundo&#8230;<\/p>\n<\/div>\n<div class=\"custom-text \" readability=\"33.653846153846\">\n<p>Como fuera, ah\u00ed comenzaron<strong> nuevamente los llamados de Tapia y de Romeo y otra vez se meti\u00f3 Scaloni <\/strong>en el tema\u2026 <strong>Pero hubo alguien m\u00e1s que decidi\u00f3 tomar un papel protag\u00f3nico<\/strong> y que termin\u00f3 siendo la llave para destrabar la situaci\u00f3n. \u00bfQui\u00e9n? <a href=\"https:\/\/www.ole.com.ar\/tema\/messi10.html\" title=\"Messi10\" alt=\"Messi10\" class=\"slug\"><strong>Leo Messi.<\/strong><\/a><\/p>\n<\/div>\n<div class=\"sc-e6588e40-0 jdjGfi\">\n<div class=\"sc-e6588e40-1 hsKqox videoText\" id=\"contentTitleundefinedB29F7qSd\" readability=\"56\"><svg fill=\"#ffffff\"><symbol id=\"play\" viewBox=\"0 0 512 512\"><path d=\"M512 256C512 397.4 397.4 512 256 512C114.6 512 0 397.4 0 256C0 114.6 114.6 0 256 0C397.4 0 512 114.6 512 256zM176 168V344C176 352.7 180.7 360.7 188.3 364.9C195.8 369.2 205.1 369 212.5 364.5L356.5 276.5C363.6 272.1 368 264.4 368 256C368 247.6 363.6 239.9 356.5 235.5L212.5 147.5C205.1 142.1 195.8 142.8 188.3 147.1C180.7 151.3 176 159.3 176 168V168z\" \/><\/symbol><use xlink:href=\"#play\" \/><\/svg><\/p>\n<div class=\"right\" readability=\"7\">\n<p>Selecci\u00f3n Argentina<!-- --> &#8211;<!-- --> <span>2-4-2023<\/span><\/p>\n<h2 class=\"title-vid\">Scaloni confirm\u00f3 que la Selecci\u00f3n viajar\u00e1 a Paraguay para homenaje de Conmebol<\/h2>\n<\/div>\n<\/div>\n<p><span class=\"back\" id=\"spanBackundefinedB29F7qSd\"><\/span><\/div>\n<div class=\"custom-text \" readability=\"36\">\n<p>Extremadamente cercano a Masche luego de<strong> haber compartido much\u00edsimos a\u00f1os juntos en la Selecci\u00f3n Mayor<\/strong>, el 10 <strong>aprovech\u00f3 el evento en el que el predio de Ezeiza pas\u00f3 a llevar su nombre, <\/strong>para<strong> tener una charla mano a mano con el DT.<\/strong><\/p>\n<\/div>\n<div class=\"custom-text \" readability=\"41\">\n<p>Ah\u00ed fue que Leo le expres\u00f3 <strong>sus ganas de que sea parte de este ciclo, su importancia en la historia m\u00e1s reciente de la Selecci\u00f3n, la posibilidad de tener una r\u00e1pida revancha con un Mundial <\/strong>que, en principio, Argentina no iba a jugar\u2026 Y por supuesto<strong>, todo esto con el plus de que sea el mejor del mundo el que lo est\u00e1 diciendo. Y su mano, dio resultado: Masche acept\u00f3 el consejo y seguir\u00e1 al frente del Sub 20&#8230;.<\/strong><\/p>\n<\/div>\n<\/div>\n","protected":false},"excerpt":{"rendered":"<p>02\/04\/2023 15:55hs. Actualizado al 02\/04\/2023 16:18hs. Y al final, Javier Mascherano seguir\u00e1 siendo el DT del Sub 20. Y al final, las charlas con Lionel Messi y con Lionel Scaloni dieron resultados. Y al final, con Argentina como sede mundialista (se oficializar\u00e1 en esta semana), su decisi\u00f3n de renunciar qued\u00f3 a un costado. En efecto, [&hellip;]<\/p>\n","protected":false},"author":1,"featured_media":57761,"comment_status":"open","ping_status":"closed","sticky":false,"template":"","format":"standard","meta":[],"categories":[16],"tags":[],"_links":{"self":[{"href":"http:\/\/hoycordobaweb.com\/index.php\/wp-json\/wp\/v2\/posts\/57760"}],"collection":[{"href":"http:\/\/hoycordobaweb.com\/index.php\/wp-json\/wp\/v2\/posts"}],"about":[{"href":"http:\/\/hoycordobaweb.com\/index.php\/wp-json\/wp\/v2\/types\/post"}],"author":[{"embeddable":true,"href":"http:\/\/hoycordobaweb.com\/index.php\/wp-json\/wp\/v2\/users\/1"}],"replies":[{"embeddable":true,"href":"http:\/\/hoycordobaweb.com\/index.php\/wp-json\/wp\/v2\/comments?post=57760"}],"version-history":[{"count":0,"href":"http:\/\/hoycordobaweb.com\/index.php\/wp-json\/wp\/v2\/posts\/57760\/revisions"}],"wp:featuredmedia":[{"embeddable":true,"href":"http:\/\/hoycordobaweb.com\/index.php\/wp-json\/wp\/v2\/media\/57761"}],"wp:attachment":[{"href":"http:\/\/hoycordobaweb.com\/index.php\/wp-json\/wp\/v2\/media?parent=57760"}],"wp:term":[{"taxonomy":"category","embeddable":true,"href":"http:\/\/hoycordobaweb.com\/index.php\/wp-json\/wp\/v2\/categories?post=57760"},{"taxonomy":"post_tag","embeddable":true,"href":"http:\/\/hoycordobaweb.com\/index.php\/wp-json\/wp\/v2\/tags?post=57760"}],"curies":[{"name":"wp","href":"https:\/\/api.w.org\/{rel}","templated":true}]}}