{"id":57758,"date":"2023-04-02T18:59:04","date_gmt":"2023-04-02T18:59:04","guid":{"rendered":"https:\/\/www.ole.com.ar\/boca-juniors\/boca-river-superclasico-futbol-femenino-juan-roman-riquelme-bombonera_0_AiXmvXZHYL.html"},"modified":"2023-04-02T18:59:04","modified_gmt":"2023-04-02T18:59:04","slug":"riquelme-presente-en-la-bombonera-y-ovacion-de-los-hinchas-de-boca","status":"publish","type":"post","link":"http:\/\/hoycordobaweb.com\/index.php\/2023\/04\/02\/riquelme-presente-en-la-bombonera-y-ovacion-de-los-hinchas-de-boca\/","title":{"rendered":"Riquelme: presente en la Bombonera y ovaci\u00f3n de los hinchas de Boca"},"content":{"rendered":"<p><img src=\"http:\/\/hoycordobaweb.com\/wp-content\/uploads\/2023\/04\/riquelme-presente-en-la-bombonera-y-ovacion-de-los-hinchas-de-boca.jpg\"><\/p>\n<div><img src=\"http:\/\/hoycordobaweb.com\/wp-content\/uploads\/2023\/04\/riquelme-presente-en-la-bombonera-y-ovacion-de-los-hinchas-de-boca.jpg\" class=\"ff-og-image-inserted\"><\/div>\n<div readability=\"9.4501718213058\">\n<p>Si hab\u00eda algo que le faltaba a este domingo perfecto de supercl\u00e1sico de F\u00fatbol Femenino en <a href=\"https:\/\/www.ole.com.ar\/tema\/la-bombonera.html\" title=\"La Bombonera\" alt=\"La Bombonera\" class=\"slug\"><strong>la Bombonera <\/strong><\/a>era la presencia nada menos que de <a href=\"https:\/\/www.ole.com.ar\/tema\/juan-roman-riquelme.html\" title=\"Juan Rom\u00e1n Riquelme\" alt=\"Juan Rom\u00e1n Riquelme\" class=\"slug\"><strong>Juan Rom\u00e1n Riquelme<\/strong><\/a>. S\u00ed, as\u00ed como lee, porque <strong>el vicepresidente de <\/strong><a href=\"https:\/\/www.ole.com.ar\/tema\/boca-juniors.html\" title=\"Boca Juniors\" alt=\"Boca Juniors\" class=\"slug\"><strong>Boca<\/strong><\/a><strong> se mostr\u00f3 en su palco bancando al equipo de Jorge Mart\u00ednez contra <\/strong><a href=\"https:\/\/www.ole.com.ar\/tema\/river-plate.html\" title=\"River Plate\" alt=\"River Plate\" class=\"slug\"><strong>River<\/strong><\/a><strong>.<\/strong><\/p>\n<\/div>\n<div readability=\"19\">\n<p>Y enseguida, apenas lo vieron en la cancha, los hinchas de Boca se volvieron locos y al toque baj\u00f3 la ovaci\u00f3n para el \u00eddolo que estuvo acompa\u00f1ado por Mauricio Serna, Ra\u00fal Cascini, Pablo Ledesma, Mat\u00edas Gim\u00e9nez y su hermano Chanchi, entre otros&#8230;<strong> \u00abRiqueeeeeeeelme, Riqueeeeeeeelme, Riqueeeeeeeelme\u00bb,<\/strong> fue el grito al un\u00edsono que se escuch\u00f3 de una Bombonera que luci\u00f3 con un gran marco para el S\u00faper pese a las lluvias.<\/p>\n<\/div>\n","protected":false},"excerpt":{"rendered":"<p>Si hab\u00eda algo que le faltaba a este domingo perfecto de supercl\u00e1sico de F\u00fatbol Femenino en la Bombonera era la presencia nada menos que de Juan Rom\u00e1n Riquelme. S\u00ed, as\u00ed como lee, porque el vicepresidente de Boca se mostr\u00f3 en su palco bancando al equipo de Jorge Mart\u00ednez contra River. Y enseguida, apenas lo vieron [&hellip;]<\/p>\n","protected":false},"author":1,"featured_media":57759,"comment_status":"open","ping_status":"closed","sticky":false,"template":"","format":"standard","meta":[],"categories":[16],"tags":[],"_links":{"self":[{"href":"http:\/\/hoycordobaweb.com\/index.php\/wp-json\/wp\/v2\/posts\/57758"}],"collection":[{"href":"http:\/\/hoycordobaweb.com\/index.php\/wp-json\/wp\/v2\/posts"}],"about":[{"href":"http:\/\/hoycordobaweb.com\/index.php\/wp-json\/wp\/v2\/types\/post"}],"author":[{"embeddable":true,"href":"http:\/\/hoycordobaweb.com\/index.php\/wp-json\/wp\/v2\/users\/1"}],"replies":[{"embeddable":true,"href":"http:\/\/hoycordobaweb.com\/index.php\/wp-json\/wp\/v2\/comments?post=57758"}],"version-history":[{"count":0,"href":"http:\/\/hoycordobaweb.com\/index.php\/wp-json\/wp\/v2\/posts\/57758\/revisions"}],"wp:featuredmedia":[{"embeddable":true,"href":"http:\/\/hoycordobaweb.com\/index.php\/wp-json\/wp\/v2\/media\/57759"}],"wp:attachment":[{"href":"http:\/\/hoycordobaweb.com\/index.php\/wp-json\/wp\/v2\/media?parent=57758"}],"wp:term":[{"taxonomy":"category","embeddable":true,"href":"http:\/\/hoycordobaweb.com\/index.php\/wp-json\/wp\/v2\/categories?post=57758"},{"taxonomy":"post_tag","embeddable":true,"href":"http:\/\/hoycordobaweb.com\/index.php\/wp-json\/wp\/v2\/tags?post=57758"}],"curies":[{"name":"wp","href":"https:\/\/api.w.org\/{rel}","templated":true}]}}