{"id":57756,"date":"2023-04-02T19:07:01","date_gmt":"2023-04-02T19:07:01","guid":{"rendered":"https:\/\/www.ole.com.ar\/autos\/agustin-canapino-indy-car-ovalo-texas_0_R38fRD4Tnf.html"},"modified":"2023-04-02T19:07:01","modified_gmt":"2023-04-02T19:07:01","slug":"titan-historico-en-indy-car-canapino-salio-12-en-su-primer-ovalo","status":"publish","type":"post","link":"http:\/\/hoycordobaweb.com\/index.php\/2023\/04\/02\/titan-historico-en-indy-car-canapino-salio-12-en-su-primer-ovalo\/","title":{"rendered":"Tit\u00e1n hist\u00f3rico en Indy Car: Canapino sali\u00f3 12\u00b0 en su primer \u00f3valo"},"content":{"rendered":"<p><img src=\"http:\/\/hoycordobaweb.com\/wp-content\/uploads\/2023\/04\/titan-historico-en-indy-car-canapino-salio-12-en-su-primer-ovalo.jpg\"><\/p>\n<p><time class=\"createDate\" datetime=\"2023-04-02T16:07:01-03:00\">02\/04\/2023 16:07hs.<\/time><time class=\"modificatedDate\" datetime=\"2023\/04\/02T16:07:01-03:00\"><\/time><\/p>\n<div id=\"storyBody\">\n<div class=\"custom-text \" readability=\"38\">\n<p><strong>Agust\u00edn Canapino no para de cruzar l\u00edmites en la Indy Car<\/strong>. Le siguen apareciendo objetivo en su camino y los supera de manera superlativa. Tras su debut en un callejero con una actuaci\u00f3n hist\u00f3rica para un argentino, el Tit\u00e1n volvi\u00f3 a dejar bien parado a la bandera nacional, puesto que finaliz\u00f3 su primera experiencia en un \u00f3valo con un 12\u00b0 puesto (hab\u00eda largado 19\u00b0). Adem\u00e1s,<strong> en el circuito de Texas finaliz\u00f3 como el mejor rookie.<\/strong><\/p>\n<\/div>\n<div class=\"sc-a7166897-0 fTvehT\" readability=\"6\">\n<section readability=\"2\"><picture><img alt=\"GP Australia de F1: el Uno x Uno de los incidentes en una carrera a puro accidente\" src=\"http:\/\/hoycordobaweb.com\/wp-content\/uploads\/2023\/04\/titan-historico-en-indy-car-canapino-salio-12-en-su-primer-ovalo-2.jpg\" width=\"29\" height=\"29\" decoding=\"async\" data-nimg=\"future\" loading=\"lazy\"><\/picture>\n<p><span>Mir\u00e1 tambi\u00e9n<\/span><\/p>\n<hr>\n<h3>GP Australia de F1: el Uno x Uno de los incidentes en una carrera a puro accidente<\/h3>\n<\/p>\n<\/section>\n<\/div>\n<div class=\"custom-text \" readability=\"43\">\n<p>A pesar de que se trat\u00f3 de una carrera bastante accidentada, Canapino siempre encontr\u00f3 una maniobra para evitar la colisi\u00f3n y, por ende, el abandono. \u00abNo, no, nunca vi algo parecido en mi vida. No vi nada parecido en mi vida. Estoy bien, me trab\u00e9 un poco\u00bb, le coment\u00f3 a su equipo por la radio, luego de haber pasado por el costado de un choque que involucr\u00f3 a varios pilotos.<\/p>\n<\/div>\n<div class=\"sc-996041c8-0 iUjELL\"><img alt=\"Excelente actuaci\u00f3n de Canapino. (Juncos Team)\" src=\"http:\/\/hoycordobaweb.com\/wp-content\/uploads\/2023\/04\/titan-historico-en-indy-car-canapino-salio-12-en-su-primer-ovalo-3.jpg\" width=\"72\" height=\"10\" decoding=\"async\" data-nimg=\"future\" loading=\"lazy\"><span>Excelente actuaci\u00f3n de Canapino. (Juncos Team)<\/span><\/div>\n<div class=\"custom-text \" readability=\"37\">\n<p>El resultado del cu\u00e1druple campe\u00f3n del Turismo Carretera es a\u00fan m\u00e1s valorable si se tiene en cuenta que los incidentes no afectaron su rendimiento. Incluso, se recuper\u00f3 -a partir de su talento- de una falla que tuvo en su auto, cuando ingres\u00f3 a los boxes en la vuelta 159 y regres\u00f3 a la pista en el 20\u00b0 puesto. Pero poco a poco fue subiendo en el clasificador y hasta lleg\u00f3 a tocar la 11a posici\u00f3n.<\/p>\n<\/div>\n<div class=\"custom-text \" readability=\"39\">\n<p>Despu\u00e9s de los 250 giros (375 millas),<strong> el oriundo de Arrecifes finaliz\u00f3 el trazado a 38 segundos del ganador, Josef Wergarden<\/strong>. Pato O&#8217;Ward y Alex Palou completaron el podio, mientras que Callum Ilott, el compa\u00f1ero de Canapino, finaliz\u00f3 en el 9\u00b0 lugar.<\/p>\n<\/div>\n<div class=\"sc-996041c8-0 iUjELL\"><img alt=\"El Tit\u00e1n pas\u00f3 su debut en un \u00f3valo. (Juncos Team)\" src=\"http:\/\/hoycordobaweb.com\/wp-content\/uploads\/2023\/04\/titan-historico-en-indy-car-canapino-salio-12-en-su-primer-ovalo-4.jpg\" width=\"72\" height=\"10\" decoding=\"async\" data-nimg=\"future\" loading=\"lazy\"><span>El Tit\u00e1n pas\u00f3 su debut en un \u00f3valo. (Juncos Team)<\/span><\/div>\n<p><h2><strong>\u00bfC\u00f3mo sigue todo su calendario en la IndyCar?<\/strong><\/h2>\n<\/p>\n<div class=\"custom-text \" readability=\"35\">\n<p>La pr\u00f3xima carrera ser\u00e1 en Long Beach, que se trata de un circuito callejero, del 14 al 16 de abril.<\/p>\n<\/div>\n<div class=\"sc-a7166897-0 fTvehT\" readability=\"6\">\n<section readability=\"2\"><picture><img alt=\"MotoGP en Argentina: Bezzecchi grit\u00f3 victoria en Termas de R\u00edo Hondo\" src=\"http:\/\/hoycordobaweb.com\/wp-content\/uploads\/2023\/04\/titan-historico-en-indy-car-canapino-salio-12-en-su-primer-ovalo-5.jpg\" width=\"29\" height=\"29\" decoding=\"async\" data-nimg=\"future\" loading=\"lazy\"><\/picture>\n<p><span>Mir\u00e1 tambi\u00e9n<\/span><\/p>\n<hr>\n<h3>MotoGP en Argentina: Bezzecchi grit\u00f3 victoria en Termas de R\u00edo Hondo<\/h3>\n<\/p>\n<\/section>\n<\/div>\n<\/div>\n","protected":false},"excerpt":{"rendered":"<p>02\/04\/2023 16:07hs. Agust\u00edn Canapino no para de cruzar l\u00edmites en la Indy Car. Le siguen apareciendo objetivo en su camino y los supera de manera superlativa. Tras su debut en un callejero con una actuaci\u00f3n hist\u00f3rica para un argentino, el Tit\u00e1n volvi\u00f3 a dejar bien parado a la bandera nacional, puesto que finaliz\u00f3 su primera [&hellip;]<\/p>\n","protected":false},"author":1,"featured_media":57757,"comment_status":"open","ping_status":"closed","sticky":false,"template":"","format":"standard","meta":[],"categories":[16],"tags":[],"_links":{"self":[{"href":"http:\/\/hoycordobaweb.com\/index.php\/wp-json\/wp\/v2\/posts\/57756"}],"collection":[{"href":"http:\/\/hoycordobaweb.com\/index.php\/wp-json\/wp\/v2\/posts"}],"about":[{"href":"http:\/\/hoycordobaweb.com\/index.php\/wp-json\/wp\/v2\/types\/post"}],"author":[{"embeddable":true,"href":"http:\/\/hoycordobaweb.com\/index.php\/wp-json\/wp\/v2\/users\/1"}],"replies":[{"embeddable":true,"href":"http:\/\/hoycordobaweb.com\/index.php\/wp-json\/wp\/v2\/comments?post=57756"}],"version-history":[{"count":0,"href":"http:\/\/hoycordobaweb.com\/index.php\/wp-json\/wp\/v2\/posts\/57756\/revisions"}],"wp:featuredmedia":[{"embeddable":true,"href":"http:\/\/hoycordobaweb.com\/index.php\/wp-json\/wp\/v2\/media\/57757"}],"wp:attachment":[{"href":"http:\/\/hoycordobaweb.com\/index.php\/wp-json\/wp\/v2\/media?parent=57756"}],"wp:term":[{"taxonomy":"category","embeddable":true,"href":"http:\/\/hoycordobaweb.com\/index.php\/wp-json\/wp\/v2\/categories?post=57756"},{"taxonomy":"post_tag","embeddable":true,"href":"http:\/\/hoycordobaweb.com\/index.php\/wp-json\/wp\/v2\/tags?post=57756"}],"curies":[{"name":"wp","href":"https:\/\/api.w.org\/{rel}","templated":true}]}}