{"id":57723,"date":"2023-04-01T21:36:00","date_gmt":"2023-04-01T21:36:00","guid":{"rendered":"http:\/\/hoycordobaweb.com\/index.php\/2023\/04\/01\/el-gobierno-informo-como-se-donan-rezagos-de-aduana-tras-dichos-del-kun-en-tiktok\/"},"modified":"2023-04-01T21:36:00","modified_gmt":"2023-04-01T21:36:00","slug":"el-gobierno-informo-como-se-donan-rezagos-de-aduana-tras-dichos-del-kun-en-tiktok","status":"publish","type":"post","link":"http:\/\/hoycordobaweb.com\/index.php\/2023\/04\/01\/el-gobierno-informo-como-se-donan-rezagos-de-aduana-tras-dichos-del-kun-en-tiktok\/","title":{"rendered":"El Gobierno inform\u00f3 c\u00f3mo se donan \u00abrezagos de aduana\u00bb tras dichos del Kun en TikTok"},"content":{"rendered":"<p><img src=\"http:\/\/hoycordobaweb.com\/wp-content\/uploads\/2023\/04\/el-gobierno-informo-como-se-donan-rezagos-de-aduana-tras-dichos-del-kun-en-tiktok.jpg\"><\/p>\n<figure class=\"mb-3\"><img loading=\"lazy\" data-src=\"http:\/\/hoycordobaweb.com\/wp-content\/uploads\/2023\/04\/el-gobierno-informo-como-se-donan-rezagos-de-aduana-tras-dichos-del-kun-en-tiktok-2.jpg\" src=\"https:\/\/www.telam.com.ar\/assets\/img\/not_image.png\" class=\" lazy \" width=\"100%\" height=\"100%\" alt=\"Foto archivo\"><figcaption> Foto: archivo. <\/figcaption><\/figure>\n<p>El subsecretario de Asuntos Pol\u00edticos de la Presidencia, Nicol\u00e1s Ritacco, asegur\u00f3 que ese \u00e1rea del Ejecutivo lleva adelante las donaciones de los \u00abrezagos de aduana\u00bb que se confiscan al constatar irregularidades en la importaci\u00f3n y cuestion\u00f3 los mensajes que circulan \u00aba la ligera\u00bb sobre esta tarea, al tiempo que objet\u00f3 que \u00abse insulte y se acuse a los trabajadores que hacen un buen trabajo en el Estado\u00bb.<\/p>\n<p>En un comunicado, Ritacco sali\u00f3 al cruce as\u00ed de una declaraci\u00f3n que el exfutbolista Sergio &#8216;Kun&#8217; Ag\u00fcero hizo circular a trav\u00e9s de la red social TikTok, donde se pregunt\u00f3 qu\u00e9 hacen los trabajadores de la Aduana \u00abcon todas las cosas que tienen all\u00ed\u00bb, en referencia a la mercader\u00eda que se incauta por incumplir con el pago de la tasa aduanera o por no tener permiso de comercializaci\u00f3n o importaci\u00f3n.<\/p>\n<p><strong>\u00abMe gustar\u00eda que no se transmita tan a la ligera un mensaje en contra de la industria nacional y el trabajo de los argentinos, con la importancia que el sector textil tiene en provincias como La Rioja o Catamarca, y sobre todas las cosas es p\u00e9simo que se insulte y se acuse a los trabajadores de la Aduana, que hacen un buen trabajo en el Estado, al plantear que se quedan con las cosas que se incautan\u00bb<\/strong>, replic\u00f3 el funcionario.<\/p>\n<p>Ritacco, de todas formas, remarc\u00f3 que \u00e9l, \u00abcomo joven de 29 a\u00f1os\u00bb, considera al hist\u00f3rico jugador de la Selecci\u00f3n, a quien mencion\u00f3 por su popular apodo, \u00abun \u00eddolo\u00bb con \u00abrelevancia internacional\u00bb y que era consciente \u00abde lo que representa para todos los argentinos\u00bb.<\/p>\n<p>Luego, para explicar en detalle qu\u00e9 es un \u00abrezago de aduana\u00bb, record\u00f3 que \u00abes todo lo que se confisca intentando ingresar al pa\u00eds y que queda en un dep\u00f3sito porque no paga la tasa aduanera, o porque no tiene permiso de comercializaci\u00f3n ni de importaci\u00f3n, o porque se intenta hacerlo ingresar escondido en un cami\u00f3n\u00bb.<\/p>\n<p>En ese punto, <strong>record\u00f3 que en el a\u00f1o 2018, durante la gesti\u00f3n de Mauricio Macri, \u00abla vacunas que se dejaron vencer en un dep\u00f3sito\u00bb eran \u00abrezagos de aduana\u00bb, y agreg\u00f3 que tambi\u00e9n lo eran las \u00abzapatillas, pelotas, juguetes, material odontol\u00f3gico y hasta tres autobombas (de Bomberos) que se hab\u00edan abandonado en los dep\u00f3sitos\u00bb y que la gesti\u00f3n del Frente de Todos encontr\u00f3 al asumir en diciembre de 2019<\/strong>.<\/p>\n<p>Esa mercader\u00edas y esos dispositivos, sigui\u00f3 Ritacco, \u00abse los acercamos a la poblaci\u00f3n\u00bb en iniciativas que se llevaron a cabo \u00aben conjunto con municipios, provincias y ONGs como C\u00e1ritas\u00bb.<\/p>\n<p>\u00abPor ejemplo -continu\u00f3-, los autobombas hab\u00edan sido abandonados porque ten\u00edan problemas con el permiso de importaci\u00f3n. Esto estaba desde el a\u00f1o 2017 sin pagar la tasa en los dep\u00f3sitos, acumulando deuda durante a\u00f1os, herrumbr\u00e1ndose sin uso, cuando en verdad hab\u00edan intentado ser adquiridos por los bomberos voluntarios de Berazategui y Merlo\u00bb, repas\u00f3.<\/p>\n<p>Y a\u00f1adi\u00f3: \u00abNosotros, con todos los trabajadores de la Aduana, regularizamos esa situaci\u00f3n y los entregamos para que puedan ponerlos en uso de la poblaci\u00f3n. Toda esa desidia que hab\u00eda en el Gobierno anterior (por la administraci\u00f3n de Cambiemos) se modific\u00f3 achicando los tiempos en que estos bienes pueden llegar a la gente\u00bb.<\/p>\n<p>Por \u00faltimo, a modo de balance de la acci\u00f3n de 2023, Ritacco sostuvo que hasta la primera quincena de marzo la Subsecretar\u00eda de Asuntos Pol\u00edticos gestion\u00f3 \u00ab73 disposiciones recibidas\u00bb que fueron cedidas a distintas \u00e1reas del Estado nacional, provincial y local \u00abpor un valor de 321.787.813 pesos m\u00e1s 1.180.718 d\u00f3lares\u00bb, de los cuales \u00abel 48% fueron otorgados a municipios, el 36% a las provincias y el 16% a la Naci\u00f3n\u00bb, inform\u00f3.<\/p>\n<p><strong>\u00abToda esta tarea se realiza en forma coordinada con la Direcci\u00f3n General de Aduanas\u00bb<\/strong>, complet\u00f3. <\/p>\n","protected":false},"excerpt":{"rendered":"<p>Foto: archivo. El subsecretario de Asuntos Pol\u00edticos de la Presidencia, Nicol\u00e1s Ritacco, asegur\u00f3 que ese \u00e1rea del Ejecutivo lleva adelante las donaciones de los \u00abrezagos de aduana\u00bb que se confiscan al constatar irregularidades en la importaci\u00f3n y cuestion\u00f3 los mensajes que circulan \u00aba la ligera\u00bb sobre esta tarea, al tiempo que objet\u00f3 que \u00abse insulte [&hellip;]<\/p>\n","protected":false},"author":1,"featured_media":57724,"comment_status":"open","ping_status":"closed","sticky":false,"template":"","format":"standard","meta":[],"categories":[19],"tags":[],"_links":{"self":[{"href":"http:\/\/hoycordobaweb.com\/index.php\/wp-json\/wp\/v2\/posts\/57723"}],"collection":[{"href":"http:\/\/hoycordobaweb.com\/index.php\/wp-json\/wp\/v2\/posts"}],"about":[{"href":"http:\/\/hoycordobaweb.com\/index.php\/wp-json\/wp\/v2\/types\/post"}],"author":[{"embeddable":true,"href":"http:\/\/hoycordobaweb.com\/index.php\/wp-json\/wp\/v2\/users\/1"}],"replies":[{"embeddable":true,"href":"http:\/\/hoycordobaweb.com\/index.php\/wp-json\/wp\/v2\/comments?post=57723"}],"version-history":[{"count":0,"href":"http:\/\/hoycordobaweb.com\/index.php\/wp-json\/wp\/v2\/posts\/57723\/revisions"}],"wp:featuredmedia":[{"embeddable":true,"href":"http:\/\/hoycordobaweb.com\/index.php\/wp-json\/wp\/v2\/media\/57724"}],"wp:attachment":[{"href":"http:\/\/hoycordobaweb.com\/index.php\/wp-json\/wp\/v2\/media?parent=57723"}],"wp:term":[{"taxonomy":"category","embeddable":true,"href":"http:\/\/hoycordobaweb.com\/index.php\/wp-json\/wp\/v2\/categories?post=57723"},{"taxonomy":"post_tag","embeddable":true,"href":"http:\/\/hoycordobaweb.com\/index.php\/wp-json\/wp\/v2\/tags?post=57723"}],"curies":[{"name":"wp","href":"https:\/\/api.w.org\/{rel}","templated":true}]}}