{"id":57691,"date":"2023-04-01T14:06:07","date_gmt":"2023-04-01T14:06:07","guid":{"rendered":"https:\/\/ladecimaweb.com\/?p=16358"},"modified":"2023-04-01T23:13:17","modified_gmt":"2023-04-01T23:13:17","slug":"crimen-de-blas-fuertes-condenas-para-un-caso-de-violencia-institucional","status":"publish","type":"post","link":"http:\/\/hoycordobaweb.com\/index.php\/2023\/04\/01\/crimen-de-blas-fuertes-condenas-para-un-caso-de-violencia-institucional\/","title":{"rendered":"Crimen de Blas: fuertes condenas para un caso de violencia institucional"},"content":{"rendered":"<div class=\"boldgrid-section\">\n<div class=\"container\">\n<div class=\"row\">\n<div class=\"col-md-12 col-xs-12 col-sm-12\">\n<p class=\"\"><span><strong>\u201cPara que nunca m\u00e1s se repita lo acreditado en el presente proceso\u201d,<\/strong> resaltaron los jueces de la C\u00e1mara 8va del Crimen al leer el fallo con<\/span> la pena de prisi\u00f3n perpetua a los cabos Lucas G\u00f3mez y Javier Alarc\u00f3n por el asesinato de Valentino Blas Correas en agosto de 2020, en un caso de gatillo f\u00e1cil.&nbsp;<\/p>\n<p class=\"\"><span>Los excabos 1\u00b0 G\u00f3mez y Alarc\u00f3n son los autores de los disparos al Fiat Argo por el homicidio calificado de Blas y por la tentativa de asesinato de sus cuatro amigos que salvaron providencialmente sus vidas.<\/span><\/p>\n<p class=\"\"><strong>Fue un fallo ejemplar porque dej\u00f3 satisfecho a los querellantes y sent\u00f3 un precedente en la justicia ante c\u00f3mo se debe proceder penalmente frente a casos de violencia institucional o de gatillo f\u00e1cil. Adem\u00e1s, fue un juicio in\u00e9dito por la cantidad de uniformados sentados en el banquillo de los acusados.&nbsp;<\/strong><\/p>\n<p class=\"\">En el banquillo estuvieron trece polic\u00edas, nueve de los cuales recibieron distintas penas y dos fueron absueltos.&nbsp;<\/p>\n<p class=\"\">La mayor\u00eda de los efectivos fueron condenados por participar en <strong>maniobras de encubrimiento para culpar a la v\u00edctima (plantaron un arma en la escena del crimen) y enga\u00f1ar as\u00ed a la justicia<\/strong>. Estos recibieron en su mayor\u00eda penas de hasta cuatro a\u00f1os de prisi\u00f3n por el accionar delictivo pese a tratarse de uniformados.<\/p>\n<p class=\"\">La agente Wanda Micaela Esquivel recibi\u00f3 tres a\u00f1os y 10 meses de prisi\u00f3n; la oficial Florencia Mart\u00ednez recibi\u00f3 cuatro a\u00f1os y tres meses de c\u00e1rcel; el subcomisario Sergio Gonz\u00e1lez recibi\u00f3 cuatro a\u00f1os y 10 meses de encierro; el comisario inspector Walter Soria recibi\u00f3 cuatro a\u00f1os y nueve&nbsp; meses de prisi\u00f3n; el comisario Jorge Galleguillo recibi\u00f3 cuatro a\u00f1os y ocho meses de condena; el subcomisario Enzo Quiroga recibi\u00f3 cuatro a\u00f1os y ocho meses de prisi\u00f3n; el oficial Ezequiel V\u00e9lez recibi\u00f3 dos a\u00f1os y medio de c\u00e1rcel condicional; el cabo Leandro Quevedo recibi\u00f3 cuatro a\u00f1os de condena; el comisario inspector Juan Gatica recibi\u00f3 cuatro a\u00f1os de condena; y el cabo Leonardo Mart\u00ednez y el agente Rodrigo Tolosa, resultaron absueltos.&nbsp;<\/p>\n<p class=\"\">Blas muri\u00f3 el 6 de agosto del 2020 cuando circulaba en auto con cuatro amigos y siguieron de largo un control policial apostado en las afueras del complejo Pablo Pizzurno, por avenida V\u00e9lez Sarsfield. Los excabos G\u00f3mez y Alarc\u00f3n dispararon sin m\u00e1s contra el auto, resultando malherido Blas que viajaba en el medio del asiento trasero.,&nbsp;<\/p>\n<p class=\"\"><strong>Un gran paso<\/strong><\/p>\n<p class=\"\">Soledad Laciar -madre de la v\u00edctima- se expres\u00f3 en una conferencia de prensa tras el hist\u00f3rico fallo que conden\u00f3 este viernes a dos polic\u00edas a prisi\u00f3n perpetua por el asesinato de su hijo Valentino Blas Correas en agosto de 2020.<\/p>\n<p class=\"\">\u201c<strong>Creo que dimos un gran paso<\/strong>. No es para festejar, pero si es un gran paso, porque por primera vez puedo decir que lo que vengo diciendo hace mas de dos a\u00f1os y medio, era verdad\u201d, sostuvo emocionada.<\/p>\n<p class=\"\">\u201c<strong>Ac\u00e1 no eran 13 polic\u00edas y nada m\u00e1s, ac\u00e1 hab\u00eda una falencia en la seguridad y la pol\u00edtica tiene que hacerse cargo.<\/strong> Hoy la sentencia fue mucho m\u00e1s all\u00e1 de lo que yo esperaba\u201d, complet\u00f3.<\/p>\n<p class=\"\">&nbsp;<\/p>\n<p class=\"\">\n<div class=\"ubm_banner\"><a href=\"https:\/\/www.cba.gov.ar\" target=\"_blank\" rel=\"dofollow noopener noreferrer\"><img src=\"http:\/\/hoycordobaweb.com\/wp-content\/uploads\/2023\/04\/crimen-de-blas-fuertes-condenas-para-un-caso-de-violencia-institucional.gif\" alt=\"\"><\/a><\/div>\n<p>&nbsp;<\/p>\n<\/div>\n<\/div>\n<\/div>\n<\/div>\n<p>La entrada <a rel=\"nofollow\" href=\"https:\/\/ladecimaweb.com\/crimen-de-blas-fuertes-condenas-para-un-caso-de-violencia-institucional\/\">Crimen de Blas: fuertes condenas para un caso de violencia institucional<\/a> se public\u00f3 primero en <a rel=\"nofollow\" href=\"https:\/\/ladecimaweb.com\">LaDecima<\/a>.<\/p>\n","protected":false},"excerpt":{"rendered":"<p>\u201cPara que nunca m\u00e1s se repita lo acreditado en el presente proceso\u201d, resaltaron los jueces de la C\u00e1mara 8va del Crimen al leer el fallo con la pena de prisi\u00f3n perpetua a los cabos Lucas G\u00f3mez y Javier Alarc\u00f3n por el asesinato de Valentino Blas Correas en agosto de 2020, en un caso de gatillo [&hellip;]<\/p>\n","protected":false},"author":1,"featured_media":57671,"comment_status":"closed","ping_status":"closed","sticky":false,"template":"","format":"standard","meta":[],"categories":[19],"tags":[],"_links":{"self":[{"href":"http:\/\/hoycordobaweb.com\/index.php\/wp-json\/wp\/v2\/posts\/57691"}],"collection":[{"href":"http:\/\/hoycordobaweb.com\/index.php\/wp-json\/wp\/v2\/posts"}],"about":[{"href":"http:\/\/hoycordobaweb.com\/index.php\/wp-json\/wp\/v2\/types\/post"}],"author":[{"embeddable":true,"href":"http:\/\/hoycordobaweb.com\/index.php\/wp-json\/wp\/v2\/users\/1"}],"replies":[{"embeddable":true,"href":"http:\/\/hoycordobaweb.com\/index.php\/wp-json\/wp\/v2\/comments?post=57691"}],"version-history":[{"count":1,"href":"http:\/\/hoycordobaweb.com\/index.php\/wp-json\/wp\/v2\/posts\/57691\/revisions"}],"predecessor-version":[{"id":57726,"href":"http:\/\/hoycordobaweb.com\/index.php\/wp-json\/wp\/v2\/posts\/57691\/revisions\/57726"}],"wp:featuredmedia":[{"embeddable":true,"href":"http:\/\/hoycordobaweb.com\/index.php\/wp-json\/wp\/v2\/media\/57671"}],"wp:attachment":[{"href":"http:\/\/hoycordobaweb.com\/index.php\/wp-json\/wp\/v2\/media?parent=57691"}],"wp:term":[{"taxonomy":"category","embeddable":true,"href":"http:\/\/hoycordobaweb.com\/index.php\/wp-json\/wp\/v2\/categories?post=57691"},{"taxonomy":"post_tag","embeddable":true,"href":"http:\/\/hoycordobaweb.com\/index.php\/wp-json\/wp\/v2\/tags?post=57691"}],"curies":[{"name":"wp","href":"https:\/\/api.w.org\/{rel}","templated":true}]}}