{"id":57672,"date":"2023-03-31T21:54:00","date_gmt":"2023-03-31T21:54:00","guid":{"rendered":"http:\/\/hoycordobaweb.com\/index.php\/2023\/03\/31\/jey-mammon-estoy-en-shock-paralizado-tomo-clonazepam-todo-el-tiempo\/"},"modified":"2023-03-31T21:54:00","modified_gmt":"2023-03-31T21:54:00","slug":"jey-mammon-estoy-en-shock-paralizado-tomo-clonazepam-todo-el-tiempo","status":"publish","type":"post","link":"http:\/\/hoycordobaweb.com\/index.php\/2023\/03\/31\/jey-mammon-estoy-en-shock-paralizado-tomo-clonazepam-todo-el-tiempo\/","title":{"rendered":"Jey Mammon: \u00abEstoy en shock, paralizado; tomo clonazepam todo el tiempo\u00bb"},"content":{"rendered":"<p><img src=\"http:\/\/hoycordobaweb.com\/wp-content\/uploads\/2023\/03\/jey-mammon-estoy-en-shock-paralizado-tomo-clonazepam-todo-el-tiempo.jpg\"><\/p>\n<figure class=\"mb-3\"><img loading=\"lazy\" data-src=\"http:\/\/hoycordobaweb.com\/wp-content\/uploads\/2023\/03\/jey-mammon-estoy-en-shock-paralizado-tomo-clonazepam-todo-el-tiempo-2.jpg\" src=\"https:\/\/www.telam.com.ar\/assets\/img\/not_image.png\" class=\" lazy \" width=\"100%\" height=\"100%\" alt=\"En una entrevista que le realiz Jorge Rial Mammon dijo estr contenido por familiares y amigos Foto Archivo\"><figcaption> En una entrevista que le realiz\u00f3 Jorge Rial, Mammon dijo est\u00e1r contenido por familiares y amigos \/ Foto: Archivo. <\/figcaption><\/figure>\n<p>El presentador y cantante Jey Mammon dijo estar en estado de \u00abshock\u00bb, contenido por sus familiares y amigos, y asegur\u00f3 que toma \u00abclonazepam todo el tiempo\u00bb, <strong>tras la denuncia p\u00fablica de abuso realizada en su contra<\/strong> por Lucas Benvenuto, con quien dijo haber mantenido una relaci\u00f3n consentida.<\/p>\n<p>\u00abNo s\u00e9 qu\u00e9 va a pasar en mi vida, pero s\u00ed s\u00e9 algo y es que estoy siendo el mismo que fui siempre. Soy esto, el que quiere, que me acompa\u00f1e y, si no, que se quede en el camino\u00bb, expresa Mammon en una entrevista que ser\u00e1 emitida este&nbsp;viernes en la se\u00f1al C5N.<\/p>\n<blockquote class><p>\u00abLe deseo de coraz\u00f3n&nbsp;que pueda sanar su alma\u00bb<cite class=\"author\">Jey Mammon<\/cite><\/p><\/blockquote>\n<p>&nbsp;<\/p>\n<p>En el tramo de la nota Mammon afirm\u00f3: \u00abQuiero contar c\u00f3mo estoy porque <strong>hace una semana no digo nada<\/strong>. Estoy en shock, paralizado y tomo clonazepam todo el tiempo\u00bb.<\/p>\n<p>Consultado por Jorge Rial sobre qu\u00e9 le gustar\u00eda decirle a Benvenuto, quien lo acusa de haber abusado de \u00e9l cuando ten\u00eda 14 a\u00f1os, el conductor que hasta hace dos semanas estaba al frente de \u00abLa pe\u00f1a de morfi\u00bb respondi\u00f3: \u00abLe deseo de coraz\u00f3n <strong>que pueda sanar su alma <\/strong>y que, si dentro de lo que \u00e9l siente, de lo cual yo no comparto, que yo puedo ser parte de su da\u00f1o, lo abrazo\u00bb.<\/p>\n<p>Tras varios d\u00edas de silencio, el presentador y cantante asegur\u00f3 el mi\u00e9rcoles, en un video que public\u00f3 en sus redes sociales, en el que por momentos aparece con la voz quebrada, <strong>haber tenido una relaci\u00f3n consentida con su denunciante Lucas Benvenuto <\/strong>durante varios a\u00f1os, pero neg\u00f3 haber abusado de \u00e9l, lo cual fue posteriormente rechazado por el abogado de este, quien se\u00f1al\u00f3 que el caso tiene \u00abuna sola v\u00edctima\u00bb.<\/p>\n<p>\u00abYo no viol\u00e9, yo no abus\u00e9, yo no drogu\u00e9 a ninguna persona jam\u00e1s, <strong>nunca en mi vida, ni lo hice, ni lo har\u00eda, ni lo voy a hacer<\/strong>. Lo niego rotundamente\u00bb, dijo Mammon en la grabaci\u00f3n, a modo de descargo.<\/p>\n<p>Mammon tambi\u00e9n asegur\u00f3: \u00abLo que necesito hacer desde el primer d\u00eda es loque estoy hgaciendo ahora, es esto lo que necesito hacer, es gritar a los cuatro vientos la verdad\u00bb.<\/p>\n<p>\u00abLucas fue para m\u00ed un v\u00ednculo amoroso hermoso, no una relaci\u00f3n. hoy representa otra cosa\u00bb, agreg\u00f3.<\/p>\n<p>\u00abYo no soy parte de esa historia que lo hizo pedazos, primero porque lo que \u00e9l cuenta, me cuesta decir que \u00e9l es un mentiroso, pero es una persona que no est\u00e1 parada en el mismom lugar que estamos parados nosotros. Yo viv\u00ed una relaci\u00f3n que dur\u00f3 hasta que \u00e9l tuvo 25 a\u00f1os. Yo en este tel\u00e9fono guardo todo, tengo toda mi historia con \u00e9l de amor, incluido el \u00faltimo mensaje que me manda que dice: &#8216;\u00bfNo me vbas a contestar m\u00e1s los mensajes?'\u00bb, le coment\u00f3 a Rial.<\/p>\n","protected":false},"excerpt":{"rendered":"<p>En una entrevista que le realiz\u00f3 Jorge Rial, Mammon dijo est\u00e1r contenido por familiares y amigos \/ Foto: Archivo. El presentador y cantante Jey Mammon dijo estar en estado de \u00abshock\u00bb, contenido por sus familiares y amigos, y asegur\u00f3 que toma \u00abclonazepam todo el tiempo\u00bb, tras la denuncia p\u00fablica de abuso realizada en su contra [&hellip;]<\/p>\n","protected":false},"author":1,"featured_media":57673,"comment_status":"open","ping_status":"closed","sticky":false,"template":"","format":"standard","meta":[],"categories":[19],"tags":[],"_links":{"self":[{"href":"http:\/\/hoycordobaweb.com\/index.php\/wp-json\/wp\/v2\/posts\/57672"}],"collection":[{"href":"http:\/\/hoycordobaweb.com\/index.php\/wp-json\/wp\/v2\/posts"}],"about":[{"href":"http:\/\/hoycordobaweb.com\/index.php\/wp-json\/wp\/v2\/types\/post"}],"author":[{"embeddable":true,"href":"http:\/\/hoycordobaweb.com\/index.php\/wp-json\/wp\/v2\/users\/1"}],"replies":[{"embeddable":true,"href":"http:\/\/hoycordobaweb.com\/index.php\/wp-json\/wp\/v2\/comments?post=57672"}],"version-history":[{"count":0,"href":"http:\/\/hoycordobaweb.com\/index.php\/wp-json\/wp\/v2\/posts\/57672\/revisions"}],"wp:featuredmedia":[{"embeddable":true,"href":"http:\/\/hoycordobaweb.com\/index.php\/wp-json\/wp\/v2\/media\/57673"}],"wp:attachment":[{"href":"http:\/\/hoycordobaweb.com\/index.php\/wp-json\/wp\/v2\/media?parent=57672"}],"wp:term":[{"taxonomy":"category","embeddable":true,"href":"http:\/\/hoycordobaweb.com\/index.php\/wp-json\/wp\/v2\/categories?post=57672"},{"taxonomy":"post_tag","embeddable":true,"href":"http:\/\/hoycordobaweb.com\/index.php\/wp-json\/wp\/v2\/tags?post=57672"}],"curies":[{"name":"wp","href":"https:\/\/api.w.org\/{rel}","templated":true}]}}