{"id":57662,"date":"2023-03-31T11:05:10","date_gmt":"2023-03-31T11:05:10","guid":{"rendered":"https:\/\/www.mujerhoy.com\/moda\/no-te-pierdas\/cardigans-comodos-favorecedores-favoritos-francesas-look-diario-primavera-20230331081741-nt.html"},"modified":"2023-03-31T11:05:10","modified_gmt":"2023-03-31T11:05:10","slug":"te-vas-a-enamorar-de-los-cardigans-favoritos-de-las-francesas-para-ir-comoda-y-favorecida-a-diario-en-primavera","status":"publish","type":"post","link":"http:\/\/hoycordobaweb.com\/index.php\/2023\/03\/31\/te-vas-a-enamorar-de-los-cardigans-favoritos-de-las-francesas-para-ir-comoda-y-favorecida-a-diario-en-primavera\/","title":{"rendered":"Te vas a enamorar de los c\u00e1rdigans favoritos de las francesas para ir c\u00f3moda y favorecida a diario en primavera"},"content":{"rendered":"<p><!-- AUTHOR --><\/p>\n<div class=\"voc-author-timesocial \"><!-- AUTHOR --><\/p>\n<div class=\"voc-author-timesocial__signature\"><!-- IMAGE AUTHOR --><picture class=\"voc-image-signature\"><img class=\"voc-image-signature__img\" src=\"http:\/\/hoycordobaweb.com\/wp-content\/uploads\/2023\/03\/te-vas-a-enamorar-de-los-cardigans-favoritos-de-las-francesas-para-ir-comoda-y-favorecida-a-diario-en-primavera.jpg\" alt=\"Elena Olivero\"><\/picture><!-- INFO AUTHOR --><\/div>\n<\/div>\n<p><!-- COMPONENTS --><\/p>\n<p class=\"voc-paragraph\">Las <strong>francesas<\/strong> dan muestra constantemente de que son las mujeres mejor vestidas del mundo, pero su estilo no guarda secretos o artificios. Solo est\u00e1n al margen de las <a data-voc-vtm-id=\"in-text-traffic\" href=\"https:\/\/www.mujerhoy.com\/moda\/no-te-pierdas\/prendas-basicas-tendencia-elegantes-primavera-massimo-dutti-20230318132434-ga.html\">tendencias<\/a> y permanecen fieles a los <a data-voc-vtm-id=\"in-text-traffic\" href=\"https:\/\/www.mujerhoy.com\/moda\/no-te-pierdas\/camisetas-rayas-favoritas-francesas-basicos-elegantes-zara-mango-massimo-dutti-20230326133623-ga.html\">esenciales de su armario<\/a>, manteniendo la simplicidad como premisa de su buen gusto. Mezclan lo masculino con lo <a data-voc-vtm-id=\"in-text-traffic\" href=\"https:\/\/www.mujerhoy.com\/moda\/no-te-pierdas\/vestidos-favorecedores-femeninos-rejuvenecen-look-favoritos-francesas-20230306073716-nt.html\">femenino<\/a>, lo retro con lo moderno y lo arreglado e informal para dar con los outfits m\u00e1s chic. Pero, en realidad, muchas de sus prendas favoritas guardan un toque rom\u00e1ntico y retro.\n<\/p>\n<p class=\"voc-paragraph\">Esto es un truco ideal y bien f\u00e1cil para vernos rejuvenecidas y mucho m\u00e1s favorecidas, sin tener que quebrarnos la cabeza. En especial, suelen apostar por blusas o vestidos para abanderar ese romanticismo. Pero, lo que de verdad les resulta pr\u00e1ctico, ponible y no paran de ponerse a diario, sobre todo en primavera, es una <strong>chaqueta de punto<\/strong> que sienta de maravilla y las hace sentirse comod\u00edsimas, como estas de la marca francesa m\u00e1s viral de las redes.\n<\/p>\n<div class=\"voc-detail-photo-zoom\"><picture data-toggle=\"modal\" data-target=\"#photoZoomModal-203\" target=\"modal\">\n<div class=\"voc-img-icon-link\"><img loading=\"lazy\" data-original=\"\/\/static2.mujerhoy.com\/www\/multimedia\/202303\/31\/media\/cortadas\/cardigan-francesas-1-flores-kPpB--460x637@MujerHoy.jpg\" class=\"lazy\" alt=\"C\u00e1rdigan con bordado de flores\"><noscript><img src=\"http:\/\/hoycordobaweb.com\/wp-content\/uploads\/2023\/03\/te-vas-a-enamorar-de-los-cardigans-favoritos-de-las-francesas-para-ir-comoda-y-favorecida-a-diario-en-primavera-1.jpg\" alt=\"C\u00e1rdigan con bordado de flores\"><\/noscript><i class=\"voc-icons zoom voc-multimedia-box voc-ico-l\"><\/i><\/div><figcaption class=\"figure-caption\">C\u00e1rdigan con bordado de flores<\/figcaption><\/picture><\/div>\n<div id=\"photoZoomModal-203\" class=\"voc-lightbox modal fade voc-lightbox--photo-zoom\" role=\"dialog\" data-voc-photozoom-lightbox>\n<div class=\"voc-lightbox__dialog\" role=\"document\">\n<div class=\"voc-lightbox__content\"><!-- Modal header --><!-- Modal content --><\/p>\n<div class=\"voc-lightbox__photo-container\"><picture class><img loading=\"lazy\" data-original=\"\/\/static2.mujerhoy.com\/www\/multimedia\/202303\/31\/media\/cortadas\/cardigan-francesas-1-flores-kPpB--460x637@MujerHoy.jpg\" alt=\"C\u00e1rdigan con bordado de flores\" class=\"lazy\"><noscript><img src=\"http:\/\/hoycordobaweb.com\/wp-content\/uploads\/2023\/03\/te-vas-a-enamorar-de-los-cardigans-favoritos-de-las-francesas-para-ir-comoda-y-favorecida-a-diario-en-primavera-1.jpg\" alt=\"C\u00e1rdigan con bordado de flores\"><\/noscript><\/picture><\/div>\n<\/div>\n<\/div>\n<\/div>\n<p class=\"voc-paragraph\">La marca <strong>S\u00e9zane<\/strong> no es solo una de las favoritas de las francesas por sus b\u00e1sicos atemporales de calidad, tambi\u00e9n se ha convertido en una de las tiendas de cabecera para todas las influencers de Instagram. Por eso, vestir con su colecci\u00f3n es un acierto seguro y lo corrobora esta femenina y primavera <strong>chaqueta en tejido de punto canal\u00e9 color crudo<\/strong>. Tiene mangas cortas. Los acabados son festoneados. El cuello es redondo. Cuenta con cierre delantero de botones y est\u00e1 adornada con bordados de flores. Cuesta 95 euros, de la XXS a la XXXL.\n<\/p>\n<div class=\"voc-detail-photo-zoom\"><picture data-toggle=\"modal\" data-target=\"#photoZoomModal-806\" target=\"modal\">\n<div class=\"voc-img-icon-link\"><img loading=\"lazy\" data-original=\"\/\/static.mujerhoy.com\/www\/multimedia\/202303\/31\/media\/cortadas\/cardigan-francesas-2-punto-fantasia-kPpB--460x637@MujerHoy.jpg\" class=\"lazy\" alt=\"Chaqueta en tejido de punto fantas\u00eda\"><noscript><img src=\"http:\/\/hoycordobaweb.com\/wp-content\/uploads\/2023\/03\/te-vas-a-enamorar-de-los-cardigans-favoritos-de-las-francesas-para-ir-comoda-y-favorecida-a-diario-en-primavera-2.jpg\" alt=\"Chaqueta en tejido de punto fantas\u00eda\"><\/noscript><i class=\"voc-icons zoom voc-multimedia-box voc-ico-l\"><\/i><\/div><figcaption class=\"figure-caption\">Chaqueta en tejido de punto fantas\u00eda<\/figcaption><\/picture><\/div>\n<div id=\"photoZoomModal-806\" class=\"voc-lightbox modal fade voc-lightbox--photo-zoom\" role=\"dialog\" data-voc-photozoom-lightbox>\n<div class=\"voc-lightbox__dialog\" role=\"document\">\n<div class=\"voc-lightbox__content\"><!-- Modal header --><!-- Modal content --><\/p>\n<div class=\"voc-lightbox__photo-container\"><picture class><img loading=\"lazy\" data-original=\"\/\/static.mujerhoy.com\/www\/multimedia\/202303\/31\/media\/cortadas\/cardigan-francesas-2-punto-fantasia-kPpB--460x637@MujerHoy.jpg\" alt=\"Chaqueta en tejido de punto fantas\u00eda\" class=\"lazy\"><noscript><img src=\"http:\/\/hoycordobaweb.com\/wp-content\/uploads\/2023\/03\/te-vas-a-enamorar-de-los-cardigans-favoritos-de-las-francesas-para-ir-comoda-y-favorecida-a-diario-en-primavera-2.jpg\" alt=\"Chaqueta en tejido de punto fantas\u00eda\"><\/noscript><\/picture><\/div>\n<\/div>\n<\/div>\n<\/div>\n<p class=\"voc-paragraph\">Seguimos con el romanticismo en este <strong>c\u00e1rdigan en tejido de punto fantas\u00eda<\/strong>, tono crema. Los acabados son festoneados. Tiene mangas largas abullonadas terminadas en pu\u00f1o ancho y estrecho. El escote es de pico. Y, cuenta con cierre frontal de botones. La encontrar\u00e1s a 95 euros, entre la XXS y la XXXL.\n<\/p>\n<div class=\"voc-detail-photo-zoom\"><picture data-toggle=\"modal\" data-target=\"#photoZoomModal-726\" target=\"modal\">\n<div class=\"voc-img-icon-link\"><img loading=\"lazy\" data-original=\"\/\/static2.mujerhoy.com\/www\/multimedia\/202303\/31\/media\/cortadas\/cardigan-francesas-3-perlas-kPpB--460x637@MujerHoy.jpg\" class=\"lazy\" alt=\"C\u00e1rdigan en tejido de punto suave\"><noscript><img src=\"http:\/\/hoycordobaweb.com\/wp-content\/uploads\/2023\/03\/te-vas-a-enamorar-de-los-cardigans-favoritos-de-las-francesas-para-ir-comoda-y-favorecida-a-diario-en-primavera-3.jpg\" alt=\"C\u00e1rdigan en tejido de punto suave\"><\/noscript><i class=\"voc-icons zoom voc-multimedia-box voc-ico-l\"><\/i><\/div><figcaption class=\"figure-caption\">C\u00e1rdigan en tejido de punto suave<\/figcaption><\/picture><\/div>\n<div id=\"photoZoomModal-726\" class=\"voc-lightbox modal fade voc-lightbox--photo-zoom\" role=\"dialog\" data-voc-photozoom-lightbox>\n<div class=\"voc-lightbox__dialog\" role=\"document\">\n<div class=\"voc-lightbox__content\"><!-- Modal header --><!-- Modal content --><\/p>\n<div class=\"voc-lightbox__photo-container\"><picture class><img loading=\"lazy\" data-original=\"\/\/static2.mujerhoy.com\/www\/multimedia\/202303\/31\/media\/cortadas\/cardigan-francesas-3-perlas-kPpB--460x637@MujerHoy.jpg\" alt=\"C\u00e1rdigan en tejido de punto suave\" class=\"lazy\"><noscript><img src=\"http:\/\/hoycordobaweb.com\/wp-content\/uploads\/2023\/03\/te-vas-a-enamorar-de-los-cardigans-favoritos-de-las-francesas-para-ir-comoda-y-favorecida-a-diario-en-primavera-3.jpg\" alt=\"C\u00e1rdigan en tejido de punto suave\"><\/noscript><\/picture><\/div>\n<\/div>\n<\/div>\n<\/div>\n<p class=\"voc-paragraph\">Delicadeza y elegancia rebosar\u00e1 tu look siempre que lleves este comod\u00edsimo c\u00e1rdigan en tejido de punto efecto soft tejido a rayas, tono crudo. El cuello es redondo. Las mangas son largas y abullonadas. Adem\u00e1s, cuenta con cierre de botones perla en el delantero. Est\u00e1 disponible en cuatro colores m\u00e1s, a 110 euros, de la XXS a la XXXL.\n<\/p>\n<div class=\"voc-detail-photo-zoom\"><picture data-toggle=\"modal\" data-target=\"#photoZoomModal-502\" target=\"modal\">\n<div class=\"voc-img-icon-link\"><img loading=\"lazy\" data-original=\"\/\/static1.mujerhoy.com\/www\/multimedia\/202303\/31\/media\/cortadas\/cardigan-francesas-4-rosa-kPpB--460x637@MujerHoy.jpg\" class=\"lazy\" alt=\"Chaqueta de punto en rosa pastel\"><noscript><img src=\"http:\/\/hoycordobaweb.com\/wp-content\/uploads\/2023\/03\/te-vas-a-enamorar-de-los-cardigans-favoritos-de-las-francesas-para-ir-comoda-y-favorecida-a-diario-en-primavera-4.jpg\" alt=\"Chaqueta de punto en rosa pastel\"><\/noscript><i class=\"voc-icons zoom voc-multimedia-box voc-ico-l\"><\/i><\/div><figcaption class=\"figure-caption\">Chaqueta de punto en rosa pastel<\/figcaption><\/picture><\/div>\n<div id=\"photoZoomModal-502\" class=\"voc-lightbox modal fade voc-lightbox--photo-zoom\" role=\"dialog\" data-voc-photozoom-lightbox>\n<div class=\"voc-lightbox__dialog\" role=\"document\">\n<div class=\"voc-lightbox__content\"><!-- Modal header --><!-- Modal content --><\/p>\n<div class=\"voc-lightbox__photo-container\"><picture class><img loading=\"lazy\" data-original=\"\/\/static1.mujerhoy.com\/www\/multimedia\/202303\/31\/media\/cortadas\/cardigan-francesas-4-rosa-kPpB--460x637@MujerHoy.jpg\" alt=\"Chaqueta de punto en rosa pastel\" class=\"lazy\"><noscript><img src=\"http:\/\/hoycordobaweb.com\/wp-content\/uploads\/2023\/03\/te-vas-a-enamorar-de-los-cardigans-favoritos-de-las-francesas-para-ir-comoda-y-favorecida-a-diario-en-primavera-4.jpg\" alt=\"Chaqueta de punto en rosa pastel\"><\/noscript><\/picture><\/div>\n<\/div>\n<\/div>\n<\/div>\n<p class=\"voc-paragraph\">Para verte super femenina y rejuvenecer tu look vas a necesitar esta <strong>chaqueta en tejido de punto con relieve, tono rosa pastel<\/strong>. Tiene escote de pico. El corte es relajado y acomodado al cuerpo. Incluye cierre de botones delantero a tono. Y, las mangas son largas con acabado en rib. Su precio es de 110 euros, de la XXS a la XXXL.\n<\/p>\n<div class=\"voc-detail-photo-zoom\"><picture data-toggle=\"modal\" data-target=\"#photoZoomModal-460\" target=\"modal\">\n<div class=\"voc-img-icon-link\"><img loading=\"lazy\" data-original=\"\/\/static.mujerhoy.com\/www\/multimedia\/202303\/31\/media\/cortadas\/cardigan-francesas-5-morado-kPpB--460x637@MujerHoy.jpg\" class=\"lazy\" alt=\"C\u00e1rdigan con mangas abullonadas\"><noscript><img src=\"http:\/\/hoycordobaweb.com\/wp-content\/uploads\/2023\/03\/te-vas-a-enamorar-de-los-cardigans-favoritos-de-las-francesas-para-ir-comoda-y-favorecida-a-diario-en-primavera-5.jpg\" alt=\"C\u00e1rdigan con mangas abullonadas\"><\/noscript><i class=\"voc-icons zoom voc-multimedia-box voc-ico-l\"><\/i><\/div><figcaption class=\"figure-caption\">C\u00e1rdigan con mangas abullonadas<\/figcaption><\/picture><\/div>\n<div id=\"photoZoomModal-460\" class=\"voc-lightbox modal fade voc-lightbox--photo-zoom\" role=\"dialog\" data-voc-photozoom-lightbox>\n<div class=\"voc-lightbox__dialog\" role=\"document\">\n<div class=\"voc-lightbox__content\"><!-- Modal header --><!-- Modal content --><\/p>\n<div class=\"voc-lightbox__photo-container\"><picture class><img loading=\"lazy\" data-original=\"\/\/static.mujerhoy.com\/www\/multimedia\/202303\/31\/media\/cortadas\/cardigan-francesas-5-morado-kPpB--460x637@MujerHoy.jpg\" alt=\"C\u00e1rdigan con mangas abullonadas\" class=\"lazy\"><noscript><img src=\"http:\/\/hoycordobaweb.com\/wp-content\/uploads\/2023\/03\/te-vas-a-enamorar-de-los-cardigans-favoritos-de-las-francesas-para-ir-comoda-y-favorecida-a-diario-en-primavera-5.jpg\" alt=\"C\u00e1rdigan con mangas abullonadas\"><\/noscript><\/picture><\/div>\n<\/div>\n<\/div>\n<\/div>\n<p class=\"voc-paragraph\">Otra de las opciones con las que arrasar\u00e1s, simplemente junto a unos vaqueros, es esta chaqueta en tejido de punto en lana y mohair, color morado. Se adorna con detalles calados y festoneados. Tiene cuello de pico. Las mangas son largas, tipo globo. Y, cuenta con cierre de botones. Hazte con ella por 115 euros, entre la XXS y la XXXL.\n<\/p>\n<div class=\"voc-detail-photo-zoom\"><picture data-toggle=\"modal\" data-target=\"#photoZoomModal-830\" target=\"modal\">\n<div class=\"voc-img-icon-link\"><img loading=\"lazy\" data-original=\"\/\/static1.mujerhoy.com\/www\/multimedia\/202303\/31\/media\/cortadas\/cardigan-francesas-6-cuello-kPpB--460x637@MujerHoy.jpg\" class=\"lazy\" alt=\"Chaqueta de punto con cuello claudine de crochet\"><noscript><img src=\"http:\/\/hoycordobaweb.com\/wp-content\/uploads\/2023\/03\/te-vas-a-enamorar-de-los-cardigans-favoritos-de-las-francesas-para-ir-comoda-y-favorecida-a-diario-en-primavera-6.jpg\" alt=\"Chaqueta de punto con cuello claudine de crochet\"><\/noscript><i class=\"voc-icons zoom voc-multimedia-box voc-ico-l\"><\/i><\/div><figcaption class=\"figure-caption\">Chaqueta de punto con cuello claudine de crochet<\/figcaption><\/picture><\/div>\n<div id=\"photoZoomModal-830\" class=\"voc-lightbox modal fade voc-lightbox--photo-zoom\" role=\"dialog\" data-voc-photozoom-lightbox>\n<div class=\"voc-lightbox__dialog\" role=\"document\">\n<div class=\"voc-lightbox__content\"><!-- Modal header --><!-- Modal content --><\/p>\n<div class=\"voc-lightbox__photo-container\"><picture class><img loading=\"lazy\" data-original=\"\/\/static1.mujerhoy.com\/www\/multimedia\/202303\/31\/media\/cortadas\/cardigan-francesas-6-cuello-kPpB--460x637@MujerHoy.jpg\" alt=\"Chaqueta de punto con cuello claudine de crochet\" class=\"lazy\"><noscript><img src=\"http:\/\/hoycordobaweb.com\/wp-content\/uploads\/2023\/03\/te-vas-a-enamorar-de-los-cardigans-favoritos-de-las-francesas-para-ir-comoda-y-favorecida-a-diario-en-primavera-6.jpg\" alt=\"Chaqueta de punto con cuello claudine de crochet\"><\/noscript><\/picture><\/div>\n<\/div>\n<\/div>\n<\/div>\n<p class=\"voc-paragraph\">Si te enamora el estilo retro, dec\u00e1ntate por este <strong>c\u00e1rdigan en tejido de punto fino<\/strong>, tono azul vintage. El modelo es de corte acomodado al cuerpo. Cuenta con mangas largas. El cuello es tipo claudine con terminaci\u00f3n en tejido de crochet. Y, tiene cierre de botones combinados tambi\u00e9n en crochet. Te costar\u00e1 125 euros, de la XXS a la XXXL.\n<\/p>\n<div class=\"voc-detail-photo-zoom\"><picture data-toggle=\"modal\" data-target=\"#photoZoomModal-723\" target=\"modal\">\n<div class=\"voc-img-icon-link\"><img loading=\"lazy\" data-original=\"\/\/static3.mujerhoy.com\/www\/multimedia\/202303\/31\/media\/cortadas\/cardigan-francesas-7-verde-kPpB--460x637@MujerHoy.jpg\" class=\"lazy\" alt=\"C\u00e1rrdigan con detalles calados\"><noscript><img src=\"http:\/\/hoycordobaweb.com\/wp-content\/uploads\/2023\/03\/te-vas-a-enamorar-de-los-cardigans-favoritos-de-las-francesas-para-ir-comoda-y-favorecida-a-diario-en-primavera-7.jpg\" alt=\"C\u00e1rrdigan con detalles calados\"><\/noscript><i class=\"voc-icons zoom voc-multimedia-box voc-ico-l\"><\/i><\/div><figcaption class=\"figure-caption\">C\u00e1rrdigan con detalles calados<\/figcaption><\/picture><\/div>\n<div id=\"photoZoomModal-723\" class=\"voc-lightbox modal fade voc-lightbox--photo-zoom\" role=\"dialog\" data-voc-photozoom-lightbox>\n<div class=\"voc-lightbox__dialog\" role=\"document\">\n<div class=\"voc-lightbox__content\"><!-- Modal header --><!-- Modal content --><\/p>\n<div class=\"voc-lightbox__photo-container\"><picture class><img loading=\"lazy\" data-original=\"\/\/static3.mujerhoy.com\/www\/multimedia\/202303\/31\/media\/cortadas\/cardigan-francesas-7-verde-kPpB--460x637@MujerHoy.jpg\" alt=\"C\u00e1rrdigan con detalles calados\" class=\"lazy\"><noscript><img src=\"http:\/\/hoycordobaweb.com\/wp-content\/uploads\/2023\/03\/te-vas-a-enamorar-de-los-cardigans-favoritos-de-las-francesas-para-ir-comoda-y-favorecida-a-diario-en-primavera-7.jpg\" alt=\"C\u00e1rrdigan con detalles calados\"><\/noscript><\/picture><\/div>\n<\/div>\n<\/div>\n<\/div>\n<p class=\"voc-paragraph\">Terminamos con esta precios\u00edsima chaqueta en tejido de punto mezcla de lana y mohair, color verde esmeralda. El escote es cuadrado, muy favorecedor. Las mangas son largas tipo globo. Incorpora detalles calados. Adem\u00e1s, cuenta con cierre delantero de botones a tono. Podr\u00e1s comprarla por 110 euros, entre la XXS y la XXXL.\n<\/p>\n<p><!-- TOPICS --><\/p>\n","protected":false},"excerpt":{"rendered":"<p>Las francesas dan muestra constantemente de que son las mujeres mejor vestidas del mundo, pero su estilo no guarda secretos o artificios. Solo est\u00e1n al margen de las tendencias y permanecen fieles a los esenciales de su armario, manteniendo la simplicidad como premisa de su buen gusto. Mezclan lo masculino con lo femenino, lo retro [&hellip;]<\/p>\n","protected":false},"author":1,"featured_media":57663,"comment_status":"closed","ping_status":"closed","sticky":false,"template":"","format":"standard","meta":[],"categories":[1],"tags":[],"_links":{"self":[{"href":"http:\/\/hoycordobaweb.com\/index.php\/wp-json\/wp\/v2\/posts\/57662"}],"collection":[{"href":"http:\/\/hoycordobaweb.com\/index.php\/wp-json\/wp\/v2\/posts"}],"about":[{"href":"http:\/\/hoycordobaweb.com\/index.php\/wp-json\/wp\/v2\/types\/post"}],"author":[{"embeddable":true,"href":"http:\/\/hoycordobaweb.com\/index.php\/wp-json\/wp\/v2\/users\/1"}],"replies":[{"embeddable":true,"href":"http:\/\/hoycordobaweb.com\/index.php\/wp-json\/wp\/v2\/comments?post=57662"}],"version-history":[{"count":0,"href":"http:\/\/hoycordobaweb.com\/index.php\/wp-json\/wp\/v2\/posts\/57662\/revisions"}],"wp:featuredmedia":[{"embeddable":true,"href":"http:\/\/hoycordobaweb.com\/index.php\/wp-json\/wp\/v2\/media\/57663"}],"wp:attachment":[{"href":"http:\/\/hoycordobaweb.com\/index.php\/wp-json\/wp\/v2\/media?parent=57662"}],"wp:term":[{"taxonomy":"category","embeddable":true,"href":"http:\/\/hoycordobaweb.com\/index.php\/wp-json\/wp\/v2\/categories?post=57662"},{"taxonomy":"post_tag","embeddable":true,"href":"http:\/\/hoycordobaweb.com\/index.php\/wp-json\/wp\/v2\/tags?post=57662"}],"curies":[{"name":"wp","href":"https:\/\/api.w.org\/{rel}","templated":true}]}}