{"id":57611,"date":"2023-03-30T21:57:00","date_gmt":"2023-03-30T21:57:00","guid":{"rendered":"http:\/\/hoycordobaweb.com\/index.php\/2023\/03\/30\/comenzaron-las-obras-de-reparacion-del-puente-entre-goya-y-esquina\/"},"modified":"2023-03-30T21:57:00","modified_gmt":"2023-03-30T21:57:00","slug":"comenzaron-las-obras-de-reparacion-del-puente-entre-goya-y-esquina","status":"publish","type":"post","link":"http:\/\/hoycordobaweb.com\/index.php\/2023\/03\/30\/comenzaron-las-obras-de-reparacion-del-puente-entre-goya-y-esquina\/","title":{"rendered":"Comenzaron las obras de reparaci\u00f3n del puente entre Goya y Esquina"},"content":{"rendered":"<p><img src=\"http:\/\/hoycordobaweb.com\/wp-content\/uploads\/2023\/03\/comenzaron-las-obras-de-reparacion-del-puente-entre-goya-y-esquina.jpg\"><\/p>\n<figure class=\"mb-3\"><img loading=\"lazy\" data-src=\"http:\/\/hoycordobaweb.com\/wp-content\/uploads\/2023\/03\/comenzaron-las-obras-de-reparacion-del-puente-entre-goya-y-esquina-2.jpg\" src=\"https:\/\/www.telam.com.ar\/assets\/img\/not_image.png\" class=\" lazy \" width=\"100%\" height=\"100%\" alt=\"Las obras de reparacin del Paso Santa Rosa demandaron una inversin de 38 millones y generaron 15 puestos de trabajo Foto Prensa Vialidad\"><figcaption> Las obras de reparaci\u00f3n del Paso Santa Rosa demandaron una inversi\u00f3n de millones y generaron 15 puestos de trabajo \/ Foto: Prensa Vialidad. <\/figcaption><\/figure>\n<p>El Distrito Corrientes de Vialidad Nacional <strong>inici\u00f3 las obras de reparaci\u00f3n del puente \u201cPaso Santa Rosa\u201d, sobre la Ruta Nacional 12 que conecta las localidades de Goya y Esquina<\/strong>, con una inversi\u00f3n superior a los $38 millones.<\/p>\n<p>Se trata <strong>del puente ubicado en el kil\u00f3metro 715 de la Ruta Nacional N\u00ba12,<\/strong> \u00abuna estructura que se construy\u00f3 en 1950, por lo que su mantenimiento es necesario\u201d, indic\u00f3 el jefe del Distrito Corrientes de Vialidad Nacional, Daniel Flores.<\/p>\n<p>\u201cLas obras se realizar\u00e1n en altura,<strong> sobre el viaducto que atraviesa el r\u00edo Corrientes,<\/strong> demandar\u00e1n una inversi\u00f3n de 38 millones de pesos por parte del Estado Nacional y generar\u00e1 15 puestos de trabajo\u201d, precis\u00f3.<\/p>\n<p>Explic\u00f3 que el trabajo <strong>se realizar\u00e1 en dos etapas<\/strong> \u00abcon el izamiento de tramos para reemplazar los apoyos que est\u00e1n deteriorados y luego se corregir\u00e1n las juntas en todos los tramos del viaducto\u00bb.<\/p>\n<p>Flores coment\u00f3 que <strong>\u201cen principio se levantar\u00e1n los tramos de 25 metros para reemplazar los apoyos gastados\u201d.<\/strong><\/p>\n<figure class=\"mb-3\"><img loading=\"lazy\" data-src=\"http:\/\/hoycordobaweb.com\/wp-content\/uploads\/2023\/03\/comenzaron-las-obras-de-reparacion-del-puente-entre-goya-y-esquina-3.jpg\" src=\"https:\/\/www.telam.com.ar\/assets\/img\/not_image.png\" class=\" lazy \" width=\"100%\" height=\"100%\" alt=\"Las tareas en el puente demorarn 45 das y en ese lapso la Ruta 12 estar cortada y con desvos en el kilmetro 715 Foto Prensa Vialidad\"><figcaption> Las tareas en el puente demorar\u00e1n 45 d\u00edas y en ese lapso la Ruta 12 estar\u00e1 cortada y con desv\u00edos en el kil\u00f3metro 715 \/ Foto: Prensa Vialidad. <\/figcaption><\/figure>\n<p>Por otra parte, anunci\u00f3 que <strong>debido a la ejecuci\u00f3n de las obras, est\u00e1 interrumpido el tr\u00e1nsito vehicular en la zona,<\/strong> por lo cual los veh\u00edculos que ingresan a la provincia de Corrientes por Ruta Nacional N\u00b012, desde el Sur, por la ciudad de Esquina deben dirigirse por las rutas provinciales N\u00b0 30, N\u00b0 23 y N\u00b0 24, retomando posteriormente la Rura Nacional N\u00b0 12 hacia Goya \u00f3 la capital provincial.<\/p>\n<p>En tanto, los veh\u00edculos que ingresan a la provincia de Corrientes por Ruta Nacional N\u00b012, desde el Norte por la ciudad Capital \u00f3 la ciudad de Goya, <strong>deber\u00e1n dirigirse por las rutas provinciales N\u00b0 24 y N\u00b0 30,<\/strong> para retomar luego la ruta nacional N\u00b0 12 continuando hacia la ciudad de Esquina o la Provincia de Entre R\u00edos.<\/p>\n<p>Finalmente, el jefe del Distrito Corrientes de Vialidad Nacional, adelant\u00f3 que <strong>\u201cel proceso de cada etapa se extender\u00e1 entre 12 y 14 d\u00edas cada uno, con un lapso de 15 d\u00edas <\/strong>entre ellos, en elque se habilitar\u00e1 el tr\u00e1nsito vehicular\u201d. <\/p>\n","protected":false},"excerpt":{"rendered":"<p>Las obras de reparaci\u00f3n del Paso Santa Rosa demandaron una inversi\u00f3n de millones y generaron 15 puestos de trabajo \/ Foto: Prensa Vialidad. El Distrito Corrientes de Vialidad Nacional inici\u00f3 las obras de reparaci\u00f3n del puente \u201cPaso Santa Rosa\u201d, sobre la Ruta Nacional 12 que conecta las localidades de Goya y Esquina, con una inversi\u00f3n [&hellip;]<\/p>\n","protected":false},"author":1,"featured_media":57612,"comment_status":"open","ping_status":"closed","sticky":false,"template":"","format":"standard","meta":[],"categories":[19],"tags":[],"_links":{"self":[{"href":"http:\/\/hoycordobaweb.com\/index.php\/wp-json\/wp\/v2\/posts\/57611"}],"collection":[{"href":"http:\/\/hoycordobaweb.com\/index.php\/wp-json\/wp\/v2\/posts"}],"about":[{"href":"http:\/\/hoycordobaweb.com\/index.php\/wp-json\/wp\/v2\/types\/post"}],"author":[{"embeddable":true,"href":"http:\/\/hoycordobaweb.com\/index.php\/wp-json\/wp\/v2\/users\/1"}],"replies":[{"embeddable":true,"href":"http:\/\/hoycordobaweb.com\/index.php\/wp-json\/wp\/v2\/comments?post=57611"}],"version-history":[{"count":0,"href":"http:\/\/hoycordobaweb.com\/index.php\/wp-json\/wp\/v2\/posts\/57611\/revisions"}],"wp:featuredmedia":[{"embeddable":true,"href":"http:\/\/hoycordobaweb.com\/index.php\/wp-json\/wp\/v2\/media\/57612"}],"wp:attachment":[{"href":"http:\/\/hoycordobaweb.com\/index.php\/wp-json\/wp\/v2\/media?parent=57611"}],"wp:term":[{"taxonomy":"category","embeddable":true,"href":"http:\/\/hoycordobaweb.com\/index.php\/wp-json\/wp\/v2\/categories?post=57611"},{"taxonomy":"post_tag","embeddable":true,"href":"http:\/\/hoycordobaweb.com\/index.php\/wp-json\/wp\/v2\/tags?post=57611"}],"curies":[{"name":"wp","href":"https:\/\/api.w.org\/{rel}","templated":true}]}}