{"id":57589,"date":"2023-03-30T18:06:25","date_gmt":"2023-03-30T18:06:25","guid":{"rendered":"https:\/\/www.ole.com.ar\/platense\/sebastian-ordonez-presidente-platense-palermo-dt-boca_0_2gl3ay8fAR.html"},"modified":"2023-03-30T18:06:25","modified_gmt":"2023-03-30T18:06:25","slug":"sebastian-ordonez-es-imposible-que-palermo-vaya-a-boca","status":"publish","type":"post","link":"http:\/\/hoycordobaweb.com\/index.php\/2023\/03\/30\/sebastian-ordonez-es-imposible-que-palermo-vaya-a-boca\/","title":{"rendered":"Sebasti\u00e1n Ordo\u00f1ez: \u00abEs imposible que Palermo vaya a Boca\u00bb"},"content":{"rendered":"<p><img src=\"http:\/\/hoycordobaweb.com\/wp-content\/uploads\/2023\/03\/sebastian-ordonez-es-imposible-que-palermo-vaya-a-boca.jpg\"><\/p>\n<div><img src=\"http:\/\/hoycordobaweb.com\/wp-content\/uploads\/2023\/03\/sebastian-ordonez-es-imposible-que-palermo-vaya-a-boca.jpg\" class=\"ff-og-image-inserted\"><\/div>\n<div readability=\"33.637755102041\">\n<p>Sebasti\u00e1n Ordo\u00f1ez, actual presidente de <a href=\"https:\/\/www.ole.com.ar\/tema\/platense.html\" title=\"Platense\" alt=\"Platense\" class=\"slug\"><strong>Platense<\/strong><\/a>, habl\u00f3 sobre una posible salida de <a href=\"https:\/\/www.ole.com.ar\/tema\/martin-palermo.html\" title=\"Mart\u00edn Palermo\" alt=\"Mart\u00edn Palermo\" class=\"slug\"><strong>Martin Palermo<\/strong><\/a> hacia <a href=\"https:\/\/www.ole.com.ar\/tema\/boca-juniors.html\" title=\"Boca Juniors\" alt=\"Boca Juniors\" class=\"slug\"><strong>Boca Juniors<\/strong><\/a>, el cual est\u00e1 sin entrenador luego de la destituci\u00f3n de <a href=\"https:\/\/www.ole.com.ar\/tema\/hugo-ibarra.html\" title=\"Hugo Ibarra\" alt=\"Hugo Ibarra\" class=\"slug\">Hugo Ibarra<\/a> y viene de recibir la negativa de Gerardo Martino: <strong>\u00abEs imposible que vaya a Boca. No tiene ninguna cl\u00e1usula de salida. Mart\u00edn est\u00e1 muy seguro con el proyecto de Platense y yo conf\u00edo en su palabra\u00bb.<\/strong><\/p>\n<\/div>\n<div readability=\"36\">\n<p><strong>El presidente del Calamar habl\u00f3 muy convencido,<\/strong> ya que no hay ning\u00fan tipo de chances de que Palermo llegue a Boca ya que el Consejo de F\u00fatbol Profesional del club de la Ribera no lo tiene en cuenta y tambi\u00e9n porque est\u00e1 c\u00f3modo en Platense y conf\u00eda en el proyecto a fututo para poder sacar al Calamar de la zona baja de los promedios.<\/p>\n<\/div>\n<div readability=\"38.577777777778\">\n<p>Recordemos que Palermo asumi\u00f3 en Platense a fines del 2022, <strong>luego de la salida de Omar De Felippe y tras su buen paso por Aldosivi,<\/strong> equipo que hoy milita en el Nacional B, y en lo que lleva con el Calamar dirigi\u00f3 un total de 8 partidos, donde logr\u00f3 2 victorias, 4 empates y 2 derrotas. <strong>El pr\u00f3ximo partido de Platense ser\u00e1 el domingo 2 de abril a las 21.30 cuando visite a Banfield en el Florencio Sola por la fecha 9 de la <\/strong><a href=\"https:\/\/www.ole.com.ar\/tema\/liga-profesional.html\" title=\"Liga Profesional\" alt=\"Liga Profesional\" class=\"slug\"><strong>Liga Profesional<\/strong><\/a><strong> 2023.<\/strong><\/p>\n<\/div>\n","protected":false},"excerpt":{"rendered":"<p>Sebasti\u00e1n Ordo\u00f1ez, actual presidente de Platense, habl\u00f3 sobre una posible salida de Martin Palermo hacia Boca Juniors, el cual est\u00e1 sin entrenador luego de la destituci\u00f3n de Hugo Ibarra y viene de recibir la negativa de Gerardo Martino: \u00abEs imposible que vaya a Boca. No tiene ninguna cl\u00e1usula de salida. Mart\u00edn est\u00e1 muy seguro con [&hellip;]<\/p>\n","protected":false},"author":1,"featured_media":57590,"comment_status":"open","ping_status":"closed","sticky":false,"template":"","format":"standard","meta":[],"categories":[16],"tags":[],"_links":{"self":[{"href":"http:\/\/hoycordobaweb.com\/index.php\/wp-json\/wp\/v2\/posts\/57589"}],"collection":[{"href":"http:\/\/hoycordobaweb.com\/index.php\/wp-json\/wp\/v2\/posts"}],"about":[{"href":"http:\/\/hoycordobaweb.com\/index.php\/wp-json\/wp\/v2\/types\/post"}],"author":[{"embeddable":true,"href":"http:\/\/hoycordobaweb.com\/index.php\/wp-json\/wp\/v2\/users\/1"}],"replies":[{"embeddable":true,"href":"http:\/\/hoycordobaweb.com\/index.php\/wp-json\/wp\/v2\/comments?post=57589"}],"version-history":[{"count":0,"href":"http:\/\/hoycordobaweb.com\/index.php\/wp-json\/wp\/v2\/posts\/57589\/revisions"}],"wp:featuredmedia":[{"embeddable":true,"href":"http:\/\/hoycordobaweb.com\/index.php\/wp-json\/wp\/v2\/media\/57590"}],"wp:attachment":[{"href":"http:\/\/hoycordobaweb.com\/index.php\/wp-json\/wp\/v2\/media?parent=57589"}],"wp:term":[{"taxonomy":"category","embeddable":true,"href":"http:\/\/hoycordobaweb.com\/index.php\/wp-json\/wp\/v2\/categories?post=57589"},{"taxonomy":"post_tag","embeddable":true,"href":"http:\/\/hoycordobaweb.com\/index.php\/wp-json\/wp\/v2\/tags?post=57589"}],"curies":[{"name":"wp","href":"https:\/\/api.w.org\/{rel}","templated":true}]}}