{"id":57583,"date":"2023-03-30T18:40:20","date_gmt":"2023-03-30T18:40:20","guid":{"rendered":"https:\/\/www.ole.com.ar\/futbol-internacional\/libertadores\/german-cano-goleador-fluminense-cruce-river-copa-libertadores_0_K4hiEKiUc5.html"},"modified":"2023-03-30T18:40:20","modified_gmt":"2023-03-30T18:40:20","slug":"german-cano-el-elogio-al-equipo-de-demichelis-y-su-familia-hincha-de-river","status":"publish","type":"post","link":"http:\/\/hoycordobaweb.com\/index.php\/2023\/03\/30\/german-cano-el-elogio-al-equipo-de-demichelis-y-su-familia-hincha-de-river\/","title":{"rendered":"Germ\u00e1n Cano: el elogio al equipo de Demichelis y su familia hincha de River"},"content":{"rendered":"<p><img src=\"http:\/\/hoycordobaweb.com\/wp-content\/uploads\/2023\/03\/german-cano-el-elogio-al-equipo-de-demichelis-y-su-familia-hincha-de-river.jpg\"><\/p>\n<p><time class=\"createDate\" datetime=\"2023-03-30T15:40:20-03:00\">30\/03\/2023 15:40hs.<\/time><time class=\"modificatedDate\" datetime=\"2023\/03\/30T15:40:20-03:00\"><\/time><\/p>\n<div id=\"storyBody\">\n<div class=\"custom-text \" readability=\"33.636363636364\">\n<p><a href=\"https:\/\/www.ole.com.ar\/tema\/german-cano.html\" title=\"Germ\u00e1n Cano\" alt=\"Germ\u00e1n Cano\" class=\"slug\"><strong>Germ\u00e1n Cano<\/strong><\/a> actual jugador y goleador de <strong>Fluminense<\/strong> habl\u00f3 sobre el sorteo de la <a href=\"https:\/\/www.ole.com.ar\/tema\/copa-libertadores.html\" title=\"Copa Libertadores\" alt=\"Copa Libertadores\" class=\"slug\"><strong>Copa Libertadores <\/strong><\/a>y el grupo que les toc\u00f3. El delantero argentino, <strong>el cual atraviesa una racha goleadora con 53 tantos en el Flu<\/strong>, se mostr\u00f3 entusiasmado por tener que medirse ante rivales complicados y l\u00edderes en su respectivas ligas.<\/p>\n<\/div>\n<div class=\"sc-a7166897-0 fTvehT\" readability=\"6\">\n<section readability=\"2\"><picture><img alt=\"El probable 11 de River para defender la punta ante Uni\u00f3n\" src=\"http:\/\/hoycordobaweb.com\/wp-content\/uploads\/2023\/03\/german-cano-el-elogio-al-equipo-de-demichelis-y-su-familia-hincha-de-river-2.jpg\" width=\"29\" height=\"29\" decoding=\"async\" data-nimg=\"future\" loading=\"lazy\"><\/picture>\n<p><span>Mir\u00e1 tambi\u00e9n<\/span><\/p>\n<hr>\n<h3>El probable 11 de River para defender la punta ante Uni\u00f3n<\/h3>\n<\/p>\n<\/section>\n<\/div>\n<div class=\"custom-text \" readability=\"40\">\n<p><strong>\u00abEstoy ansioso, estamos preparados para poder competir. Nuestro grupo es muy bueno, son todos equipos muy dif\u00edciles. <\/strong>Tambi\u00e9n tenemos que disfrutar de una nueva Copa Libertadores, que es algo \u00fanico para nosotros\u00bb, expres\u00f3 en charla con ESPN Brasil. Aunque <strong>The Strongest y Alianza Lima<\/strong> no son rivales a subestimar, River es el gran candidato a quedarse con el grupo y Cano le dedic\u00f3 un p\u00e1rrafo aparte con una revelaci\u00f3n particular.<\/p>\n<\/div>\n<div class=\"sc-a7166897-0 fTvehT\" readability=\"6\">\n<section readability=\"2\"><picture><img alt=\"Gago: de la &quot;prueba&quot; que ser\u00e1 Flamengo al contrato de Rojas\" src=\"http:\/\/hoycordobaweb.com\/wp-content\/uploads\/2023\/03\/german-cano-el-elogio-al-equipo-de-demichelis-y-su-familia-hincha-de-river-3.jpg\" width=\"29\" height=\"29\" decoding=\"async\" data-nimg=\"future\" loading=\"lazy\"><\/picture>\n<p><span>Mir\u00e1 tambi\u00e9n<\/span><\/p>\n<hr>\n<h3>Gago: de la \u00abprueba\u00bb que ser\u00e1 Flamengo al contrato de Rojas<\/h3>\n<\/p>\n<\/section>\n<\/div>\n<div class=\"sc-e6588e40-0 jdjGfi\">\n<div class=\"sc-e6588e40-1 hsKqox videoText\" id=\"contentTitleundefinedwOLjma7e\"><svg fill=\"#ffffff\"><symbol id=\"play\" viewBox=\"0 0 512 512\"><path d=\"M512 256C512 397.4 397.4 512 256 512C114.6 512 0 397.4 0 256C0 114.6 114.6 0 256 0C397.4 0 512 114.6 512 256zM176 168V344C176 352.7 180.7 360.7 188.3 364.9C195.8 369.2 205.1 369 212.5 364.5L356.5 276.5C363.6 272.1 368 264.4 368 256C368 247.6 363.6 239.9 356.5 235.5L212.5 147.5C205.1 142.1 195.8 142.8 188.3 147.1C180.7 151.3 176 159.3 176 168V168z\" \/><\/symbol><use xlink:href=\"#play\" \/><\/svg><\/p>\n<div class=\"right\">\n<p>Fluminense<!-- --> &#8211;<!-- --> <span>30-3-2023<\/span><\/p>\n<h2 class=\"title-vid\">Cano empat\u00f3 para el Fluminense<\/h2>\n<\/div>\n<\/div>\n<p><span class=\"back\" id=\"spanBackundefinedwOLjma7e\"><\/span><\/div>\n<div class=\"custom-text \" readability=\"40\">\n<p><strong>\u00abPor c\u00f3mo juega River, va a ser dif\u00edcil para nosotros. Mis hermanos son hinchas de River y fui a varios partidos a verlos\u00bb, <\/strong>expres\u00f3 el delantero, que no se guard\u00f3 elogios al analizar el juego del CARP:<strong> \u00abJuegan muy bien con su nuevo entrenador, va a ser una referencia a tomar nota, porque tienen muy buenos jugadores\u00bb.<\/strong><\/p>\n<\/div>\n<div class=\"sc-a7166897-0 fTvehT\" readability=\"6\">\n<section readability=\"2\"><picture><img alt=\"Los posibles estadios para el Mundial Sub 20 en Argentina\" src=\"http:\/\/hoycordobaweb.com\/wp-content\/uploads\/2023\/03\/german-cano-el-elogio-al-equipo-de-demichelis-y-su-familia-hincha-de-river-4.jpg\" width=\"29\" height=\"29\" decoding=\"async\" data-nimg=\"future\" loading=\"lazy\"><\/picture>\n<p><span>Mir\u00e1 tambi\u00e9n<\/span><\/p>\n<hr>\n<h3>Los posibles estadios para el Mundial Sub 20 en Argentina<\/h3>\n<\/p>\n<\/section>\n<\/div>\n<div class=\"sc-e6588e40-0 jdjGfi\">\n<div class=\"sc-e6588e40-1 hsKqox videoText\" id=\"contentTitleundefinedCctqYjNt\"><svg fill=\"#ffffff\"><symbol id=\"play\" viewBox=\"0 0 512 512\"><path d=\"M512 256C512 397.4 397.4 512 256 512C114.6 512 0 397.4 0 256C0 114.6 114.6 0 256 0C397.4 0 512 114.6 512 256zM176 168V344C176 352.7 180.7 360.7 188.3 364.9C195.8 369.2 205.1 369 212.5 364.5L356.5 276.5C363.6 272.1 368 264.4 368 256C368 247.6 363.6 239.9 356.5 235.5L212.5 147.5C205.1 142.1 195.8 142.8 188.3 147.1C180.7 151.3 176 159.3 176 168V168z\" \/><\/symbol><use xlink:href=\"#play\" \/><\/svg><\/p>\n<div class=\"right\">\n<p>Germ\u00e1n Cano<!-- --> &#8211;<!-- --> <span>30-3-2023<\/span><\/p>\n<h2 class=\"title-vid\">Germ\u00e1n Cano aport\u00f3 un doblete en la goleada de Fluminense<\/h2>\n<\/div>\n<\/div>\n<p><span class=\"back\" id=\"spanBackundefinedCctqYjNt\"><\/span><\/div>\n<div class=\"custom-text \" readability=\"37\">\n<p>Con la ilusi\u00f3n de poder repetir la perfomance del Flu ante River en 2021, certamen en el que <strong>tambi\u00e9n compartieron el grupo D y los brasile\u00f1os empataron en el Maracan\u00e1 y consiguieron un hist\u00f3rico 3-1 en el Monumental<\/strong>, Cano sabe que el club de N\u00fa\u00f1ez no es el \u00fanico obst\u00e1culo que deber\u00e1n superar para ir en la b\u00fasqueda de la primera Libertadores.<\/p>\n<\/div>\n<div class=\"custom-text \" readability=\"36\">\n<p><strong>\u00abAl igual que River, pasa lo mismo con Sporting Cristal. Y con The Strongest hay que ir a la altura y es dif\u00edcil. <\/strong>Nunca fue f\u00e1cil esta Copa, va a ser complicada para todos los grupos\u00bb, cerr\u00f3.<\/p>\n<\/div>\n<div class=\"sc-a7166897-0 fTvehT\" readability=\"7\">\n<section readability=\"4\"><picture><img alt=\"El festejo por duplicado de Barco y Beltr\u00e1n, una amistad que va m\u00e1s all\u00e1 de un penal\" src=\"http:\/\/hoycordobaweb.com\/wp-content\/uploads\/2023\/03\/german-cano-el-elogio-al-equipo-de-demichelis-y-su-familia-hincha-de-river-5.jpg\" width=\"29\" height=\"29\" decoding=\"async\" data-nimg=\"future\" loading=\"lazy\"><\/picture>\n<p><span>Mir\u00e1 tambi\u00e9n<\/span><\/p>\n<hr>\n<h3>El festejo por duplicado de Barco y Beltr\u00e1n, una amistad que va m\u00e1s all\u00e1 de un penal<\/h3>\n<\/p>\n<\/section>\n<\/div>\n<div class=\"sc-e6588e40-0 jdjGfi\">\n<div class=\"sc-e6588e40-1 hsKqox videoText\" id=\"contentTitleundefinedoI8HiiBx\"><svg fill=\"#ffffff\"><symbol id=\"play\" viewBox=\"0 0 512 512\"><path d=\"M512 256C512 397.4 397.4 512 256 512C114.6 512 0 397.4 0 256C0 114.6 114.6 0 256 0C397.4 0 512 114.6 512 256zM176 168V344C176 352.7 180.7 360.7 188.3 364.9C195.8 369.2 205.1 369 212.5 364.5L356.5 276.5C363.6 272.1 368 264.4 368 256C368 247.6 363.6 239.9 356.5 235.5L212.5 147.5C205.1 142.1 195.8 142.8 188.3 147.1C180.7 151.3 176 159.3 176 168V168z\" \/><\/symbol><use xlink:href=\"#play\" \/><\/svg><\/p>\n<div class=\"right\">\n<p>Fluminense<!-- --> &#8211;<!-- --> <span>30-3-2023<\/span><\/p>\n<h2 class=\"title-vid\">Germ\u00e1n Cano convirti\u00f3 un doblete en el 3-0 frente a Portuguesa. <\/h2>\n<\/div>\n<\/div>\n<p><span class=\"back\" id=\"spanBackundefinedoI8HiiBx\"><\/span><\/div>\n<p><h2><strong>La reacci\u00f3n del presidente de Fluminense al conocer el grupo de la Libertadores<\/strong><\/h2>\n<\/p>\n<div class=\"custom-text \" readability=\"43\">\n<p>M\u00e1rio Bittencourt, presidente del club brasile\u00f1o, se mostr\u00f3 confiado y no le tiene miedo al que para algunos es el famoso \u00abgrupo de la muerte\u00bb de esta edici\u00f3n.<strong> \u00abMe gust\u00f3. Hay un gran equipo argentino, Sporting Cristal, un equipo importante en Per\u00fa, y The Strongest, de Bolivia\u00bb<\/strong>, arranc\u00f3 el dirigente, que sac\u00f3 chapa al recordar algunos antecedentes.<\/p>\n<\/div>\n<div class=\"sc-a7166897-0 fTvehT\" readability=\"6\">\n<section readability=\"2\"><picture><img alt=\"Alerta: River advierte a sus socios e hinchas sobre estafas virtuales\" src=\"http:\/\/hoycordobaweb.com\/wp-content\/uploads\/2023\/03\/german-cano-el-elogio-al-equipo-de-demichelis-y-su-familia-hincha-de-river-6.jpg\" width=\"29\" height=\"29\" decoding=\"async\" data-nimg=\"future\" loading=\"lazy\"><\/picture>\n<p><span>Mir\u00e1 tambi\u00e9n<\/span><\/p>\n<hr>\n<h3>Alerta: River advierte a sus socios e hinchas sobre estafas virtuales<\/h3>\n<\/p>\n<\/section>\n<\/div>\n<div class=\"custom-text \" readability=\"40\">\n<p><strong>\u00abCuando fuimos nombrados como el grupo de la muerte en 2021, terminamos primeros.<\/strong> No hay que preocuparte por eso. En 2008 tampoco tuvimos un grupo tan f\u00e1cil y luego nos enfrentamos a Nacional, Boca, San Pablo y llegamos a la final.<strong> El que quiera ganar, tiene que estar preparado para cualquier grupo\u00bb<\/strong>, agreg\u00f3 en una entrevista con el canal oficial de Fluminense.<\/p>\n<\/div>\n<div class=\"sc-a7166897-0 fTvehT\" readability=\"6\">\n<section readability=\"2\"><picture><img alt=\"El jugador de River que consigui\u00f3 el t\u00edtulo m\u00e1s importante\" src=\"http:\/\/hoycordobaweb.com\/wp-content\/uploads\/2023\/03\/german-cano-el-elogio-al-equipo-de-demichelis-y-su-familia-hincha-de-river-7.jpg\" width=\"29\" height=\"29\" decoding=\"async\" data-nimg=\"future\" loading=\"lazy\"><\/picture>\n<p><span>Mir\u00e1 tambi\u00e9n<\/span><\/p>\n<hr>\n<h3>El jugador de River que consigui\u00f3 el t\u00edtulo m\u00e1s importante<\/h3>\n<\/p>\n<\/section>\n<\/div>\n<div class=\"custom-text \" readability=\"43\">\n<p><strong>\u201cMe pareci\u00f3 un grupo dif\u00edcil, pero prefiero tomar estos grandes partidos para empezar la historia al m\u00e1ximo nivel de dificultad<\/strong>, lo que te va a dar moral tambi\u00e9n. No hay que enga\u00f1arse, la Libertadores no tiene un partido f\u00e1cil. Creo que se puede pasar, vamos firmes.<strong> De los \u00faltimos tres o cuatro a\u00f1os, es el mejor plantel que logramos armar, un equipo que juega el f\u00fatbol m\u00e1s bonito. <\/strong>Creyendo en la fuerza de nuestra afici\u00f3n y en el f\u00fatbol que venimos jugando, vamos a conquistar esta competencia<strong>\u00ab<\/strong>, sentenci\u00f3.<\/p>\n<\/div>\n<\/div>\n","protected":false},"excerpt":{"rendered":"<p>30\/03\/2023 15:40hs. Germ\u00e1n Cano actual jugador y goleador de Fluminense habl\u00f3 sobre el sorteo de la Copa Libertadores y el grupo que les toc\u00f3. El delantero argentino, el cual atraviesa una racha goleadora con 53 tantos en el Flu, se mostr\u00f3 entusiasmado por tener que medirse ante rivales complicados y l\u00edderes en su respectivas ligas. [&hellip;]<\/p>\n","protected":false},"author":1,"featured_media":57584,"comment_status":"open","ping_status":"closed","sticky":false,"template":"","format":"standard","meta":[],"categories":[16],"tags":[],"_links":{"self":[{"href":"http:\/\/hoycordobaweb.com\/index.php\/wp-json\/wp\/v2\/posts\/57583"}],"collection":[{"href":"http:\/\/hoycordobaweb.com\/index.php\/wp-json\/wp\/v2\/posts"}],"about":[{"href":"http:\/\/hoycordobaweb.com\/index.php\/wp-json\/wp\/v2\/types\/post"}],"author":[{"embeddable":true,"href":"http:\/\/hoycordobaweb.com\/index.php\/wp-json\/wp\/v2\/users\/1"}],"replies":[{"embeddable":true,"href":"http:\/\/hoycordobaweb.com\/index.php\/wp-json\/wp\/v2\/comments?post=57583"}],"version-history":[{"count":0,"href":"http:\/\/hoycordobaweb.com\/index.php\/wp-json\/wp\/v2\/posts\/57583\/revisions"}],"wp:featuredmedia":[{"embeddable":true,"href":"http:\/\/hoycordobaweb.com\/index.php\/wp-json\/wp\/v2\/media\/57584"}],"wp:attachment":[{"href":"http:\/\/hoycordobaweb.com\/index.php\/wp-json\/wp\/v2\/media?parent=57583"}],"wp:term":[{"taxonomy":"category","embeddable":true,"href":"http:\/\/hoycordobaweb.com\/index.php\/wp-json\/wp\/v2\/categories?post=57583"},{"taxonomy":"post_tag","embeddable":true,"href":"http:\/\/hoycordobaweb.com\/index.php\/wp-json\/wp\/v2\/tags?post=57583"}],"curies":[{"name":"wp","href":"https:\/\/api.w.org\/{rel}","templated":true}]}}