{"id":57581,"date":"2023-03-30T15:09:43","date_gmt":"2023-03-30T15:09:43","guid":{"rendered":"https:\/\/ladecimaweb.com\/?p=16345"},"modified":"2023-03-30T15:09:43","modified_gmt":"2023-03-30T15:09:43","slug":"sin-planes-habria-34-mil-cordobeses-mas-en-la-indigencia-y-13-mil-en-la-pobreza","status":"publish","type":"post","link":"http:\/\/hoycordobaweb.com\/index.php\/2023\/03\/30\/sin-planes-habria-34-mil-cordobeses-mas-en-la-indigencia-y-13-mil-en-la-pobreza\/","title":{"rendered":"Sin planes habr\u00eda 34 mil cordobeses m\u00e1s en la indigencia y 13 mil en la pobreza"},"content":{"rendered":"<div class=\"boldgrid-section\">\n<div class=\"container\">\n<div class=\"row\">\n<div class=\"col-md-12 col-xs-12 col-sm-12\">\n<p>La<span>&nbsp;<\/span><a href=\"http:\/\/estadistica.cba.gov.ar\/\" target=\"_blank\" rel=\"noreferrer noopener\">Direcci\u00f3n General de Estad\u00edstica y Censos<\/a>, perteneciente al Ministerio de Coordinaci\u00f3n, presenta los resultados del operativo<span>&nbsp;<\/span><a href=\"https:\/\/estadistica.cba.gov.ar\/publicacion-sfi\/condiciones-de-vida-e-impacto-de-planes-no-monetarios-en-el-segundo-semestre-del-2020\/\" target=\"_blank\" rel=\"noreferrer noopener\">\u201cMonitoreo de Condiciones de Vida \u2013 MCV\u201d<\/a><span>&nbsp;<\/span>correspondiente al segundo semestre del 2022. Su objetivo es relevar las condiciones materiales de vida de las personas en los hogares del Gran C\u00f3rdoba y conocer el impacto de los planes no monetarios del Gobierno de la Provincia de C\u00f3rdoba en los hogares pobres e indigentes.<\/p>\n<p>Los resultados dan cuenta de que los planes no monetarios relevados en la encuesta lograron sacar de la condici\u00f3n de indigencia a 34.000 personas y de la pobreza a 13.000 personas.<\/p>\n<p>Asimismo, se observ\u00f3 que el 92% de las personas en condici\u00f3n de indigencia y el 89% de las personas en situaci\u00f3n de pobreza residen en hogares beneficiarios de al menos uno de los planes no monetarios relevados.<\/p>\n<p class=\"\">Considerando los ingresos monetarios, el porcentaje de personas en condici\u00f3n de pobreza se ubic\u00f3 en 37,9% (640.000 personas, incluyendo a la poblaci\u00f3n indigente), significando una ca\u00edda de 0,3 puntos porcentuales respecto al segundo semestre del a\u00f1o 2021 y un incremento de 0,8 pp. respecto al primer semestre del a\u00f1o 2022. Al incorporar el impacto de los planes no monetarios, la cifra desciende a 37,1%, esto es 0,8 puntos porcentuales menos (abarcando a 627.000 personas). As\u00ed, la cantidad de personas en situaci\u00f3n de pobreza no indigente se reduce un 2,5%, por lo que 13.000 personas salen de esta condici\u00f3n.<\/p>\n<p>Con respecto a la poblaci\u00f3n en condici\u00f3n de indigencia, se ubic\u00f3 en 6,6% (111.000 personas), significando una disminuci\u00f3n de 0,4 puntos porcentuales respecto al segundo semestre del 2022 y un aumento de 1,8 pp. respecto al primer semestre del a\u00f1o 2022. Al considerar el impacto de los planes no monetarios, la cifra disminuye 2 puntos porcentuales, ubic\u00e1ndose en el 4,6% (77.000 personas). Esto significa que el porcentaje de personas en condici\u00f3n de indigencia se reduce un 30,6% y 34.000 personas salen de la misma.<\/p>\n<p class=\"\">Para mayor informaci\u00f3n, pod\u00e9s acceder al sitio<span>&nbsp;<\/span><a href=\"https:\/\/estadistica.cba.gov.ar\/\" target=\"_blank\" rel=\"noreferrer noopener\">estadistica.cba.gov.ar<\/a>. O bien, ingres\u00e1 a la secci\u00f3n<span>&nbsp;<\/span><a href=\"https:\/\/datosestadistica.cba.gov.ar\/dataset\/monitoreo-de-condiciones-de-vida-mcv\" target=\"_blank\" rel=\"noreferrer noopener\">Datos Abiertos<\/a><span>&nbsp;<\/span>para m\u00e1s informaci\u00f3n sobre la metodolog\u00eda y el informe completo.<\/p>\n<p class=\"\">&nbsp;<\/p>\n<p class=\"\">\n<div class=\"ubm_banner\"><a href=\"https:\/\/www.cba.gov.ar\" target=\"_blank\" rel=\"dofollow noopener noreferrer\"><img src=\"http:\/\/hoycordobaweb.com\/wp-content\/uploads\/2023\/03\/sin-planes-habria-34-mil-cordobeses-mas-en-la-indigencia-y-13-mil-en-la-pobreza.gif\" alt=\"\"><\/a><\/div>\n<\/div>\n<\/div>\n<\/div>\n<\/div>\n<p>La entrada <a rel=\"nofollow\" href=\"https:\/\/ladecimaweb.com\/sin-planes-habria-34-mil-cordobeses-mas-en-la-indigencia-y-13-mil-en-la-pobreza\/\">Sin planes habr\u00eda 34 mil cordobeses m\u00e1s en la indigencia y 13 mil en la pobreza<\/a> se public\u00f3 primero en <a rel=\"nofollow\" href=\"https:\/\/ladecimaweb.com\">LaDecima<\/a>.<\/p>\n","protected":false},"excerpt":{"rendered":"<p>La&nbsp;Direcci\u00f3n General de Estad\u00edstica y Censos, perteneciente al Ministerio de Coordinaci\u00f3n, presenta los resultados del operativo&nbsp;\u201cMonitoreo de Condiciones de Vida \u2013 MCV\u201d&nbsp;correspondiente al segundo semestre del 2022. Su objetivo es relevar las condiciones materiales de vida de las personas en los hogares del Gran C\u00f3rdoba y conocer el impacto de los planes no monetarios del [&hellip;]<\/p>\n","protected":false},"author":1,"featured_media":57582,"comment_status":"closed","ping_status":"closed","sticky":false,"template":"","format":"standard","meta":[],"categories":[19],"tags":[],"_links":{"self":[{"href":"http:\/\/hoycordobaweb.com\/index.php\/wp-json\/wp\/v2\/posts\/57581"}],"collection":[{"href":"http:\/\/hoycordobaweb.com\/index.php\/wp-json\/wp\/v2\/posts"}],"about":[{"href":"http:\/\/hoycordobaweb.com\/index.php\/wp-json\/wp\/v2\/types\/post"}],"author":[{"embeddable":true,"href":"http:\/\/hoycordobaweb.com\/index.php\/wp-json\/wp\/v2\/users\/1"}],"replies":[{"embeddable":true,"href":"http:\/\/hoycordobaweb.com\/index.php\/wp-json\/wp\/v2\/comments?post=57581"}],"version-history":[{"count":0,"href":"http:\/\/hoycordobaweb.com\/index.php\/wp-json\/wp\/v2\/posts\/57581\/revisions"}],"wp:featuredmedia":[{"embeddable":true,"href":"http:\/\/hoycordobaweb.com\/index.php\/wp-json\/wp\/v2\/media\/57582"}],"wp:attachment":[{"href":"http:\/\/hoycordobaweb.com\/index.php\/wp-json\/wp\/v2\/media?parent=57581"}],"wp:term":[{"taxonomy":"category","embeddable":true,"href":"http:\/\/hoycordobaweb.com\/index.php\/wp-json\/wp\/v2\/categories?post=57581"},{"taxonomy":"post_tag","embeddable":true,"href":"http:\/\/hoycordobaweb.com\/index.php\/wp-json\/wp\/v2\/tags?post=57581"}],"curies":[{"name":"wp","href":"https:\/\/api.w.org\/{rel}","templated":true}]}}