{"id":57543,"date":"2023-03-29T17:57:35","date_gmt":"2023-03-29T17:57:35","guid":{"rendered":"https:\/\/www.ole.com.ar\/futbol-internacional\/diego-cocca-criticas-seleccion-mexico-ignacio-ambriz_0_1NT1VKGqAF.html"},"modified":"2023-03-29T17:57:35","modified_gmt":"2023-03-29T17:57:35","slug":"siguen-las-criticas-por-la-eleccion-de-cocca-como-dt-de-mexico","status":"publish","type":"post","link":"http:\/\/hoycordobaweb.com\/index.php\/2023\/03\/29\/siguen-las-criticas-por-la-eleccion-de-cocca-como-dt-de-mexico\/","title":{"rendered":"Siguen las cr\u00edticas por la elecci\u00f3n de Cocca como DT de M\u00e9xico"},"content":{"rendered":"<p><img src=\"http:\/\/hoycordobaweb.com\/wp-content\/uploads\/2023\/03\/siguen-las-criticas-por-la-eleccion-de-cocca-como-dt-de-mexico.jpg\"><\/p>\n<p><time class=\"createDate\" datetime=\"2023-03-29T14:57:35-03:00\">29\/03\/2023 14:57hs.<\/time><time class=\"modificatedDate\" datetime=\"2023\/03\/29T14:57:35-03:00\"><\/time><\/p>\n<div id=\"storyBody\">\n<div class=\"custom-text \" readability=\"32.936170212766\">\n<p>El proceso de <a href=\"https:\/\/www.ole.com.ar\/tema\/diego-cocca.html\" title=\"Diego Cocca\" alt=\"Diego Cocca\" class=\"slug\"><strong>Diego Cocca<\/strong><\/a> en la <a href=\"https:\/\/www.ole.com.ar\/tema\/seleccion-de-mexico.html\" title=\"Selecci\u00f3n de M\u00e9xico\" alt=\"Selecci\u00f3n de M\u00e9xico\" class=\"slug\">selecci\u00f3n de M\u00e9xico<\/a> no comenz\u00f3 de la mejor manera. Si bien logr\u00f3 la clasificaci\u00f3n al Final Four de la Concacaf Nations League gracias a la victoria 2-0 vs. Surinam y el empate 2-2 ante Jamaica, <strong>las cr\u00edticas no tardaron en caerle<\/strong>. <strong>Uno de los principales cuestionamientos le exceden: se quejan que la designaci\u00f3n de un nuevo DT extranjero.<\/strong><\/p>\n<\/div>\n<div class=\"sc-996041c8-0 iUjELL\"><img alt=\"Una victoria y un empate para los suyos. (AP\/Fernando Llano)\" src=\"http:\/\/hoycordobaweb.com\/wp-content\/uploads\/2023\/03\/siguen-las-criticas-por-la-eleccion-de-cocca-como-dt-de-mexico-2.jpg\" width=\"72\" height=\"10\" decoding=\"async\" data-nimg=\"future\" loading=\"lazy\"><span>Una victoria y un empate para los suyos. (AP\/Fernando Llano)<\/span><\/div>\n<div class=\"sc-489cef11-0 eZyHVk\" readability=\"6\">\n<section readability=\"2\"><picture><img alt=\"Los pasos a seguir para Diego Cocca en M\u00e9xico\" src=\"http:\/\/hoycordobaweb.com\/wp-content\/uploads\/2023\/03\/siguen-las-criticas-por-la-eleccion-de-cocca-como-dt-de-mexico-3.jpg\" width=\"29\" height=\"29\" decoding=\"async\" data-nimg=\"future\" loading=\"lazy\"><\/picture>\n<p><span>Mir\u00e1 tambi\u00e9n<\/span><\/p>\n<hr>\n<h3>Los pasos a seguir para Diego Cocca en M\u00e9xico<\/h3>\n<\/p>\n<\/section>\n<\/div>\n<p><h2><strong>Siguen las cr\u00edticas<\/strong><\/h2>\n<\/p>\n<div class=\"custom-text \" readability=\"38.465753424658\">\n<p>Uno de los que se mostr\u00f3 detractor del Tri fue <a href=\"https:\/\/www.ole.com.ar\/tema\/ignacio-ambriz.html\" title=\"Ignacio Ambriz\" alt=\"Ignacio Ambriz\" class=\"slug\">Ignacio Ambriz<\/a>, entrenador del Toluca, quien ironiz\u00f3 sobre la elecci\u00f3n de Cocca: <strong>\u00abMe falt\u00f3 presentar el pasaporte espa\u00f1ol para dirigir al seleccionado\u00bb<\/strong>. Adem\u00e1s, dijo que agarrar\u00eda el mando de la selecci\u00f3n ante una salida del argentino: <strong>\u00abPor M\u00e9xico s\u00ed, me siento con la capacidad. Claro que s\u00ed, por M\u00e9xico\u00bb.<\/strong><\/p>\n<\/div>\n<div class=\"custom-text \" readability=\"41\">\n<p><strong>\u00abM\u00e9xico perdi\u00f3 la identidad completa despu\u00e9s del mundial. Fue un fracaso total, M\u00e9xico est\u00e1 en una crisis muy fuerte a todos los niveles. <\/strong>Si despu\u00e9s de esto lo que pas\u00f3, yo lo declar\u00e9, y si me cuesta selecci\u00f3n no me importa, porque el futbol mexicano me ha dado todo. Por qu\u00e9 no nos damos cuenta y tenemos que copiar las buenas cosas, hacer cosas para crecer y cada vez vamos m\u00e1s para abajo\u00bb, a\u00f1adi\u00f3 sobre M\u00e9xico.<\/p>\n<\/div>\n<div class=\"sc-996041c8-0 iUjELL\"><img alt=\"Quiere su oportunidad. (PEDRO PARDO \/ AFP)\" src=\"http:\/\/hoycordobaweb.com\/wp-content\/uploads\/2023\/03\/siguen-las-criticas-por-la-eleccion-de-cocca-como-dt-de-mexico-4.jpg\" width=\"72\" height=\"10\" decoding=\"async\" data-nimg=\"future\" loading=\"lazy\"><span>Quiere su oportunidad. (PEDRO PARDO \/ AFP)<\/span><\/div>\n<div class=\"sc-489cef11-0 eZyHVk\" readability=\"6\">\n<section readability=\"2\"><picture><img alt=\"Oficial: el Turco Mohamed vuelve a dirigir\" src=\"http:\/\/hoycordobaweb.com\/wp-content\/uploads\/2023\/03\/siguen-las-criticas-por-la-eleccion-de-cocca-como-dt-de-mexico-5.jpg\" width=\"29\" height=\"29\" decoding=\"async\" data-nimg=\"future\" loading=\"lazy\"><\/picture>\n<p><span>Mir\u00e1 tambi\u00e9n<\/span><\/p>\n<hr>\n<h3>Oficial: el Turco Mohamed vuelve a dirigir<\/h3>\n<\/p>\n<\/section>\n<\/div>\n<div class=\"custom-text \" readability=\"36\">\n<p>Y reproch\u00f3 los criterios de las convocatorias: \u00abAntes trabajabas para la lista, para salir en la lista. Ahora con tres partidos bien eres convocado. O la otra, decir que yo no voy o a este o tal torneo no voy\u00bb.<\/p>\n<\/div>\n<p><h2><strong>Hugo S\u00e1nchez se postul\u00f3<\/strong><\/h2>\n<\/p>\n<div class=\"custom-text \" readability=\"37\">\n<p><strong>\u00abPodemos ser campeones del mundo, pero se necesitan tres procesos mundialistas. Si me dejan tres procesos mundialistas yo me comprometo a que podemos ser campeones del mundo, pero los due\u00f1os y los directivos del f\u00fatbol mexicano no lo ven as\u00ed\u00bb<\/strong>, tir\u00f3 <strong>Hugo S\u00e1nchez<\/strong> en di\u00e1logo con La Ovaci\u00f3n.<\/p>\n<\/div>\n<div class=\"custom-text \" readability=\"37\">\n<p>Adem\u00e1s, dej\u00f3 en claro su disconformidad por no tener una nueva oportunidad al mando de su seleccionado: \u00abMe incomoda, me molesta que no se me est\u00e9 sacando provecho, porque me estoy haciendo mayor\u00bb.<\/p>\n<\/div>\n<div class=\"sc-996041c8-0 iUjELL\"><img alt=\"Un cr\u00edtico de los \u00faltimos entrenadores del Tri.\" src=\"http:\/\/hoycordobaweb.com\/wp-content\/uploads\/2023\/03\/siguen-las-criticas-por-la-eleccion-de-cocca-como-dt-de-mexico-6.jpg\" width=\"72\" height=\"10\" decoding=\"async\" data-nimg=\"future\" loading=\"lazy\"><span>Un cr\u00edtico de los \u00faltimos entrenadores del Tri.<\/span><\/div>\n<div class=\"sc-489cef11-0 eZyHVk\" readability=\"6\">\n<section readability=\"2\"><picture><img alt=\"Hugo S\u00e1nchez quiere dirigir a M\u00e9xico: &quot;Podemos ser campeones del mundo&quot;\" src=\"http:\/\/hoycordobaweb.com\/wp-content\/uploads\/2023\/03\/siguen-las-criticas-por-la-eleccion-de-cocca-como-dt-de-mexico-7.jpg\" width=\"29\" height=\"29\" decoding=\"async\" data-nimg=\"future\" loading=\"lazy\"><\/picture>\n<p><span>Mir\u00e1 tambi\u00e9n<\/span><\/p>\n<hr>\n<h3>Hugo S\u00e1nchez quiere dirigir a M\u00e9xico: \u00abPodemos ser campeones del mundo\u00bb<\/h3>\n<\/p>\n<\/section>\n<\/div>\n<div class=\"custom-text \" readability=\"34\">\n<p>Tambi\u00e9n se mostr\u00f3 cr\u00edtico por la elecci\u00f3n de un nuevo t\u00e9cnico extranjero: \u00abNo consiguieron nada importante\u00bb. Y solt\u00f3: \u00abQuien debe estar en ese puesto es un mexicano y all\u00ed es donde me desilusiona el hecho de que nuestros dirigentes no est\u00e1n tomando las decisiones correctas\u00bb.<\/p>\n<\/div>\n<div class=\"custom-text \" readability=\"37\">\n<p>\u00abAhora llevamos, no s\u00e9 si son 4 o 5 entrenadores que no son mexicanos y no conseguimos nada importante, estamos igual. Entonces de que est\u00e9 uno de fuera a que est\u00e9 un mexicano\u2026 hay que poner a la gente nuestra\u00bb, sentenci\u00f3 Hugol.<\/p>\n<\/div>\n<div class=\"sc-489cef11-0 eZyHVk\" readability=\"6.5\">\n<section readability=\"3\"><picture><img alt=\"Cocca, tras los silbidos del p\u00fablico mexicano: &quot;La gente puede opinar lo que quiera&quot;\" src=\"http:\/\/hoycordobaweb.com\/wp-content\/uploads\/2023\/03\/siguen-las-criticas-por-la-eleccion-de-cocca-como-dt-de-mexico-8.jpg\" width=\"29\" height=\"29\" decoding=\"async\" data-nimg=\"future\" loading=\"lazy\"><\/picture>\n<p><span>Mir\u00e1 tambi\u00e9n<\/span><\/p>\n<hr>\n<h3>Cocca, tras los silbidos del p\u00fablico mexicano: \u00abLa gente puede opinar lo que quiera\u00bb<\/h3>\n<\/p>\n<\/section>\n<\/div>\n<div class=\"sc-489cef11-0 eZyHVk\" readability=\"6.5\">\n<section readability=\"3\"><picture><img alt=\"El periodista anti Messi no descansa: los tuits en medio de la celebraci\u00f3n de la Selecci\u00f3n\" src=\"http:\/\/hoycordobaweb.com\/wp-content\/uploads\/2023\/03\/siguen-las-criticas-por-la-eleccion-de-cocca-como-dt-de-mexico-9.jpg\" width=\"29\" height=\"29\" decoding=\"async\" data-nimg=\"future\" loading=\"lazy\"><\/picture>\n<p><span>Mir\u00e1 tambi\u00e9n<\/span><\/p>\n<hr>\n<h3>El periodista anti Messi no descansa: los tuits en medio de la celebraci\u00f3n de la Selecci\u00f3n<\/h3>\n<\/p>\n<\/section>\n<\/div>\n<\/div>\n","protected":false},"excerpt":{"rendered":"<p>29\/03\/2023 14:57hs. El proceso de Diego Cocca en la selecci\u00f3n de M\u00e9xico no comenz\u00f3 de la mejor manera. Si bien logr\u00f3 la clasificaci\u00f3n al Final Four de la Concacaf Nations League gracias a la victoria 2-0 vs. Surinam y el empate 2-2 ante Jamaica, las cr\u00edticas no tardaron en caerle. Uno de los principales cuestionamientos [&hellip;]<\/p>\n","protected":false},"author":1,"featured_media":57544,"comment_status":"open","ping_status":"closed","sticky":false,"template":"","format":"standard","meta":[],"categories":[16],"tags":[],"_links":{"self":[{"href":"http:\/\/hoycordobaweb.com\/index.php\/wp-json\/wp\/v2\/posts\/57543"}],"collection":[{"href":"http:\/\/hoycordobaweb.com\/index.php\/wp-json\/wp\/v2\/posts"}],"about":[{"href":"http:\/\/hoycordobaweb.com\/index.php\/wp-json\/wp\/v2\/types\/post"}],"author":[{"embeddable":true,"href":"http:\/\/hoycordobaweb.com\/index.php\/wp-json\/wp\/v2\/users\/1"}],"replies":[{"embeddable":true,"href":"http:\/\/hoycordobaweb.com\/index.php\/wp-json\/wp\/v2\/comments?post=57543"}],"version-history":[{"count":0,"href":"http:\/\/hoycordobaweb.com\/index.php\/wp-json\/wp\/v2\/posts\/57543\/revisions"}],"wp:featuredmedia":[{"embeddable":true,"href":"http:\/\/hoycordobaweb.com\/index.php\/wp-json\/wp\/v2\/media\/57544"}],"wp:attachment":[{"href":"http:\/\/hoycordobaweb.com\/index.php\/wp-json\/wp\/v2\/media?parent=57543"}],"wp:term":[{"taxonomy":"category","embeddable":true,"href":"http:\/\/hoycordobaweb.com\/index.php\/wp-json\/wp\/v2\/categories?post=57543"},{"taxonomy":"post_tag","embeddable":true,"href":"http:\/\/hoycordobaweb.com\/index.php\/wp-json\/wp\/v2\/tags?post=57543"}],"curies":[{"name":"wp","href":"https:\/\/api.w.org\/{rel}","templated":true}]}}