{"id":57537,"date":"2023-03-29T18:16:39","date_gmt":"2023-03-29T18:16:39","guid":{"rendered":"https:\/\/www.ole.com.ar\/boca-juniors\/boca-beto-marcico-banco-ibarra-apunto-jugadores_0_fjhjOF4yMs.html"},"modified":"2023-03-29T18:16:39","modified_gmt":"2023-03-29T18:16:39","slug":"marcico-la-banca-a-ibarra-la-critica-a-los-jugadores-y-su-opinion-sobre-martino","status":"publish","type":"post","link":"http:\/\/hoycordobaweb.com\/index.php\/2023\/03\/29\/marcico-la-banca-a-ibarra-la-critica-a-los-jugadores-y-su-opinion-sobre-martino\/","title":{"rendered":"M\u00e1rcico: la banca a Ibarra, la cr\u00edtica a los jugadores y su opinion sobre Martino"},"content":{"rendered":"<p><img src=\"http:\/\/hoycordobaweb.com\/wp-content\/uploads\/2023\/03\/marcico-la-banca-a-ibarra-la-critica-a-los-jugadores-y-su-opinion-sobre-martino.jpg\"><\/p>\n<p><time class=\"createDate\" datetime=\"2023-03-29T15:16:39-03:00\">29\/03\/2023 15:16hs.<\/time><time class=\"modificatedDate\" datetime=\"2023\/03\/29T15:41:02-03:00\"> Actualizado al 29\/03\/2023 15:41hs.<\/time><\/p>\n<div id=\"storyBody\">\n<div class=\"custom-text \" readability=\"38\">\n<p>El despido de Hugo Ibarra como entrenador sacudi\u00f3 a todo el mundo de Boca y si bien, el funcionamiento del equipo no era el mejor, hay quienes salieron a respaldar al Negro tras la determinaci\u00f3n tomada por el Consejo de F\u00fatbol. Uno de ellos fue Alberto M\u00e1rcico, \u00eddolo y palabra autorizada en el club.<\/p>\n<\/div>\n<div class=\"custom-text \" readability=\"44\">\n<p>\u00ab<strong>Aunque tengas al mejor t\u00e9cnico del mundo, si no levantan cinco o seis jugadores, el equipo va a seguir muy bajo<\/strong>\u00ab, expres\u00f3 el Beto en una entrevista para D Sports Radio en apoyo al ex DT, a quien deslig\u00f3, en parte, sobre el presente azul y oro. Aunque apunt\u00f3 contra el rendimiento de algunos futbolistas, tambi\u00e9n dio su an\u00e1lisis sobre el funcionamiento del equipo. \u00abBoca no tiene un equipo que juega colectivamente, depende siempre de sus individualidades\u00bb, coment\u00f3.<\/p>\n<\/div>\n<div class=\"sc-489cef11-0 eZyHVk\" readability=\"6\">\n<section readability=\"2\"><picture><img alt=\"El mensaje despedida de Boca para el Negro Ibarra\" src=\"http:\/\/hoycordobaweb.com\/wp-content\/uploads\/2023\/03\/marcico-la-banca-a-ibarra-la-critica-a-los-jugadores-y-su-opinion-sobre-martino-2.jpg\" width=\"29\" height=\"29\" decoding=\"async\" data-nimg=\"future\" loading=\"lazy\"><\/picture>\n<p><span>Mir\u00e1 tambi\u00e9n<\/span><\/p>\n<hr>\n<h3>El mensaje despedida de Boca para el Negro Ibarra<\/h3>\n<\/p>\n<\/section>\n<\/div>\n<div class=\"custom-text \" readability=\"37\">\n<p>La critica a no qued\u00f3 ah\u00ed. Ya que prosigui\u00f3 pero, esta vez, se\u00f1alando la ausencia de l\u00edderes y cuestionando a los experimentados del plantel: \u00ab<strong>No s\u00e9 si Boca tiene los referentes de los que tanto se habla<\/strong>. Hay jugadores que vos cre\u00e9s que tienen personalidad para una cosa y no la tienen para otra\u00bb.<\/p>\n<\/div>\n<div class=\"custom-text \" readability=\"35\">\n<p>Sin embargo, reflexion\u00f3 sobre que el problema no est\u00e1 solamente en el vestuario xeneize sino que se trata de un inconveniente \u00abgeneral y generacional\u00bb debido a que el f\u00fatbol de ahora se vive de otra manera y que poco tiene que ver con la \u00e9poca en la que \u00e9l fue jugador profesional.<\/p>\n<\/div>\n<div class=\"sc-489cef11-0 eZyHVk\" readability=\"6\">\n<section readability=\"2\"><picture><img alt=\"Los elogios de Martino al Riquelme jugador\" src=\"http:\/\/hoycordobaweb.com\/wp-content\/uploads\/2023\/03\/marcico-la-banca-a-ibarra-la-critica-a-los-jugadores-y-su-opinion-sobre-martino-3.jpg\" width=\"29\" height=\"29\" decoding=\"async\" data-nimg=\"future\" loading=\"lazy\"><\/picture>\n<p><span>Mir\u00e1 tambi\u00e9n<\/span><\/p>\n<hr>\n<h3>Los elogios de Martino al Riquelme jugador<\/h3>\n<\/p>\n<\/section>\n<\/div>\n<p><h2>Sobre el Tata Martino<\/h2>\n<\/p>\n<div class=\"custom-text \" readability=\"40\">\n<p>Aunque el Beto no estaba tan de acuerdo con la idea de relevar al Negro de su cargo, se mostr\u00f3 optimista por la posible llegada de Martino al club. \u00ab<strong>Es un DT de experiencia. Me gusta Martino, si era el momento de un cambio, era este, antes de que empiece la Libertadores<\/strong>\u00ab, destac\u00f3 el ganador de tres t\u00edtulos en Boca.<\/p>\n<\/div>\n<div class=\"sc-996041c8-0 iUjELL\"><img alt=\"Beto asegur\u00f3 que la relacion entre R\u00f3many Martino no sera como con Battaglia e Ibarra \" src=\"http:\/\/hoycordobaweb.com\/wp-content\/uploads\/2023\/03\/marcico-la-banca-a-ibarra-la-critica-a-los-jugadores-y-su-opinion-sobre-martino-4.jpg\" width=\"72\" height=\"10\" decoding=\"async\" data-nimg=\"future\" loading=\"lazy\"><span>Beto asegur\u00f3 que la relacion entre R\u00f3many Martino no sera como con Battaglia e Ibarra <\/span><\/div>\n<div class=\"custom-text \" readability=\"38\">\n<p>\u00abRom\u00e1n no jug\u00f3 con Martino, entonces no tiene relaci\u00f3n futbol\u00edstica, va a ser distinta la relaci\u00f3n que con Battaglia o Ibarra ,con los que hab\u00eda jugado\u00bb, cerr\u00f3 M\u00e1rcico asegurando que ser\u00e1 diferente el trato y el v\u00ednculo que tendr\u00e1 JR con el t\u00e9cnico rosarino.<\/p>\n<\/div>\n<div class=\"custom-text \" readability=\"33\">\n<p>El cambio de entrenador a d\u00edas del inicio de la Copa Libertadores deja al descubierto que Riquelme y compa\u00f1\u00eda apuestan todas las fichas a ganar la S\u00e9ptima en un a\u00f1o de elecciones.<\/p>\n<\/div>\n<div class=\"sc-489cef11-0 eZyHVk\" readability=\"6\">\n<section readability=\"2\"><picture><img alt=\"Encuesta: \u00bfest\u00e1s de acuerdo con la posible llegada de Martino a Boca?\" src=\"http:\/\/hoycordobaweb.com\/wp-content\/uploads\/2023\/03\/marcico-la-banca-a-ibarra-la-critica-a-los-jugadores-y-su-opinion-sobre-martino-5.jpg\" width=\"29\" height=\"29\" decoding=\"async\" data-nimg=\"future\" loading=\"lazy\"><\/picture>\n<p><span>Mir\u00e1 tambi\u00e9n<\/span><\/p>\n<hr>\n<h3>Encuesta: \u00bfest\u00e1s de acuerdo con la posible llegada de Martino a Boca?<\/h3>\n<\/p>\n<\/section>\n<\/div>\n<div class=\"sc-489cef11-0 eZyHVk\" readability=\"6\">\n<section readability=\"2\"><picture><img alt=\"Contacto Riquelme-Martino: \u00bfqu\u00e9 falta para que sea el DT de Boca?\" src=\"http:\/\/hoycordobaweb.com\/wp-content\/uploads\/2023\/03\/marcico-la-banca-a-ibarra-la-critica-a-los-jugadores-y-su-opinion-sobre-martino-6.jpg\" width=\"29\" height=\"29\" decoding=\"async\" data-nimg=\"future\" loading=\"lazy\"><\/picture>\n<p><span>Mir\u00e1 tambi\u00e9n<\/span><\/p>\n<hr>\n<h3>Contacto Riquelme-Martino: \u00bfqu\u00e9 falta para que sea el DT de Boca?<\/h3>\n<\/p>\n<\/section>\n<\/div>\n<div class=\"sc-489cef11-0 eZyHVk\" readability=\"6\">\n<section readability=\"2\"><picture><img alt=\"El dardo de Pergolini a Riquelme tras la salida de Ibarra\" src=\"http:\/\/hoycordobaweb.com\/wp-content\/uploads\/2023\/03\/marcico-la-banca-a-ibarra-la-critica-a-los-jugadores-y-su-opinion-sobre-martino-7.jpg\" width=\"29\" height=\"29\" decoding=\"async\" data-nimg=\"future\" loading=\"lazy\"><\/picture>\n<p><span>Mir\u00e1 tambi\u00e9n<\/span><\/p>\n<hr>\n<h3>El dardo de Pergolini a Riquelme tras la salida de Ibarra<\/h3>\n<\/p>\n<\/section>\n<\/div>\n<\/div>\n","protected":false},"excerpt":{"rendered":"<p>29\/03\/2023 15:16hs. Actualizado al 29\/03\/2023 15:41hs. El despido de Hugo Ibarra como entrenador sacudi\u00f3 a todo el mundo de Boca y si bien, el funcionamiento del equipo no era el mejor, hay quienes salieron a respaldar al Negro tras la determinaci\u00f3n tomada por el Consejo de F\u00fatbol. Uno de ellos fue Alberto M\u00e1rcico, \u00eddolo y [&hellip;]<\/p>\n","protected":false},"author":1,"featured_media":57538,"comment_status":"open","ping_status":"closed","sticky":false,"template":"","format":"standard","meta":[],"categories":[16],"tags":[],"_links":{"self":[{"href":"http:\/\/hoycordobaweb.com\/index.php\/wp-json\/wp\/v2\/posts\/57537"}],"collection":[{"href":"http:\/\/hoycordobaweb.com\/index.php\/wp-json\/wp\/v2\/posts"}],"about":[{"href":"http:\/\/hoycordobaweb.com\/index.php\/wp-json\/wp\/v2\/types\/post"}],"author":[{"embeddable":true,"href":"http:\/\/hoycordobaweb.com\/index.php\/wp-json\/wp\/v2\/users\/1"}],"replies":[{"embeddable":true,"href":"http:\/\/hoycordobaweb.com\/index.php\/wp-json\/wp\/v2\/comments?post=57537"}],"version-history":[{"count":0,"href":"http:\/\/hoycordobaweb.com\/index.php\/wp-json\/wp\/v2\/posts\/57537\/revisions"}],"wp:featuredmedia":[{"embeddable":true,"href":"http:\/\/hoycordobaweb.com\/index.php\/wp-json\/wp\/v2\/media\/57538"}],"wp:attachment":[{"href":"http:\/\/hoycordobaweb.com\/index.php\/wp-json\/wp\/v2\/media?parent=57537"}],"wp:term":[{"taxonomy":"category","embeddable":true,"href":"http:\/\/hoycordobaweb.com\/index.php\/wp-json\/wp\/v2\/categories?post=57537"},{"taxonomy":"post_tag","embeddable":true,"href":"http:\/\/hoycordobaweb.com\/index.php\/wp-json\/wp\/v2\/tags?post=57537"}],"curies":[{"name":"wp","href":"https:\/\/api.w.org\/{rel}","templated":true}]}}