{"id":57525,"date":"2023-03-29T15:42:28","date_gmt":"2023-03-29T15:42:28","guid":{"rendered":"https:\/\/ladecimaweb.com\/?p=16337"},"modified":"2023-03-29T15:42:28","modified_gmt":"2023-03-29T15:42:28","slug":"la-vacunacion-antigripal-ya-esta-disponible-para-todos-los-grupos-objetivo","status":"publish","type":"post","link":"http:\/\/hoycordobaweb.com\/index.php\/2023\/03\/29\/la-vacunacion-antigripal-ya-esta-disponible-para-todos-los-grupos-objetivo\/","title":{"rendered":"La vacunaci\u00f3n antigripal ya est\u00e1 disponible para todos los grupos objetivo"},"content":{"rendered":"<div class=\"boldgrid-section\">\n<div class=\"container\">\n<div class=\"row\">\n<div class=\"col-md-12 col-xs-12 col-sm-12\">\n<p>A partir de esta semana, el Ministerio de Salud extiende la vacunaci\u00f3n antigripal a personas de entre 2 y 64 a\u00f1os con factores de riesgo, adultas de 65 a\u00f1os o m\u00e1s y a personal estrat\u00e9gico. La campa\u00f1a hab\u00eda comenzado con la aplicaci\u00f3n de dosis para personas embarazadas, equipos de salud, y ni\u00f1os y ni\u00f1as de 6 a 24 meses. De esta manera,<span>&nbsp;<\/span><strong>todos los grupos objetivo de la campa\u00f1a ya pueden recibir su dosis.<\/strong><\/p>\n<p class=\"\">Quienes tengan<span>&nbsp;<\/span><strong>factores de riesgo<span>&nbsp;<\/span><\/strong>(*), al asistir al punto de vacunaci\u00f3n, deber\u00e1n presentar<span>&nbsp;<\/span><strong>orden m\u00e9dica<\/strong><span>&nbsp;<\/span>o<span>&nbsp;<\/span><strong>documentaci\u00f3n<\/strong><span>&nbsp;<\/span>que certifique la existencia de enfermedades preexistentes (excepto personas con obesidad).<\/p>\n<p>Cabe recordar que los grupos objetivo para la vacuna contra la gripe o influenza son aquellos que representan<span>&nbsp;<\/span><strong>mayor riesgo de tener complicaciones graves en caso de enfermarse<\/strong>. Respecto a equipos de salud, se contempla que es el sector que garantiza la atenci\u00f3n sanitaria al resto de la poblaci\u00f3n y su exposici\u00f3n.<\/p>\n<p>Las dosis est\u00e1n disponibles en&nbsp;<strong>los m\u00e1s de 800&nbsp;<\/strong><a href=\"https:\/\/ministeriodesalud.cba.gov.ar\/centros-de-vacunacion\/\"><strong>vacunatorios<\/strong><\/a>&nbsp;de la provincia, donde tambi\u00e9n pueden completarse esquemas<strong>.&nbsp;<\/strong>La vacuna&nbsp;<strong>antigripal es gratuita para la poblaci\u00f3n objetivo<\/strong>&nbsp;y se puede aplicar junto con cualquier otra vacuna, incluyendo las dosis para Covid-19.<\/p>\n<p>Asimismo, se recuerda que se debe&nbsp;<strong>presentar DNI y carn\u00e9 de vacunaci\u00f3n,&nbsp;<\/strong>aunque este \u00faltimo requisito no es excluyente.<\/p>\n<p><strong>(*) Factores de riesgo:<\/strong><em><span>&nbsp;<\/span>obesidad, diabetes, enfermedades respiratorias, enfermedades card\u00edacas, inmunodeficiencias cong\u00e9nitas o adquiridas, pacientes oncohematol\u00f3gicos, trasplantados o personas con insuficiencia renal cr\u00f3nica en di\u00e1lisis, personas con retraso madurativo grave en menores de 18 a\u00f1os de edad, s\u00edndromes gen\u00e9ticos, enfermedades neuromusculares con compromiso respiratorio y malformaciones cong\u00e9nitas graves, tratamiento cr\u00f3nico con \u00e1cido acetilsalic\u00edlico en menores de 18 a\u00f1os, convivientes de personas con enfermedad oncohematol\u00f3gica y convivientes de reci\u00e9n nacidos prematuros menores de 1.500 g.<\/em><\/p>\n<div class=\"ubm_banner\"><a href=\"https:\/\/www.cba.gov.ar\" target=\"_blank\" rel=\"dofollow noopener noreferrer\"><img src=\"http:\/\/hoycordobaweb.com\/wp-content\/uploads\/2023\/03\/la-vacunacion-antigripal-ya-esta-disponible-para-todos-los-grupos-objetivo.gif\" alt=\"\"><\/a><\/div>\n<\/div>\n<\/div>\n<\/div>\n<\/div>\n<p>La entrada <a rel=\"nofollow\" href=\"https:\/\/ladecimaweb.com\/la-vacunacion-antigripal-ya-esta-disponible-para-todos-los-grupos-objetivo\/\">La vacunaci\u00f3n antigripal ya est\u00e1 disponible para todos los grupos objetivo<\/a> se public\u00f3 primero en <a rel=\"nofollow\" href=\"https:\/\/ladecimaweb.com\">LaDecima<\/a>.<\/p>\n","protected":false},"excerpt":{"rendered":"<p>A partir de esta semana, el Ministerio de Salud extiende la vacunaci\u00f3n antigripal a personas de entre 2 y 64 a\u00f1os con factores de riesgo, adultas de 65 a\u00f1os o m\u00e1s y a personal estrat\u00e9gico. La campa\u00f1a hab\u00eda comenzado con la aplicaci\u00f3n de dosis para personas embarazadas, equipos de salud, y ni\u00f1os y ni\u00f1as de [&hellip;]<\/p>\n","protected":false},"author":1,"featured_media":57526,"comment_status":"closed","ping_status":"closed","sticky":false,"template":"","format":"standard","meta":[],"categories":[19],"tags":[],"_links":{"self":[{"href":"http:\/\/hoycordobaweb.com\/index.php\/wp-json\/wp\/v2\/posts\/57525"}],"collection":[{"href":"http:\/\/hoycordobaweb.com\/index.php\/wp-json\/wp\/v2\/posts"}],"about":[{"href":"http:\/\/hoycordobaweb.com\/index.php\/wp-json\/wp\/v2\/types\/post"}],"author":[{"embeddable":true,"href":"http:\/\/hoycordobaweb.com\/index.php\/wp-json\/wp\/v2\/users\/1"}],"replies":[{"embeddable":true,"href":"http:\/\/hoycordobaweb.com\/index.php\/wp-json\/wp\/v2\/comments?post=57525"}],"version-history":[{"count":0,"href":"http:\/\/hoycordobaweb.com\/index.php\/wp-json\/wp\/v2\/posts\/57525\/revisions"}],"wp:featuredmedia":[{"embeddable":true,"href":"http:\/\/hoycordobaweb.com\/index.php\/wp-json\/wp\/v2\/media\/57526"}],"wp:attachment":[{"href":"http:\/\/hoycordobaweb.com\/index.php\/wp-json\/wp\/v2\/media?parent=57525"}],"wp:term":[{"taxonomy":"category","embeddable":true,"href":"http:\/\/hoycordobaweb.com\/index.php\/wp-json\/wp\/v2\/categories?post=57525"},{"taxonomy":"post_tag","embeddable":true,"href":"http:\/\/hoycordobaweb.com\/index.php\/wp-json\/wp\/v2\/tags?post=57525"}],"curies":[{"name":"wp","href":"https:\/\/api.w.org\/{rel}","templated":true}]}}