{"id":57516,"date":"2023-03-28T12:45:00","date_gmt":"2023-03-28T12:45:00","guid":{"rendered":"https:\/\/fm-comunicar.com.ar\/contenido\/20120\/volveran-a-proyectar-el-documental-a-40-del-82-deconstruyendo-malvinas"},"modified":"2023-03-28T12:45:00","modified_gmt":"2023-03-28T12:45:00","slug":"volveran-a-proyectar-a-40-del-82-deconstruyendo-malvinas","status":"publish","type":"post","link":"http:\/\/hoycordobaweb.com\/index.php\/2023\/03\/28\/volveran-a-proyectar-a-40-del-82-deconstruyendo-malvinas\/","title":{"rendered":"Volver\u00e1n a proyectar \u00abA 40 del 82, deconstruyendo Malvinas\u00bb"},"content":{"rendered":"<p>El documental fue realizado el a\u00f1o pasado por estudiantes del Ipem 294 de Jes\u00fas Maria. Ser\u00e1 una \u00fanica funci\u00f3n el lunes 3 de abril, con entrada libre y gratuita en Cine Molise.<img src=\"http:\/\/hoycordobaweb.com\/wp-content\/uploads\/2023\/03\/volveran-a-proyectar-a-40-del-82-deconstruyendo-malvinas.jpg\"><\/p>\n","protected":false},"excerpt":{"rendered":"<p>El documental fue realizado el a\u00f1o pasado por estudiantes del Ipem 294 de Jes\u00fas Maria. Ser\u00e1 una \u00fanica funci\u00f3n el lunes 3 de abril, con entrada libre y gratuita en Cine Molise.<\/p>\n","protected":false},"author":1,"featured_media":57517,"comment_status":"closed","ping_status":"closed","sticky":false,"template":"","format":"standard","meta":[],"categories":[18],"tags":[],"_links":{"self":[{"href":"http:\/\/hoycordobaweb.com\/index.php\/wp-json\/wp\/v2\/posts\/57516"}],"collection":[{"href":"http:\/\/hoycordobaweb.com\/index.php\/wp-json\/wp\/v2\/posts"}],"about":[{"href":"http:\/\/hoycordobaweb.com\/index.php\/wp-json\/wp\/v2\/types\/post"}],"author":[{"embeddable":true,"href":"http:\/\/hoycordobaweb.com\/index.php\/wp-json\/wp\/v2\/users\/1"}],"replies":[{"embeddable":true,"href":"http:\/\/hoycordobaweb.com\/index.php\/wp-json\/wp\/v2\/comments?post=57516"}],"version-history":[{"count":0,"href":"http:\/\/hoycordobaweb.com\/index.php\/wp-json\/wp\/v2\/posts\/57516\/revisions"}],"wp:featuredmedia":[{"embeddable":true,"href":"http:\/\/hoycordobaweb.com\/index.php\/wp-json\/wp\/v2\/media\/57517"}],"wp:attachment":[{"href":"http:\/\/hoycordobaweb.com\/index.php\/wp-json\/wp\/v2\/media?parent=57516"}],"wp:term":[{"taxonomy":"category","embeddable":true,"href":"http:\/\/hoycordobaweb.com\/index.php\/wp-json\/wp\/v2\/categories?post=57516"},{"taxonomy":"post_tag","embeddable":true,"href":"http:\/\/hoycordobaweb.com\/index.php\/wp-json\/wp\/v2\/tags?post=57516"}],"curies":[{"name":"wp","href":"https:\/\/api.w.org\/{rel}","templated":true}]}}