{"id":57445,"date":"2023-03-26T16:12:15","date_gmt":"2023-03-26T16:12:15","guid":{"rendered":"https:\/\/www.ole.com.ar\/futbol-internacional\/america\/ancelotti-maximo-candidato-seleccion-brasil_0_5yExReiq2C.html"},"modified":"2023-03-26T16:12:15","modified_gmt":"2023-03-26T16:12:15","slug":"oficial-ahora-si-brasil-va-con-todo-por-ancelotti","status":"publish","type":"post","link":"http:\/\/hoycordobaweb.com\/index.php\/2023\/03\/26\/oficial-ahora-si-brasil-va-con-todo-por-ancelotti\/","title":{"rendered":"Oficial: ahora s\u00ed, Brasil va con todo por Ancelotti"},"content":{"rendered":"<p><img src=\"http:\/\/hoycordobaweb.com\/wp-content\/uploads\/2023\/03\/oficial-ahora-si-brasil-va-con-todo-por-ancelotti.jpg\"><\/p>\n<p><time class=\"createDate\" datetime=\"2023-03-26T13:12:15-03:00\">26\/03\/2023 13:12hs.<\/time><time class=\"modificatedDate\" datetime=\"2023\/03\/26T13:18:11-03:00\"> Actualizado al 26\/03\/2023 13:18hs.<\/time><\/p>\n<div id=\"storyBody\">\n<div class=\"custom-text \" readability=\"30.764940239044\">\n<p>Pese a que solo se trat\u00f3 de un amistoso,<a href=\"https:\/\/www.ole.com.ar\/futbol-internacional\/brasil-marruecos-amistoso_0_uMDcyExFhv.html\"><strong> la derrota de Brasil ante Marruecos por 2-1 no cay\u00f3 nada bien en el pa\u00eds sudamericano. <\/strong><\/a>Con varias caras nuevas y Ramon Menezes como entrenador interino tras la salida de Tit\u00e9, <strong>la Canarinha no jug\u00f3 bien y fue superada por el combinado asi\u00e1tico,<\/strong> que fue la revelaci\u00f3n del Mundial de Qatar 2022. Las inc\u00f3gnitas acerca de qui\u00e9n ser\u00e1 el pr\u00f3ximo entrenador en tomar las riendas en el Scratch se dispararon,<strong> y todos los ca\u00f1ones apuntan a <\/strong><a href=\"https:\/\/www.ole.com.ar\/tema\/carlo-ancelotti.html\" target=\"_blank\" title=\"Carlo Ancelotti\" alt=\"Carlo Ancelotti\" class=\"slug\" rel=\"noopener noreferrer\"><strong>Carlo Ancelotti&#8230;<\/strong><\/a><\/p>\n<\/div>\n<div class=\"custom-text \" readability=\"37.495176848875\">\n<p>Los rumores que ya hab\u00edan circulado sobre la posibilidad de que Carletto se haga cargo de la selecci\u00f3n de Brasil fueron confirmados por el presidente de la Confederaci\u00f3n Brasile\u00f1a de F\u00fatbol, Ednaldo Rodrigues, quien, en di\u00e1logo con Reuters, <strong>reconoci\u00f3 que tienen inter\u00e9s en el entrenador del <\/strong><a href=\"https:\/\/www.ole.com.ar\/tema\/real-madrid.html\" title=\"Real Madrid\" alt=\"Real Madrid\" class=\"slug\"><strong>Real Madrid.<\/strong><\/a><\/p>\n<\/div>\n<div class=\"sc-996041c8-0 iUjELL\"><img alt=\"Ednaldo Rodrigues, presidente de la Confederaci\u00f3n Brasile\u00f1a de F\u00fatbol. \" src=\"http:\/\/hoycordobaweb.com\/wp-content\/uploads\/2023\/03\/oficial-ahora-si-brasil-va-con-todo-por-ancelotti-2.jpg\" width=\"72\" height=\"10\" decoding=\"async\" data-nimg=\"future\" loading=\"lazy\"><span>Ednaldo Rodrigues, presidente de la Confederaci\u00f3n Brasile\u00f1a de F\u00fatbol. <\/span><\/div>\n<div class=\"sc-489cef11-0 eZyHVk\" readability=\"6\">\n<section readability=\"2\"><picture><img alt=\"Esc\u00e1ndalo en el sorteo del Mundial Sub 20: dos pa\u00edses no quieren cruzarse con otro\" src=\"http:\/\/hoycordobaweb.com\/wp-content\/uploads\/2023\/03\/oficial-ahora-si-brasil-va-con-todo-por-ancelotti-3.jpg\" width=\"29\" height=\"29\" decoding=\"async\" data-nimg=\"future\" loading=\"lazy\"><\/picture>\n<p><span>Mir\u00e1 tambi\u00e9n<\/span><\/p>\n<hr>\n<h3>Esc\u00e1ndalo en el sorteo del Mundial Sub 20: dos pa\u00edses no quieren cruzarse con otro<\/h3>\n<\/p>\n<\/section>\n<\/div>\n<div class=\"custom-text \" readability=\"37\">\n<p><strong>\u00abAncelotti es un\u00e1nimemente respetado entre los jugadores. <\/strong>No solo Ronaldo Naz\u00e1rio o Vinicius, sino todos los que han jugado para \u00e9l. <strong>Es el favorito de los jugadores y tambi\u00e9n parece que de los hinchas\u00bb, <\/strong>expres\u00f3 Rodrigues, ante la consulta por el DT de los Merengues.<\/p>\n<\/div>\n<div class=\"sc-489cef11-0 eZyHVk\" readability=\"7\">\n<section readability=\"4\"><picture><img alt=\"Vitor Roque, la joya de Brasil que se convirti\u00f3 en el m\u00e1s joven en debutar desde Ronaldo Naz\u00e1rio\" src=\"http:\/\/hoycordobaweb.com\/wp-content\/uploads\/2023\/03\/oficial-ahora-si-brasil-va-con-todo-por-ancelotti-4.jpg\" width=\"29\" height=\"29\" decoding=\"async\" data-nimg=\"future\" loading=\"lazy\"><\/picture>\n<p><span>Mir\u00e1 tambi\u00e9n<\/span><\/p>\n<hr>\n<h3>Vitor Roque, la joya de Brasil que se convirti\u00f3 en el m\u00e1s joven en debutar desde Ronaldo Naz\u00e1rio<\/h3>\n<\/p>\n<\/section>\n<\/div>\n<div class=\"custom-text \" readability=\"38\">\n<p><strong>\u00abDondequiera que voy en Brasil, en cada estadio, \u00e9l es el primer nombre por el que me preguntan los hinchas.<\/strong> Hablan de \u00e9l de una manera muy cari\u00f1osa, en reconocimiento a un trabajo ejemplar que ha hecho en su carrera\u00bb, explic\u00f3 Rodrigues sobre Ancelotti.<\/p>\n<\/div>\n<div class=\"sc-996041c8-0 iUjELL\"><img alt=\"La buena relaci\u00f3n de Ancelotti con Vinicius. (EFE\/EPA\/FILIP SINGER)\" src=\"http:\/\/hoycordobaweb.com\/wp-content\/uploads\/2023\/03\/oficial-ahora-si-brasil-va-con-todo-por-ancelotti-5.jpg\" width=\"72\" height=\"10\" decoding=\"async\" data-nimg=\"future\" loading=\"lazy\"><span>La buena relaci\u00f3n de Ancelotti con Vinicius. (EFE\/EPA\/FILIP SINGER)<\/span><\/div>\n<div class=\"custom-text \" readability=\"39.393939393939\">\n<p>Esas palabras de Rodrigues, inclusive, hab\u00edan sido confirmadas por <a href=\"https:\/\/www.ole.com.ar\/tema\/ederson.html\" title=\"Ederson\" alt=\"Ederson\" class=\"slug\">Ederson <\/a>en la previa del duelo ante Marruecos. <strong>\u00abLo coment\u00e9 con Casemiro, Vinicius y Militao, y hay una gran posibilidad de que Ancelotti venga. Vamos a buscar ese resultado (eliminando al Real Madrid de la Champions League) para que venga pronto. <\/strong>Lo que me dijeron es que es un entrenador excepcional. Le gusta a todos los jugadores del equipo\u00bb, coment\u00f3 el arquero de la selecci\u00f3n de Brasil.<\/p>\n<\/div>\n<div class=\"sc-e6588e40-0 jdjGfi\">\n<div class=\"sc-e6588e40-1 hsKqox videoText\" id=\"contentTitleundefinedQMvDX9RD\" readability=\"56\"><svg fill=\"#ffffff\"><symbol id=\"play\" viewBox=\"0 0 512 512\"><path d=\"M512 256C512 397.4 397.4 512 256 512C114.6 512 0 397.4 0 256C0 114.6 114.6 0 256 0C397.4 0 512 114.6 512 256zM176 168V344C176 352.7 180.7 360.7 188.3 364.9C195.8 369.2 205.1 369 212.5 364.5L356.5 276.5C363.6 272.1 368 264.4 368 256C368 247.6 363.6 239.9 356.5 235.5L212.5 147.5C205.1 142.1 195.8 142.8 188.3 147.1C180.7 151.3 176 159.3 176 168V168z\" \/><\/symbol><use xlink:href=\"#play\" \/><\/svg><\/p>\n<div class=\"right\" readability=\"7\">\n<p>Selecci\u00f3n de Brasil<!-- --> &#8211;<!-- --> <span>26-3-2023<\/span><\/p>\n<h2 class=\"title-vid\">La victoria de Marruecos ante Brasil<\/h2>\n<\/div>\n<\/div>\n<p><span class=\"back\" id=\"spanBackundefinedQMvDX9RD\"><\/span><\/div>\n<div class=\"custom-text \" readability=\"37\">\n<p>Y son tantas las ganas que hay en Brasil de que llegue Ancelotti, que el propio Rodrigues dijo que deposita su confianza en Dios para que se de la posibilidad: <strong>\u00abTengamos fe en Dios, esperemos el momento adecuado y veremos si podemos hacerlo realidad mientras buscamos al nuevo entrenador de la selecci\u00f3n brasile\u00f1a\u00bb.<\/strong><\/p>\n<\/div>\n<div class=\"sc-996041c8-0 iUjELL\"><img alt=\"Ancelotti y un c\u00e1lido saludo con Ram\u00f3n D\u00edaz en la final del Mundial de Clubes. (Fadel Senna \/ AFP)\" src=\"http:\/\/hoycordobaweb.com\/wp-content\/uploads\/2023\/03\/oficial-ahora-si-brasil-va-con-todo-por-ancelotti-6.jpg\" width=\"72\" height=\"10\" decoding=\"async\" data-nimg=\"future\" loading=\"lazy\"><span>Ancelotti y un c\u00e1lido saludo con Ram\u00f3n D\u00edaz en la final del Mundial de Clubes. (Fadel Senna \/ AFP)<\/span><\/div>\n<div class=\"custom-text \" readability=\"36\">\n<p><strong>\u00abSeremos muy \u00e9ticos en nuestro enfoque y respetaremos los contratos que est\u00e1n en vigor. <\/strong>Tambi\u00e9n respetamos mucho el trabajo que hace cualquier entrenador y su club para llegar y hacer cualquier tipo de acercamiento, ser\u00eda una falta de respeto\u00bb, concluy\u00f3 Rodrigues. <\/p>\n<\/div>\n<p><h2><strong>El contrato de Ancelotti con el Real Madrid<\/strong><\/h2>\n<\/p>\n<div class=\"custom-text \" readability=\"40\">\n<p><strong>Ancelotti tiene contrato con el Real Madrid hasta 2024.<\/strong> Esa ser\u00eda la traba principal que impedir\u00eda, al menos por lo pronto, su llegada a la Canarinha. Adem\u00e1s, en ese sentido, Rodrigues fue claro al decir que <strong>\u00abseremos muy \u00e9ticos en nuestro enfoque y respetaremos los contratos que est\u00e1n en vigor\u00bb,<\/strong> por lo que las chances disminuyen un poco m\u00e1s.<\/p>\n<\/div>\n<div class=\"sc-489cef11-0 eZyHVk\" readability=\"6.5\">\n<section readability=\"3\"><picture><img alt=\"Gallardo, \u00bfen la mira del Real Madrid?\" src=\"http:\/\/hoycordobaweb.com\/wp-content\/uploads\/2023\/03\/oficial-ahora-si-brasil-va-con-todo-por-ancelotti-7.jpg\" width=\"29\" height=\"29\" decoding=\"async\" data-nimg=\"future\" loading=\"lazy\"><\/picture>\n<p><span>Mir\u00e1 tambi\u00e9n<\/span><\/p>\n<hr>\n<h3>Gallardo, \u00bfen la mira del Real Madrid?<\/h3>\n<\/p>\n<\/section>\n<\/div>\n<div class=\"custom-text \" readability=\"41\">\n<p>No obstante, desde la prensa brasile\u00f1a dicen que Rodrigues tendr\u00eda la intenci\u00f3n de tener, en las pr\u00f3ximas semanas, una reuni\u00f3n con Ancelotti y con Florentino P\u00e9rez, para conversar sobre el tema. De momento, parece dif\u00edcil, <strong>pero en la Verdeamarela ya avisaron: quieren a Carletto como DT. \u00bfLlegar\u00e1 el italiano al Scratch?<\/strong><\/p>\n<\/div>\n<div class=\"sc-996041c8-0 iUjELL\"><img alt=\"Ancelotti y Florentino P\u00e9rez. (EFE)\" src=\"http:\/\/hoycordobaweb.com\/wp-content\/uploads\/2023\/03\/oficial-ahora-si-brasil-va-con-todo-por-ancelotti-8.jpg\" width=\"72\" height=\"10\" decoding=\"async\" data-nimg=\"future\" loading=\"lazy\"><span>Ancelotti y Florentino P\u00e9rez. (EFE)<\/span><\/div>\n<\/div>\n","protected":false},"excerpt":{"rendered":"<p>26\/03\/2023 13:12hs. Actualizado al 26\/03\/2023 13:18hs. Pese a que solo se trat\u00f3 de un amistoso, la derrota de Brasil ante Marruecos por 2-1 no cay\u00f3 nada bien en el pa\u00eds sudamericano. Con varias caras nuevas y Ramon Menezes como entrenador interino tras la salida de Tit\u00e9, la Canarinha no jug\u00f3 bien y fue superada por [&hellip;]<\/p>\n","protected":false},"author":1,"featured_media":57446,"comment_status":"open","ping_status":"closed","sticky":false,"template":"","format":"standard","meta":[],"categories":[16],"tags":[],"_links":{"self":[{"href":"http:\/\/hoycordobaweb.com\/index.php\/wp-json\/wp\/v2\/posts\/57445"}],"collection":[{"href":"http:\/\/hoycordobaweb.com\/index.php\/wp-json\/wp\/v2\/posts"}],"about":[{"href":"http:\/\/hoycordobaweb.com\/index.php\/wp-json\/wp\/v2\/types\/post"}],"author":[{"embeddable":true,"href":"http:\/\/hoycordobaweb.com\/index.php\/wp-json\/wp\/v2\/users\/1"}],"replies":[{"embeddable":true,"href":"http:\/\/hoycordobaweb.com\/index.php\/wp-json\/wp\/v2\/comments?post=57445"}],"version-history":[{"count":0,"href":"http:\/\/hoycordobaweb.com\/index.php\/wp-json\/wp\/v2\/posts\/57445\/revisions"}],"wp:featuredmedia":[{"embeddable":true,"href":"http:\/\/hoycordobaweb.com\/index.php\/wp-json\/wp\/v2\/media\/57446"}],"wp:attachment":[{"href":"http:\/\/hoycordobaweb.com\/index.php\/wp-json\/wp\/v2\/media?parent=57445"}],"wp:term":[{"taxonomy":"category","embeddable":true,"href":"http:\/\/hoycordobaweb.com\/index.php\/wp-json\/wp\/v2\/categories?post=57445"},{"taxonomy":"post_tag","embeddable":true,"href":"http:\/\/hoycordobaweb.com\/index.php\/wp-json\/wp\/v2\/tags?post=57445"}],"curies":[{"name":"wp","href":"https:\/\/api.w.org\/{rel}","templated":true}]}}