{"id":57435,"date":"2023-03-26T18:29:51","date_gmt":"2023-03-26T18:29:51","guid":{"rendered":"https:\/\/www.ole.com.ar\/boca-juniors\/martin-payero-lesion-boca-copa-argentina_0_Ub4eJS1wqX.html"},"modified":"2023-03-26T18:29:51","modified_gmt":"2023-03-26T18:29:51","slug":"la-mala-racha-de-martin-payero-con-las-lesiones-en-boca","status":"publish","type":"post","link":"http:\/\/hoycordobaweb.com\/index.php\/2023\/03\/26\/la-mala-racha-de-martin-payero-con-las-lesiones-en-boca\/","title":{"rendered":"La mala racha de Mart\u00edn Payero con las lesiones en Boca"},"content":{"rendered":"<p><img src=\"http:\/\/hoycordobaweb.com\/wp-content\/uploads\/2023\/03\/la-mala-racha-de-martin-payero-con-las-lesiones-en-boca.jpg\"><\/p>\n<p><time class=\"createDate\" datetime=\"2023-03-26T15:29:51-03:00\">26\/03\/2023 15:29hs.<\/time><time class=\"modificatedDate\" datetime=\"2023\/03\/26T15:29:51-03:00\"><\/time><\/p>\n<div id=\"storyBody\">\n<div class=\"custom-text \" readability=\"15.205128205128\">\n<p>A los 15&#8242; del ST del partido contra Olimpo en la Copa Argentina, <strong>Mart\u00edn Payero<\/strong> sali\u00f3 a presionar, hizo un movimiento r\u00e1pido, de explosi\u00f3n y ah\u00ed sinti\u00f3 que algo no andaba bien:<strong> cabeza gacha, las dos manos sobre las piernas, se tir\u00f3 al piso, mir\u00f3 al banco y afuera <\/strong>(<a href=\"https:\/\/www.ole.com.ar\/tema\/sebastian-villa.html\" title=\"Sebasti\u00e1n Villa\" alt=\"Sebasti\u00e1n Villa\" class=\"slug\"><strong>Sebasti\u00e1n Villa<\/strong> <\/a>ingres\u00f3 en su lugar). <strong>Preocupaci\u00f3n en <\/strong><a href=\"https:\/\/www.ole.com.ar\/tema\/boca-juniors.html\" title=\"Boca Juniors\" alt=\"Boca Juniors\" class=\"slug\"><strong>Boca<\/strong><\/a><strong>.<\/strong> El mediocampista se volvi\u00f3 de Chaco con <strong>una fuerte molestia en su pierna izquierda y este lunes ser\u00e1 evaluado en el regreso a los entrenamientos<\/strong> del plantel en Ezeiza. <strong>Justo cuando empezaba a ganarse un lugar en el 11 de <\/strong><a href=\"https:\/\/www.ole.com.ar\/tema\/hugo-ibarra.html\" title=\"Hugo Ibarra\" alt=\"Hugo Ibarra\" class=\"slug\"><strong>Hugo Ibarra <\/strong><\/a><strong>y a convertirse en una pieza titular de este equipo&#8230;<\/strong><\/p>\n<\/div>\n<div class=\"sc-489cef11-0 eZyHVk\" readability=\"6\">\n<section readability=\"2\"><picture><img alt=\"Video: el impresionante patio de comidas que se viene en la Bombonera\" src=\"http:\/\/hoycordobaweb.com\/wp-content\/uploads\/2023\/03\/la-mala-racha-de-martin-payero-con-las-lesiones-en-boca-2.jpg\" width=\"29\" height=\"29\" decoding=\"async\" data-nimg=\"future\" loading=\"lazy\"><\/picture>\n<p><span>Mir\u00e1 tambi\u00e9n<\/span><\/p>\n<hr>\n<h3>Video: el impresionante patio de comidas que se viene en la Bombonera<\/h3>\n<\/p>\n<\/section>\n<\/div>\n<div class=\"custom-text \" readability=\"9.8676470588235\">\n<p>Si bien el DT de Boca dijo que tanto \u00e9l como <a href=\"https:\/\/www.ole.com.ar\/tema\/cristian-medina.html\" title=\"Cristian Medina\" alt=\"Cristian Medina\" class=\"slug\"><strong>Cristian Medina<\/strong><\/a> y <a href=\"https:\/\/www.ole.com.ar\/tema\/juan-ramirez.html\" title=\"Juan Ram\u00edrez\" alt=\"Juan Ram\u00edrez\" class=\"slug\"><strong>Juan Ram\u00edrez<\/strong><\/a>, los otros dos que no pudieron terminar el encuentro contra el Aurinegro y tuvieron que ser reemplazados, la realidad es que <strong>la cara del ex mediocampista de Banfield no dej\u00f3 buenas sensaciones.<\/strong><\/p>\n<\/div>\n<div class=\"sc-e6588e40-0 jdjGfi\">\n<div class=\"sc-e6588e40-1 hsKqox videoText\" id=\"contentTitleundefinedc99V5MXs\" readability=\"6\"><svg fill=\"#ffffff\"><symbol id=\"play\" viewBox=\"0 0 512 512\"><path d=\"M512 256C512 397.4 397.4 512 256 512C114.6 512 0 397.4 0 256C0 114.6 114.6 0 256 0C397.4 0 512 114.6 512 256zM176 168V344C176 352.7 180.7 360.7 188.3 364.9C195.8 369.2 205.1 369 212.5 364.5L356.5 276.5C363.6 272.1 368 264.4 368 256C368 247.6 363.6 239.9 356.5 235.5L212.5 147.5C205.1 142.1 195.8 142.8 188.3 147.1C180.7 151.3 176 159.3 176 168V168z\" \/><\/symbol><use xlink:href=\"#play\" \/><\/svg><\/p>\n<div class=\"right\" readability=\"7\">\n<p>Mart\u00edn Payero<!-- --> &#8211;<!-- --> <span>26-3-2023<\/span><\/p>\n<h2 class=\"title-vid\">El momento de la lesi\u00f3n de Mart\u00edn Payero ante Olimpo en la Copa Argentina<\/h2>\n<\/div>\n<\/div>\n<p><span class=\"back\" id=\"spanBackundefinedc99V5MXs\"><\/span><\/div>\n<div class=\"custom-text \" readability=\"12.610972568579\">\n<p><strong>La mala racha de Payero no es solamente porque se lesion\u00f3 en un momento en el que se fue acomodando al equipo<\/strong>, en el que su nivel comenz\u00f3 a crecer partido a partido y en el que<strong> le hizo un golazo de tiro libre a Instituto<\/strong> en<a href=\"https:\/\/www.ole.com.ar\/tema\/la-bombonera.html\" title=\"La Bombonera\" alt=\"La Bombonera\" class=\"slug\"> <strong>la Bombonera<\/strong><\/a>, sino porque<strong> apenas pudo disputar cinco encuentros en lo que va del 2023, siendo que el a\u00f1o pasado casualmente las lesiones lo marginaron durante un buen tiempo.<\/strong><\/p>\n<\/div>\n<div class=\"sc-489cef11-0 eZyHVk\" readability=\"6\">\n<section readability=\"2\"><picture><img alt=\"El Mellizo explic\u00f3 por qu\u00e9 no convoca a los hermanos Romero\" src=\"http:\/\/hoycordobaweb.com\/wp-content\/uploads\/2023\/03\/la-mala-racha-de-martin-payero-con-las-lesiones-en-boca-3.jpg\" width=\"29\" height=\"29\" decoding=\"async\" data-nimg=\"future\" loading=\"lazy\"><\/picture>\n<p><span>Mir\u00e1 tambi\u00e9n<\/span><\/p>\n<hr>\n<h3>El Mellizo explic\u00f3 por qu\u00e9 no convoca a los hermanos Romero<\/h3>\n<\/p>\n<\/section>\n<\/div>\n<div class=\"custom-text \" readability=\"17\">\n<p>De hecho, <strong>el \u00faltimo partido de Payero en 2022 hab\u00eda sido en octubre, en la derrota contra Patronato en la Copa Argentina.<\/strong> Despu\u00e9s de eso, no jug\u00f3 m\u00e1s. Hasta febrero de este a\u00f1o, claro, que empez\u00f3 a tener m\u00e1s participaci\u00f3n y a ganarse un lugar en el equipo: <strong>entr\u00f3 un rato contra Talleres en C\u00f3rdoba (1-2) y con Banfield (0-1), y fue titular contra V\u00e9lez en Liniers (2-1), con Instituto (2-3) y este s\u00e1bado ante Olimpo (2-1).<\/strong><\/p>\n<\/div>\n<div class=\"sc-489cef11-0 eZyHVk\" readability=\"6\">\n<section readability=\"2\"><picture><img alt=\"Macri se baj\u00f3 de las elecciones presidenciales 2023 y se compar\u00f3 con la Selecci\u00f3n\" src=\"http:\/\/hoycordobaweb.com\/wp-content\/uploads\/2023\/03\/la-mala-racha-de-martin-payero-con-las-lesiones-en-boca-4.jpg\" width=\"29\" height=\"29\" decoding=\"async\" data-nimg=\"future\" loading=\"lazy\"><\/picture>\n<p><span>Mir\u00e1 tambi\u00e9n<\/span><\/p>\n<hr>\n<h3>Macri se baj\u00f3 de las elecciones presidenciales 2023 y se compar\u00f3 con la Selecci\u00f3n<\/h3>\n<\/p>\n<\/section>\n<\/div>\n<div class=\"sc-489cef11-0 eZyHVk\" readability=\"6\">\n<section readability=\"2\"><picture><img alt=\"Bizarro: los jugadores de Boca se ba\u00f1aron con \u00a1agua mineral!\" src=\"http:\/\/hoycordobaweb.com\/wp-content\/uploads\/2023\/03\/la-mala-racha-de-martin-payero-con-las-lesiones-en-boca-5.jpg\" width=\"29\" height=\"29\" decoding=\"async\" data-nimg=\"future\" loading=\"lazy\"><\/picture>\n<p><span>Mir\u00e1 tambi\u00e9n<\/span><\/p>\n<hr>\n<h3>Bizarro: los jugadores de Boca se ba\u00f1aron con \u00a1agua mineral!<\/h3>\n<\/p>\n<\/section>\n<\/div>\n<div class=\"sc-e6588e40-0 jdjGfi\">\n<div class=\"sc-e6588e40-1 hsKqox videoText\" id=\"contentTitleundefinedYtfPYnOd\"><svg fill=\"#ffffff\"><symbol id=\"play\" viewBox=\"0 0 512 512\"><path d=\"M512 256C512 397.4 397.4 512 256 512C114.6 512 0 397.4 0 256C0 114.6 114.6 0 256 0C397.4 0 512 114.6 512 256zM176 168V344C176 352.7 180.7 360.7 188.3 364.9C195.8 369.2 205.1 369 212.5 364.5L356.5 276.5C363.6 272.1 368 264.4 368 256C368 247.6 363.6 239.9 356.5 235.5L212.5 147.5C205.1 142.1 195.8 142.8 188.3 147.1C180.7 151.3 176 159.3 176 168V168z\" \/><\/symbol><use xlink:href=\"#play\" \/><\/svg><\/p>\n<div class=\"right\">\n<p>Boca Juniors<!-- --> &#8211;<!-- --> <span>26-3-2023<\/span><\/p>\n<h2 class=\"title-vid\">Mart\u00edn Payero marc\u00f3 un golazo de tiro libre<\/h2>\n<\/div>\n<\/div>\n<p><span class=\"back\" id=\"spanBackundefinedYtfPYnOd\"><\/span><\/div>\n<div class=\"sc-e6588e40-0 jdjGfi\">\n<div class=\"sc-e6588e40-1 hsKqox videoText\" id=\"contentTitleundefineddn9oiOfG\" readability=\"6\"><svg fill=\"#ffffff\"><symbol id=\"play\" viewBox=\"0 0 512 512\"><path d=\"M512 256C512 397.4 397.4 512 256 512C114.6 512 0 397.4 0 256C0 114.6 114.6 0 256 0C397.4 0 512 114.6 512 256zM176 168V344C176 352.7 180.7 360.7 188.3 364.9C195.8 369.2 205.1 369 212.5 364.5L356.5 276.5C363.6 272.1 368 264.4 368 256C368 247.6 363.6 239.9 356.5 235.5L212.5 147.5C205.1 142.1 195.8 142.8 188.3 147.1C180.7 151.3 176 159.3 176 168V168z\" \/><\/symbol><use xlink:href=\"#play\" \/><\/svg><\/p>\n<div class=\"right\" readability=\"7\">\n<p>Mart\u00edn Payero<!-- --> &#8211;<!-- --> <span>26-3-2023<\/span><\/p>\n<h2 class=\"title-vid\">Payero puso a Boca arriba<\/h2>\n<\/div>\n<\/div>\n<p><span class=\"back\" id=\"spanBackundefineddn9oiOfG\"><\/span><\/div>\n<div class=\"custom-text \" readability=\"16\">\n<p>Si la de Payero, que hasta ahora en Boca lleva 22 partidos y dos goles (Aldosivi e Instituto),<strong> puede ser una baja complicada para Ibarra es porque en medio de las dudas y de las pruebas que hace semana a semana el entrenador, Mart\u00edn le aport\u00f3 soluciones: <\/strong>su versatilidad hace que pueda ocupar un lugar en las dos bandas, que pueda pararse adelante de los volantes y atr\u00e1s de los delanteros como hizo contra Olimpo o bien que pueda ser el primero que sale a presionar en la salida del rival como, por ejemplo, hizo con el Fort\u00edn.<\/p>\n<\/div>\n<div class=\"sc-489cef11-0 eZyHVk\" readability=\"7\">\n<section readability=\"4\"><picture><img alt=\"La banca de Serna a Ibarra: &quot;\u00bfS\u00ed sigue? Obvio que s\u00ed, sino no hubiese dirigido hoy&quot;\" src=\"http:\/\/hoycordobaweb.com\/wp-content\/uploads\/2023\/03\/la-mala-racha-de-martin-payero-con-las-lesiones-en-boca-6.jpg\" width=\"29\" height=\"29\" decoding=\"async\" data-nimg=\"future\" loading=\"lazy\"><\/picture>\n<p><span>Mir\u00e1 tambi\u00e9n<\/span><\/p>\n<hr>\n<h3>La banca de Serna a Ibarra: \u00ab\u00bfS\u00ed sigue? Obvio que s\u00ed, sino no hubiese dirigido hoy\u00bb<\/h3>\n<\/p>\n<\/section>\n<\/div>\n<div class=\"sc-489cef11-0 eZyHVk\" readability=\"6\">\n<section readability=\"2\"><picture><img alt=\"Destrozos de hinchas de Olimpo afectaron su vestuario post derrota con Boca\" src=\"http:\/\/hoycordobaweb.com\/wp-content\/uploads\/2023\/03\/la-mala-racha-de-martin-payero-con-las-lesiones-en-boca-7.jpg\" width=\"29\" height=\"29\" decoding=\"async\" data-nimg=\"future\" loading=\"lazy\"><\/picture>\n<p><span>Mir\u00e1 tambi\u00e9n<\/span><\/p>\n<hr>\n<h3>Destrozos de hinchas de Olimpo afectaron su vestuario post derrota con Boca<\/h3>\n<\/p>\n<\/section>\n<\/div>\n<p><h2><strong>\u00bfQU\u00c9 DIJO IBARRA DE LA LESI\u00d3N DE PAYERO?<\/strong><\/h2>\n<\/p>\n<div class=\"custom-text \" readability=\"16\">\n<p>\u00ab<strong>Medina, Payero y Ram\u00edrez tienen una sobrecarga del partido y nada m\u00e1s. Pasado ma\u00f1ana (por este lunes) estar\u00e1n bien\u00bb, <\/strong>dijo el propio Ibarra despu\u00e9s del partido con Olimpo en Chaco. Aunque por lo pronto, y m\u00e1s all\u00e1 del optimismo del t\u00e9cnico de Boca, <strong>habr\u00e1 que esperar a los estudios para saber si, al menos Payero, est\u00e1 okey y no le genera un inconveniente m\u00e1s en el equipo al Negro.<\/strong><\/p>\n<\/div>\n<div class=\"sc-489cef11-0 eZyHVk\" readability=\"6.5\">\n<section readability=\"3\"><picture><img alt=\"Levant\u00f3 Boca: le gan\u00f3 a Olimpo, avanz\u00f3 de fase y tom\u00f3 aire Ibarra\" src=\"http:\/\/hoycordobaweb.com\/wp-content\/uploads\/2023\/03\/la-mala-racha-de-martin-payero-con-las-lesiones-en-boca-8.jpg\" width=\"29\" height=\"29\" decoding=\"async\" data-nimg=\"future\" loading=\"lazy\"><\/picture>\n<p><span>Mir\u00e1 tambi\u00e9n<\/span><\/p>\n<hr>\n<h3>Levant\u00f3 Boca: le gan\u00f3 a Olimpo, avanz\u00f3 de fase y tom\u00f3 aire Ibarra<\/h3>\n<\/p>\n<\/section>\n<\/div>\n<div class=\"sc-489cef11-0 eZyHVk\" readability=\"6.5\">\n<section readability=\"3\"><picture><img alt=\"Benedetto, de sacarse la mufa en los penales a opinar de la situaci\u00f3n de Ibarra\" src=\"http:\/\/hoycordobaweb.com\/wp-content\/uploads\/2023\/03\/la-mala-racha-de-martin-payero-con-las-lesiones-en-boca-9.jpg\" width=\"29\" height=\"29\" decoding=\"async\" data-nimg=\"future\" loading=\"lazy\"><\/picture>\n<p><span>Mir\u00e1 tambi\u00e9n<\/span><\/p>\n<hr>\n<h3>Benedetto, de sacarse la mufa en los penales a opinar de la situaci\u00f3n de Ibarra<\/h3>\n<\/p>\n<\/section>\n<\/div>\n<div class=\"sc-489cef11-0 eZyHVk\" readability=\"7\">\n<section readability=\"4\"><picture><img alt=\"Ibarra, &quot;a\u00f1o pol\u00edtico&quot; y cruce con la prensa: &quot;No me preocupa que se hable de mi continuidad&quot;\" src=\"http:\/\/hoycordobaweb.com\/wp-content\/uploads\/2023\/03\/la-mala-racha-de-martin-payero-con-las-lesiones-en-boca-10.jpg\" width=\"29\" height=\"29\" decoding=\"async\" data-nimg=\"future\" loading=\"lazy\"><\/picture>\n<p><span>Mir\u00e1 tambi\u00e9n<\/span><\/p>\n<hr>\n<h3>Ibarra, \u00aba\u00f1o pol\u00edtico\u00bb y cruce con la prensa: \u00abNo me preocupa que se hable de mi continuidad\u00bb<\/h3>\n<\/p>\n<\/section>\n<\/div>\n<div class=\"sc-e6588e40-0 jdjGfi\">\n<div class=\"sc-e6588e40-1 hsKqox videoText\" id=\"contentTitleundefinedykhR8X2q\"><svg fill=\"#ffffff\"><symbol id=\"play\" viewBox=\"0 0 512 512\"><path d=\"M512 256C512 397.4 397.4 512 256 512C114.6 512 0 397.4 0 256C0 114.6 114.6 0 256 0C397.4 0 512 114.6 512 256zM176 168V344C176 352.7 180.7 360.7 188.3 364.9C195.8 369.2 205.1 369 212.5 364.5L356.5 276.5C363.6 272.1 368 264.4 368 256C368 247.6 363.6 239.9 356.5 235.5L212.5 147.5C205.1 142.1 195.8 142.8 188.3 147.1C180.7 151.3 176 159.3 176 168V168z\" \/><\/symbol><use xlink:href=\"#play\" \/><\/svg><\/p>\n<div class=\"right\">\n<p>Hugo Ibarra<!-- --> &#8211;<!-- --> <span>26-3-2023<\/span><\/p>\n<h2 class=\"title-vid\">Ibarra: \u00abNo estoy preocupado\u00bb<\/h2>\n<\/div>\n<\/div>\n<p><span class=\"back\" id=\"spanBackundefinedykhR8X2q\"><\/span><\/div>\n<div class=\"sc-e6588e40-0 jdjGfi\">\n<div class=\"sc-e6588e40-1 hsKqox videoText\" id=\"contentTitleundefinedLKvLm7mA\"><svg fill=\"#ffffff\"><symbol id=\"play\" viewBox=\"0 0 512 512\"><path d=\"M512 256C512 397.4 397.4 512 256 512C114.6 512 0 397.4 0 256C0 114.6 114.6 0 256 0C397.4 0 512 114.6 512 256zM176 168V344C176 352.7 180.7 360.7 188.3 364.9C195.8 369.2 205.1 369 212.5 364.5L356.5 276.5C363.6 272.1 368 264.4 368 256C368 247.6 363.6 239.9 356.5 235.5L212.5 147.5C205.1 142.1 195.8 142.8 188.3 147.1C180.7 151.3 176 159.3 176 168V168z\" \/><\/symbol><use xlink:href=\"#play\" \/><\/svg><\/p>\n<div class=\"right\">\n<p>Hugo Ibarra<!-- --> &#8211;<!-- --> <span>26-3-2023<\/span><\/p>\n<h2 class=\"title-vid\">Ibarra: \u00abEste a\u00f1o es pol\u00edtico\u00bb<\/h2>\n<\/div>\n<\/div>\n<p><span class=\"back\" id=\"spanBackundefinedLKvLm7mA\"><\/span><\/div>\n<\/div>\n","protected":false},"excerpt":{"rendered":"<p>26\/03\/2023 15:29hs. A los 15&#8242; del ST del partido contra Olimpo en la Copa Argentina, Mart\u00edn Payero sali\u00f3 a presionar, hizo un movimiento r\u00e1pido, de explosi\u00f3n y ah\u00ed sinti\u00f3 que algo no andaba bien: cabeza gacha, las dos manos sobre las piernas, se tir\u00f3 al piso, mir\u00f3 al banco y afuera (Sebasti\u00e1n Villa ingres\u00f3 en [&hellip;]<\/p>\n","protected":false},"author":1,"featured_media":57436,"comment_status":"open","ping_status":"closed","sticky":false,"template":"","format":"standard","meta":[],"categories":[16],"tags":[],"_links":{"self":[{"href":"http:\/\/hoycordobaweb.com\/index.php\/wp-json\/wp\/v2\/posts\/57435"}],"collection":[{"href":"http:\/\/hoycordobaweb.com\/index.php\/wp-json\/wp\/v2\/posts"}],"about":[{"href":"http:\/\/hoycordobaweb.com\/index.php\/wp-json\/wp\/v2\/types\/post"}],"author":[{"embeddable":true,"href":"http:\/\/hoycordobaweb.com\/index.php\/wp-json\/wp\/v2\/users\/1"}],"replies":[{"embeddable":true,"href":"http:\/\/hoycordobaweb.com\/index.php\/wp-json\/wp\/v2\/comments?post=57435"}],"version-history":[{"count":0,"href":"http:\/\/hoycordobaweb.com\/index.php\/wp-json\/wp\/v2\/posts\/57435\/revisions"}],"wp:featuredmedia":[{"embeddable":true,"href":"http:\/\/hoycordobaweb.com\/index.php\/wp-json\/wp\/v2\/media\/57436"}],"wp:attachment":[{"href":"http:\/\/hoycordobaweb.com\/index.php\/wp-json\/wp\/v2\/media?parent=57435"}],"wp:term":[{"taxonomy":"category","embeddable":true,"href":"http:\/\/hoycordobaweb.com\/index.php\/wp-json\/wp\/v2\/categories?post=57435"},{"taxonomy":"post_tag","embeddable":true,"href":"http:\/\/hoycordobaweb.com\/index.php\/wp-json\/wp\/v2\/tags?post=57435"}],"curies":[{"name":"wp","href":"https:\/\/api.w.org\/{rel}","templated":true}]}}