{"id":57431,"date":"2023-03-26T09:00:18","date_gmt":"2023-03-26T09:00:18","guid":{"rendered":"https:\/\/www.clarin.com\/espectaculos\/tv\/jey-mammon-hoy-georgina-barbarossa-conducira-pena-morfi-amor-mundo-_0_sbWDs4P0kY.html"},"modified":"2023-03-26T09:00:18","modified_gmt":"2023-03-26T09:00:18","slug":"sin-jey-mammon-hoy-georgina-barbarossa-conducira-la-pena-de-morfi-con-todo-el-amor-del-mundo","status":"publish","type":"post","link":"http:\/\/hoycordobaweb.com\/index.php\/2023\/03\/26\/sin-jey-mammon-hoy-georgina-barbarossa-conducira-la-pena-de-morfi-con-todo-el-amor-del-mundo\/","title":{"rendered":"Sin Jey Mamm\u00f3n, hoy Georgina Barbarossa conducir\u00e1 La Pe\u00f1a de Morfi \u00abcon todo el amor del mundo\u00bb"},"content":{"rendered":"<div readability=\"33\">\n<div class=\"title check-space\" data-color=\"style='background-color:'\" readability=\"11\">\n<p><h2>La actriz lo confirm\u00f3 y estar\u00e1 al frente del ciclo de Telefe este domingo, luego de la desvinculaci\u00f3n de Jey Mamm\u00f3n. \u00bfPor cu\u00e1nto tiempo ser\u00e1?<\/h2>\n<\/p>\n<\/div><\/div>\n<div id=\"entry-body\">\n<p>Todo sucedi\u00f3 precipitadamente en los \u00faltimos dos d\u00edas: primero<strong> la acusaci\u00f3n de abuso sexual contra<a target=\"_blank\" href=\"https:\/\/www.clarin.com\/tema\/jey-mammon.html\" rel=\"noopener noreferrer\"> Jey Mamm\u00f3n<\/a><\/strong>, luego el comunicado del propio conductor y ese mismo d\u00eda, el jueves, el anuncio oficial de Telefe desvinculando a Jey de <em>La Pe\u00f1a de Morfi<\/em>, desde este domingo.<\/p>\n<p>M\u00e1s tarde, las especulaciones sobre qui\u00e9n acompa\u00f1ar\u00eda a J\u00e9sica Cirio en la conducci\u00f3n del ciclo dominical de Telefe, y el primer nombre que se rumore\u00f3 fue el de <a target=\"_blank\" href=\"https:\/\/www.clarin.com\/tema\/georgina-barbarossa.html\" rel=\"noopener noreferrer\">Georgina Barbarossa<\/a>. Hasta que el viernes, fue <strong>la propia conductora tom\u00f3 la palabra y lo confirm\u00f3<\/strong>,&nbsp;desde su ciclo diaria <em>A la Barbarossa<\/em>.<\/p>\n<div class=\"sp__Normal embed-box embed-body-photo\" data-index=\"1\">\n<picture class=\"pointer\">\n<img class=\"img-expand\" width=\"100\" height=\"100\" loading=\"lazy\" src=\"http:\/\/hoycordobaweb.com\/wp-content\/uploads\/2023\/03\/sin-jey-mammon-hoy-georgina-barbarossa-conducira-la-pena-de-morfi-con-todo-el-amor-del-mundo.jpg\" alt=\"Jey Mamm\u00f3n, por ahora, desvinculado de La Pe\u00f1a de Morfi. Lo reemplaza Georgina Barbarossa,\"><br \/>\n<span class=\"bt-expand\"><br \/>\n<svg class=\"ico white_mod\">\n<use class=\"use-expand\" xlink:href=\"#icon-expand\" \/>\n<\/svg><br \/>\n<\/span>\n<\/picture><figcaption>Jey Mamm\u00f3n, por ahora, desvinculado de La Pe\u00f1a de Morfi. Lo reemplaza Georgina Barbarossa, <\/figcaption><\/div>\n<h2>Otros reemplazos<\/h2>\n<p>Georgina ya ha hecho otros reemplazos en ciclos del canal, como en <em>Cort\u00e1 por Lozano,<\/em> pero siempre fue por vacaciones de la conductora, Ver\u00f3nica Lozano. Ahora, las circunstancias son bien distintas.<\/p>\n<p>Tras la denuncia penal por abuso sexual agravado por acceso carnal que le hizo<a data-cke-saved-href=\"https:\/\/www.clarin.com\/sociedad\/acusacion-abuso-jey-mammon-denunciante-analiza-pedir-juicio-verdad-_0_gPAzoU5r1B.html\" target=\"_blank\" href=\"https:\/\/www.clarin.com\/sociedad\/acusacion-abuso-jey-mammon-denunciante-analiza-pedir-juicio-verdad-_0_gPAzoU5r1B.html\" rel=\"noopener noreferrer\"> Lucas Benvenuto<\/a> (27) a Jey Mamm\u00f3n, visiblemente afectada por el tema, Barbarossa relat\u00f3 lo que siente en este momento con la responsabilidad que le toca enfrentar al tener que reemplazar a su colega.<\/p>\n<p> \u201cEs tremendo, es muy doloroso porque a Jey lo quiero mucho y compartimos muchos a\u00f1os trabajando. Entonces, me pone triste. A m\u00ed me cost\u00f3 mucho hacer el programa hoy\u201d, cont\u00f3 en un m\u00f3vil a <em>LAM<\/em>, una vez que termin\u00f3 su programa.<\/p>\n<p>\u201c<a data-cke-saved-href=\"https:\/\/www.clarin.com\/espectaculos\/telefe-saco-jey-mammon-pena-morfi_0_X9ZQvlv5sd.html\" target=\"_blank\" href=\"https:\/\/www.clarin.com\/espectaculos\/telefe-saco-jey-mammon-pena-morfi_0_X9ZQvlv5sd.html\" rel=\"noopener noreferrer\">Telefe dio su comunicado<\/a> y&nbsp;Jey dio su comunicado. Vamos a ver c\u00f3mo se expide la Justicia. <strong>El domingo voy a hacer el programa con todo el amor del mundo <\/strong>porque sabemos que <em>La Pe\u00f1a<\/em> es un programa para todos, para la familia, para los chicos, para los grandes, y hay que trasmitir la alegr\u00eda que el p\u00fablico necesita en este momento y que quiere\u201d.<\/p>\n<div class=\"sp__Normal embed-box embed-body-photo\" data-index=\"2\">\n<picture class=\"pointer\">\n<img class=\"img-expand\" width=\"100\" height=\"100\" loading=\"lazy\" src=\"http:\/\/hoycordobaweb.com\/wp-content\/uploads\/2023\/03\/sin-jey-mammon-hoy-georgina-barbarossa-conducira-la-pena-de-morfi-con-todo-el-amor-del-mundo-1.jpg\" alt=\"Jey Mamm\u00f3n, cuando gan\u00f3 un Mart\u00edn Fierro recientemente. Foto Instagram.\"><br \/>\n<span class=\"bt-expand\"><br \/>\n<svg class=\"ico white_mod\">\n<use class=\"use-expand\" xlink:href=\"#icon-expand\" \/>\n<\/svg><br \/>\n<\/span>\n<\/picture><figcaption>Jey Mamm\u00f3n, cuando gan\u00f3 un Mart\u00edn Fierro recientemente. Foto Instagram. <\/figcaption><\/div>\n<p>Y agreg\u00f3: \u201cHay que cuidar ese espacio tan lindo y vamos con toda la alegr\u00eda del mundo. Lo \u00fanico que te puedo decir es \u2018con los chicos, no\u2019. El otro d\u00eda le\u00ed una frase que dec\u00eda \u2018cuando las mujeres dicen que no, es no; cuando los chicos dicen que s\u00ed, es no\u2019\u201d.<\/p>\n<h2>\u00bfSer\u00e1 definitivo?<\/h2>\n<p><strong>Ni la conductora ni el canal confirmaron si el reemplazo de Georgina ser\u00e1 por uno, por varios programas o en forma definitiva<\/strong>. Y de ser as\u00ed, no se sabe a\u00fan qui\u00e9n podr\u00eda ocupar el rol en la conducci\u00f3n.<\/p>\n<p>Horas antes, el comunicado oficial emitido por el canal que los conductores del noticiero de <em>Telefe Noticias<\/em>, Rodolfo Barili y Cristina P\u00e9rez, leyeron al aire, dec\u00eda:&nbsp;\u00abA partir de la informaci\u00f3n de p\u00fablico conocimiento, Telefe acord\u00f3 con Jey Mamm\u00f3n suspender moment\u00e1neamente su continuidad como conductor de <em>La Pe\u00f1a de Morfi,<\/em> concedi\u00e9ndole el tiempo que considere necesario para ordenar situaciones de \u00edndole personal\u00bb.<\/p>\n<p>\u00abTelefe es fiel a los principios que la compa\u00f1\u00eda ha mantenido a lo largo de su historia. El respeto, los derechos y el cumplimiento de las leyes, son pilares fundamentales de sus valores\u00bb.<\/p>\n<h2>El descargo de Jey<\/h2>\n<p><strong>Dos horas antes de que el canal se manifestara p\u00fablicamente, Jey Mamm\u00f3n hab\u00eda utilizado sus redes sociales para hacer su descargo al respecto<\/strong>. El ciclo hab\u00eda comenzado este domingo su nueva temporada y Mamm\u00f3n volv\u00eda a estar al frente de programa al que se sum\u00f3 luego de la muerte de su creador, Gerardo Rozin.<\/p>\n<div class=\"sp__Normal embed-box embed-body-photo\" data-index=\"3\">\n<picture class=\"pointer\">\n<img class=\"img-expand\" width=\"100\" height=\"100\" loading=\"lazy\" src=\"http:\/\/hoycordobaweb.com\/wp-content\/uploads\/2023\/03\/sin-jey-mammon-hoy-georgina-barbarossa-conducira-la-pena-de-morfi-con-todo-el-amor-del-mundo-2.jpg\" alt=\"Jey Mammon. Foto: C. Niscovolos\"><br \/>\n<span class=\"bt-expand\"><br \/>\n<svg class=\"ico white_mod\">\n<use class=\"use-expand\" xlink:href=\"#icon-expand\" \/>\n<\/svg><br \/>\n<\/span>\n<\/picture><figcaption>Jey Mammon. Foto: C. Niscovolos <\/figcaption><\/div>\n<p>Juan Mart\u00edn Rago (nombre real de Jey Mamm\u00f3n) hab\u00eda hecho su defensa, desde sus redes sociales diciendo: \u00abAnte la difusi\u00f3n de una denuncia que la Justicia decidi\u00f3 prescribir, trat\u00e1ndose de <strong>un episodio falso en gran parte de su contenido<\/strong>, me veo en la necesidad de informar que a ese accionar, que busca inconfesables r\u00e9ditos en perjuicio de mi persona, se le suma una persistente campa\u00f1a de acoso y difamaci\u00f3n\u00bb.<\/p>\n<p> \u00ab<strong>He sufrido conductas extorsivas <\/strong>de parte de quien promovi\u00f3 una denuncia que la Justicia sobresey\u00f3 y cerr\u00f3\u00bb, escribi\u00f3 el conductor.<\/p>\n<p> \u00abSin perjuicio de las acciones legales a emprender, se hace imperioso dejar en claro que la situaci\u00f3n planteada es producto de la conducta de una persona que, en este caso, y frente a la Justicia, ha actuado faltando a la verdad\u00bb.<\/p>\n<p>Y agreg\u00f3: \u00abLa instalaci\u00f3n medi\u00e1tica del tema ha puesto en juego el prestigio y el honor de quien les habla en un hecho delicado y sensible para toda la sociedad.\u00bbRuego a Dios fluya, se exponga y se conozca la verdad\u00bb, concluy\u00f3.<\/p>\n<p><em>MFB<\/em><\/p>\n<\/p><\/div>\n","protected":false},"excerpt":{"rendered":"<p>La actriz lo confirm\u00f3 y estar\u00e1 al frente del ciclo de Telefe este domingo, luego de la desvinculaci\u00f3n de Jey Mamm\u00f3n. \u00bfPor cu\u00e1nto tiempo ser\u00e1? Todo sucedi\u00f3 precipitadamente en los \u00faltimos dos d\u00edas: primero la acusaci\u00f3n de abuso sexual contra Jey Mamm\u00f3n, luego el comunicado del propio conductor y ese mismo d\u00eda, el jueves, el [&hellip;]<\/p>\n","protected":false},"author":1,"featured_media":57432,"comment_status":"closed","ping_status":"closed","sticky":false,"template":"","format":"standard","meta":[],"categories":[10],"tags":[],"_links":{"self":[{"href":"http:\/\/hoycordobaweb.com\/index.php\/wp-json\/wp\/v2\/posts\/57431"}],"collection":[{"href":"http:\/\/hoycordobaweb.com\/index.php\/wp-json\/wp\/v2\/posts"}],"about":[{"href":"http:\/\/hoycordobaweb.com\/index.php\/wp-json\/wp\/v2\/types\/post"}],"author":[{"embeddable":true,"href":"http:\/\/hoycordobaweb.com\/index.php\/wp-json\/wp\/v2\/users\/1"}],"replies":[{"embeddable":true,"href":"http:\/\/hoycordobaweb.com\/index.php\/wp-json\/wp\/v2\/comments?post=57431"}],"version-history":[{"count":0,"href":"http:\/\/hoycordobaweb.com\/index.php\/wp-json\/wp\/v2\/posts\/57431\/revisions"}],"wp:featuredmedia":[{"embeddable":true,"href":"http:\/\/hoycordobaweb.com\/index.php\/wp-json\/wp\/v2\/media\/57432"}],"wp:attachment":[{"href":"http:\/\/hoycordobaweb.com\/index.php\/wp-json\/wp\/v2\/media?parent=57431"}],"wp:term":[{"taxonomy":"category","embeddable":true,"href":"http:\/\/hoycordobaweb.com\/index.php\/wp-json\/wp\/v2\/categories?post=57431"},{"taxonomy":"post_tag","embeddable":true,"href":"http:\/\/hoycordobaweb.com\/index.php\/wp-json\/wp\/v2\/tags?post=57431"}],"curies":[{"name":"wp","href":"https:\/\/api.w.org\/{rel}","templated":true}]}}