{"id":57419,"date":"2023-03-25T18:22:26","date_gmt":"2023-03-25T18:22:26","guid":{"rendered":"https:\/\/www.ole.com.ar\/san-lorenzo\/blandi-correa-seleccion-homenaje-messi_0_a3OpuPBQVk.html"},"modified":"2023-03-25T18:22:26","modified_gmt":"2023-03-25T18:22:26","slug":"le-dije-que-no-tarde-mucho-en-volver","status":"publish","type":"post","link":"http:\/\/hoycordobaweb.com\/index.php\/2023\/03\/25\/le-dije-que-no-tarde-mucho-en-volver\/","title":{"rendered":"\u00abLe dije que no tarde mucho en volver&#8230;\u00bb"},"content":{"rendered":"<p><img src=\"http:\/\/hoycordobaweb.com\/wp-content\/uploads\/2023\/03\/le-dije-que-no-tarde-mucho-en-volver.jpg\"><\/p>\n<p><time class=\"createDate\" datetime=\"2023-03-25T15:22:26-03:00\">25\/03\/2023 15:22hs.<\/time><time class=\"modificatedDate\" datetime=\"2023\/03\/25T15:22:26-03:00\"><\/time><\/p>\n<div id=\"storyBody\">\n<div class=\"custom-text \" readability=\"34.55033557047\">\n<p>Fue un d\u00eda especial para todos. No solo para <a href=\"https:\/\/www.ole.com.ar\/tema\/messi10.html\" title=\"Messi10\" alt=\"Messi10\" class=\"slug\"><strong>Lionel Messi<\/strong><\/a>, quien fue <strong>homenajeado por la AFA bautizando con su nombre al predio de Ezeiza<\/strong>, sino tambi\u00e9n para <strong>muchos jugadores de la Liga Profesional que fueron parte del evento <\/strong>y pudieron compartir al menos un rato con el plantel campe\u00f3n del mundo.<\/p>\n<\/div>\n<div class=\"custom-text \" readability=\"36.976744186047\">\n<p>Algunos, como el caso de <a href=\"https:\/\/www.ole.com.ar\/tema\/nicolas-blandi.html\" title=\"Nicol\u00e1s Blandi\" alt=\"Nicol\u00e1s Blandi\" class=\"slug\"><strong>Nicol\u00e1s Blandi<\/strong><\/a>, aprovecharon para reencontrarse con viejos conocidos. \u201c<strong>Salud\u00e9 a \u00c1ngel (Correa). Es incre\u00edble lo suyo, tiene una historia de vida complicada, que se sobrepuso a un mont\u00f3n de dificultades&#8230; A nosotros nos pone orgullosos verlo de tan chiquito y hoy tan maduro\u201d<\/strong>, dijo el delantero de <a href=\"https:\/\/www.ole.com.ar\/tema\/san-lorenzo.html\" title=\"San Lorenzo\" alt=\"San Lorenzo\" class=\"slug\"><strong>San Lorenzo<\/strong><\/a>.<\/p>\n<\/div>\n<div class=\"sc-489cef11-0 eZyHVk\" readability=\"6\">\n<section readability=\"2\"><picture><img alt=\"Malas noticias para San Lorenzo: se lesion\u00f3 Bareiro\" src=\"http:\/\/hoycordobaweb.com\/wp-content\/uploads\/2023\/03\/le-dije-que-no-tarde-mucho-en-volver-2.jpg\" width=\"29\" height=\"29\" decoding=\"async\" data-nimg=\"future\" loading=\"lazy\"><\/picture>\n<p><span>Mir\u00e1 tambi\u00e9n<\/span><\/p>\n<hr>\n<h3>Malas noticias para San Lorenzo: se lesion\u00f3 Bareiro<\/h3>\n<\/p>\n<\/section>\n<\/div>\n<div class=\"custom-text \" readability=\"38.19587628866\">\n<p>Claro, <a href=\"https:\/\/www.ole.com.ar\/tema\/angel-correa.html\" title=\"Angel Correa\" alt=\"Angel Correa\" class=\"slug\"><strong>Correa <\/strong><\/a><strong>y Blandi no solo compartieron plantel en Boedo<\/strong> sino que adem\u00e1s, por aquellos tiempos, <strong>fueron parte del logro m\u00e1s importante de la historia del Cicl\u00f3n: la obtenci\u00f3n de la Copa Libertadores en 2014<\/strong>. \u201cLe ped\u00ed<strong> que no tarde mucho en volver, je<\/strong>\u201d, tir\u00f3 Nicol\u00e1s entre risas.<\/p>\n<\/div>\n<div class=\"custom-text \" readability=\"37\">\n<p>El experimentado goleador no fue solo a ver a la <strong>Selecci\u00f3n Argentina<\/strong>. Estuvo acompa\u00f1ado por <strong>Miguel Mastrosimone (vicepresindente 1\u00b0) y el actual capit\u00e1n, Jalil El\u00edas<\/strong>. El volante rosarino tuvo una participaci\u00f3n especial: es que en medio de la locura que genera Leo Messi en cualquier \u00e1mbito, ofici\u00f3 de fot\u00f3grafo para sacar<strong> la selfie de los dos jugadores cuervos con el crack argentino mostrando una remera azulgrana que le llevaron de regalo.<\/strong><\/p>\n<\/div>\n<div class=\"sc-489cef11-0 eZyHVk\" readability=\"6\">\n<section readability=\"2\"><picture><img alt=\"La fiesta en familia dentro de la cancha\" src=\"http:\/\/hoycordobaweb.com\/wp-content\/uploads\/2023\/03\/le-dije-que-no-tarde-mucho-en-volver-3.jpg\" width=\"29\" height=\"29\" decoding=\"async\" data-nimg=\"future\" loading=\"lazy\"><\/picture>\n<p><span>Mir\u00e1 tambi\u00e9n<\/span><\/p>\n<hr>\n<h3>La fiesta en familia dentro de la cancha<\/h3>\n<\/p>\n<\/section>\n<\/div>\n<div class=\"custom-text \" readability=\"37\">\n<p>\u201cRealmente <strong>vivimos un momento muy lindo que cualquier argentino quisiera vivir. Poder verlos ah\u00ed, felicitarlos y agradecerles por este regalo que nos hicieron&#8230;<\/strong>\u201d, se\u00f1al\u00f3 Blandi, que a fin de a\u00f1o<strong> estuvo como un hincha m\u00e1s en Qatar alentando a La Scaloneta junto a su familia.<\/strong><\/p>\n<\/div>\n<div class=\"custom-text \" readability=\"39\">\n<p>El 9 tambi\u00e9n celebr\u00f3 la decisi\u00f3n de ponerle Messi al predio. <strong>\u201cCoincido con la AFA, los homenajes hay que hacerlos en vida. Leo se lo merece y espero que lo est\u00e9 disfrutando<\/strong>\u201d, afirm\u00f3. Adem\u00e1s, agreg\u00f3: <strong>\u201cLa Selecci\u00f3n jerarquiza y revaloriza al f\u00fatbol argentino. Tenemos que estar orugllosos de tener al mejor arquero, t\u00e9cnico y jugador del mundo\u201d.<\/strong><\/p>\n<\/div>\n<\/div>\n","protected":false},"excerpt":{"rendered":"<p>25\/03\/2023 15:22hs. Fue un d\u00eda especial para todos. No solo para Lionel Messi, quien fue homenajeado por la AFA bautizando con su nombre al predio de Ezeiza, sino tambi\u00e9n para muchos jugadores de la Liga Profesional que fueron parte del evento y pudieron compartir al menos un rato con el plantel campe\u00f3n del mundo. Algunos, [&hellip;]<\/p>\n","protected":false},"author":1,"featured_media":57420,"comment_status":"open","ping_status":"closed","sticky":false,"template":"","format":"standard","meta":[],"categories":[16],"tags":[],"_links":{"self":[{"href":"http:\/\/hoycordobaweb.com\/index.php\/wp-json\/wp\/v2\/posts\/57419"}],"collection":[{"href":"http:\/\/hoycordobaweb.com\/index.php\/wp-json\/wp\/v2\/posts"}],"about":[{"href":"http:\/\/hoycordobaweb.com\/index.php\/wp-json\/wp\/v2\/types\/post"}],"author":[{"embeddable":true,"href":"http:\/\/hoycordobaweb.com\/index.php\/wp-json\/wp\/v2\/users\/1"}],"replies":[{"embeddable":true,"href":"http:\/\/hoycordobaweb.com\/index.php\/wp-json\/wp\/v2\/comments?post=57419"}],"version-history":[{"count":0,"href":"http:\/\/hoycordobaweb.com\/index.php\/wp-json\/wp\/v2\/posts\/57419\/revisions"}],"wp:featuredmedia":[{"embeddable":true,"href":"http:\/\/hoycordobaweb.com\/index.php\/wp-json\/wp\/v2\/media\/57420"}],"wp:attachment":[{"href":"http:\/\/hoycordobaweb.com\/index.php\/wp-json\/wp\/v2\/media?parent=57419"}],"wp:term":[{"taxonomy":"category","embeddable":true,"href":"http:\/\/hoycordobaweb.com\/index.php\/wp-json\/wp\/v2\/categories?post=57419"},{"taxonomy":"post_tag","embeddable":true,"href":"http:\/\/hoycordobaweb.com\/index.php\/wp-json\/wp\/v2\/tags?post=57419"}],"curies":[{"name":"wp","href":"https:\/\/api.w.org\/{rel}","templated":true}]}}