{"id":57400,"date":"2023-03-24T17:02:02","date_gmt":"2023-03-24T17:02:02","guid":{"rendered":"https:\/\/www.ole.com.ar\/futbol-internacional\/america\/alexis-sanchez-enterro-generacion-dorada-chile-no-conoce-nadie_0_cSRiFtsj2d.html"},"modified":"2023-03-24T17:02:02","modified_gmt":"2023-03-24T17:02:02","slug":"alexis-sanchez-a-pura-bomba-en-chile-pensamos-que-somos-conocidos-y-afuera-no-nos-conoce-nadie","status":"publish","type":"post","link":"http:\/\/hoycordobaweb.com\/index.php\/2023\/03\/24\/alexis-sanchez-a-pura-bomba-en-chile-pensamos-que-somos-conocidos-y-afuera-no-nos-conoce-nadie\/","title":{"rendered":"Alexis S\u00e1nchez a pura bomba: \u00abEn Chile pensamos que somos conocidos y afuera no nos conoce nadie\u00bb"},"content":{"rendered":"<p><img src=\"http:\/\/hoycordobaweb.com\/wp-content\/uploads\/2023\/03\/alexis-sanchez-a-pura-bomba-en-chile-pensamos-que-somos-conocidos-y-afuera-no-nos-conoce-nadie.jpg\"><\/p>\n<p><time class=\"createDate\" datetime=\"2023-03-24T14:02:02-03:00\">24\/03\/2023 14:02hs.<\/time><time class=\"modificatedDate\" datetime=\"2023\/03\/24T14:02:02-03:00\"><\/time><\/p>\n<div id=\"storyBody\">\n<div class=\"custom-text \" readability=\"34.80198019802\">\n<p>Despu\u00e9s de la primavera que lo llev\u00f3 a consagrarse dos veces campe\u00f3n de Am\u00e9rica con un equipo lleno de figuras, la <a href=\"https:\/\/www.ole.com.ar\/tema\/seleccion-de-chile.html\" title=\"Selecci\u00f3n de Chile\" alt=\"Selecci\u00f3n de Chile\" class=\"slug\">selecci\u00f3n de Chile<\/a> viene de quedarse afuera de los \u00faltimos dos Mundiales. En ese marco, antes de enfrentar el lunes a Paraguay en un encuentro amistoso, <a href=\"https:\/\/www.ole.com.ar\/tema\/alexis-sanchez.html\" title=\"Alexis S\u00e1nchez\" alt=\"Alexis S\u00e1nchez\" class=\"slug\">Alexis S\u00e1nchez<\/a> pidi\u00f3 soltar a la Generaci\u00f3n Dorada de la que fue parte para concentrarse en el recambio y el futuro de la Roja.<\/p>\n<\/div>\n<div class=\"custom-text \" readability=\"39\">\n<p>Sin medias tintas, Alexis dispar\u00f3: <strong>\u201cLa Generaci\u00f3n Dorada ya es pasado. Hay que guardarla y dejarla en el ba\u00fal de los recuerdos. Ya pas\u00f3<\/strong>. La gente habla mucho de un recambio, pero el recambio ya est\u00e1. De la Generaci\u00f3n Dorada hay solo tres jugadores, cuatro m\u00e1ximo. Una generaci\u00f3n son 25 jugadores, ahora hay muchas caras nuevas\u201d.<\/p>\n<\/div>\n<div class=\"sc-996041c8-0 iUjELL\"><img alt=\"Chile gan\u00f3 la Copa Am\u00e9rica Centenario en 2016.\" src=\"http:\/\/hoycordobaweb.com\/wp-content\/uploads\/2023\/03\/alexis-sanchez-a-pura-bomba-en-chile-pensamos-que-somos-conocidos-y-afuera-no-nos-conoce-nadie-2.jpg\" width=\"72\" height=\"10\" decoding=\"async\" data-nimg=\"future\" loading=\"lazy\"><span>Chile gan\u00f3 la Copa Am\u00e9rica Centenario en 2016.<\/span><\/div>\n<div class=\"custom-text \" readability=\"37\">\n<p>En charla con TVN, el delantero del Marsella agreg\u00f3:<strong> \u201cMe gustar\u00eda que den un paso al costado con la Generaci\u00f3n Dorada, ya fue. <\/strong>Mientras est\u00e9n f\u00edsicamente bien, cada jugador debe decidir si est\u00e1 para jugar. Son maduros para decidir\u201d.<\/p>\n<\/div>\n<div class=\"sc-489cef11-0 eZyHVk\" readability=\"6.5\">\n<section readability=\"3\"><picture><img alt=\"El periodista anti Messi no descansa: los tuits en medio de la celebraci\u00f3n de la Selecci\u00f3n\" src=\"http:\/\/hoycordobaweb.com\/wp-content\/uploads\/2023\/03\/alexis-sanchez-a-pura-bomba-en-chile-pensamos-que-somos-conocidos-y-afuera-no-nos-conoce-nadie-3.jpg\" width=\"29\" height=\"29\" decoding=\"async\" data-nimg=\"future\" loading=\"lazy\"><\/picture>\n<p><span>Mir\u00e1 tambi\u00e9n<\/span><\/p>\n<hr>\n<h3>El periodista anti Messi no descansa: los tuits en medio de la celebraci\u00f3n de la Selecci\u00f3n<\/h3>\n<\/p>\n<\/section>\n<\/div>\n<div class=\"custom-text \" readability=\"39\">\n<p>Tambi\u00e9n fue cr\u00edtico el tono de Alexis para referirse a la actualidad del f\u00fatbol chileno y sus futbolistas. <strong>\u201cAfuera nadie conoce a Colo Colo, la U o la Cat\u00f3lica, pero nosotros en Chile pensamos que son conocidos a nivel mundial y nos equivocamos. <\/strong>A los chicos les pasa lo mismo creo que yo, ellos tienen que entender que la mentalidad de hacer un gol es que al otro fin de semana tiene que ser igual, constancia y seguir\u201d.<\/p>\n<\/div>\n<div class=\"sc-996041c8-0 iUjELL\"><img alt=\"Vidal y Medel, referentes de la Generaci\u00f3n Dorada de Chile (EFE).\" src=\"http:\/\/hoycordobaweb.com\/wp-content\/uploads\/2023\/03\/alexis-sanchez-a-pura-bomba-en-chile-pensamos-que-somos-conocidos-y-afuera-no-nos-conoce-nadie-4.jpg\" width=\"72\" height=\"10\" decoding=\"async\" data-nimg=\"future\" loading=\"lazy\"><span>Vidal y Medel, referentes de la Generaci\u00f3n Dorada de Chile (EFE).<\/span><\/div>\n<div class=\"custom-text \" readability=\"41\">\n<p>En ese sentido, le mand\u00f3 un consejo a los jugadores j\u00f3venes que sue\u00f1an con llegar a la cima del f\u00fatbol profesional: \u00abLa carrera es muy corta hoy en d\u00eda, dura 28 a\u00f1os creo yo y es muy dif\u00edcil para el jugador mantenerse, <strong>se conforman con hacer dos o tres goles, no van al gimnasio, descuidan la alimentaci\u00f3n, es todo; <\/strong>es constancia tambi\u00e9n en el d\u00eda a d\u00eda de poder desarrollarte para que llegue el d\u00eda en que tengas 34 o 35 a\u00f1os sigas siendo de \u00e9lite\u00bb.<\/p>\n<\/div>\n<div class=\"sc-489cef11-0 eZyHVk\" readability=\"6.5\">\n<section readability=\"3\"><picture><img alt=\"Video: a pedido del p\u00fablico, el Dibu Mart\u00ednez emul\u00f3 su famoso bailecito\" src=\"http:\/\/hoycordobaweb.com\/wp-content\/uploads\/2023\/03\/alexis-sanchez-a-pura-bomba-en-chile-pensamos-que-somos-conocidos-y-afuera-no-nos-conoce-nadie-5.jpg\" width=\"29\" height=\"29\" decoding=\"async\" data-nimg=\"future\" loading=\"lazy\"><\/picture>\n<p><span>Mir\u00e1 tambi\u00e9n<\/span><\/p>\n<hr>\n<h3>Video: a pedido del p\u00fablico, el Dibu Mart\u00ednez emul\u00f3 su famoso bailecito<\/h3>\n<\/p>\n<\/section>\n<\/div>\n<div class=\"custom-text \" readability=\"34.105263157895\">\n<p>Este lunes la selecci\u00f3n que dirige <a href=\"https:\/\/www.ole.com.ar\/tema\/eduardo-berizzo.html\" title=\"Eduardo Berizzo\" alt=\"Eduardo Berizzo\" class=\"slug\">Eduardo Berizzo<\/a> se medir\u00e1 en un amistoso con su par de Paraguay, desde las 21.30 en el Estadio Monumental de Chile. Junto a Alexis habr\u00e1 otros sobrevivientes de aquel gran equipo de la Roja como <strong>Arturo Vidal, Gary Medel y el arquero Claudio Bravo.<\/strong><\/p>\n<\/div>\n<p><h2><strong>M\u00e1s de Alexis<\/strong><\/h2>\n<\/p>\n<div class=\"custom-text \" readability=\"39\">\n<p><strong>Marsella:<\/strong> \u00abEstoy feliz, el club me cuida, conf\u00eda en m\u00ed. Eso es lo m\u00e1s importante para m\u00ed. Quiero seguir demostrando, cometo un error si digo ya est\u00e1 y me relajo con esto. Tener continuidad en el f\u00fatbol es lo m\u00e1s dif\u00edcil. Llevar 18 a\u00f1os en la \u00e9lite es muy dif\u00edcil. El jugador chileno hace dos goles y se conforma. Nosotros en Chile pensamos que nos conocen todos y nos equivocamos\u201d,<\/p>\n<\/div>\n<div class=\"sc-e6588e40-0 jdjGfi\">\n<div class=\"sc-e6588e40-1 hsKqox videoText\" id=\"contentTitleundefinedf7fZwpoF\" readability=\"56\"><svg fill=\"#ffffff\"><symbol id=\"play\" viewBox=\"0 0 512 512\"><path d=\"M512 256C512 397.4 397.4 512 256 512C114.6 512 0 397.4 0 256C0 114.6 114.6 0 256 0C397.4 0 512 114.6 512 256zM176 168V344C176 352.7 180.7 360.7 188.3 364.9C195.8 369.2 205.1 369 212.5 364.5L356.5 276.5C363.6 272.1 368 264.4 368 256C368 247.6 363.6 239.9 356.5 235.5L212.5 147.5C205.1 142.1 195.8 142.8 188.3 147.1C180.7 151.3 176 159.3 176 168V168z\" \/><\/symbol><use xlink:href=\"#play\" \/><\/svg><\/p>\n<div class=\"right\" readability=\"7\">\n<p>Alexis S\u00e1nchez<!-- --> &#8211;<!-- --> <span>24-3-2023<\/span><\/p>\n<h2 class=\"title-vid\">Golazo de Alexis S\u00e1nchez<\/h2>\n<\/div>\n<\/div>\n<p><span class=\"back\" id=\"spanBackundefinedf7fZwpoF\"><\/span><\/div>\n<div class=\"custom-text \" readability=\"40\">\n<p><strong>Futuro:<\/strong> \u00abNo me gusta pensar a largo plazo, me gusta ir a\u00f1o a a\u00f1o viendo como estoy f\u00edsicamente. A veces hay lesiones, hay cansancio, pero yo quiero jugar hasta lo 40. Mi sue\u00f1o es jugar en Tocopilla (norte de Chile). Tomarlo en tercera, segunda, primera. Es un sue\u00f1o que tengo. All\u00e1 hay muchos ni\u00f1os que sue\u00f1an con ser un Alexis. Ense\u00f1arle mi estilo de juego\u00bb.<\/p>\n<\/div>\n<div class=\"sc-489cef11-0 eZyHVk\" readability=\"6.5\">\n<section readability=\"3\"><picture><img alt=\"Memoria, verdad y justicia: los mensajes de los clubes por el 24 de marzo\" src=\"http:\/\/hoycordobaweb.com\/wp-content\/uploads\/2023\/03\/alexis-sanchez-a-pura-bomba-en-chile-pensamos-que-somos-conocidos-y-afuera-no-nos-conoce-nadie-6.jpg\" width=\"29\" height=\"29\" decoding=\"async\" data-nimg=\"future\" loading=\"lazy\"><\/picture>\n<p><span>Mir\u00e1 tambi\u00e9n<\/span><\/p>\n<hr>\n<h3>Memoria, verdad y justicia: los mensajes de los clubes por el 24 de marzo<\/h3>\n<\/p>\n<\/section>\n<\/div>\n<div class=\"sc-489cef11-0 eZyHVk\" readability=\"6.5\">\n<section readability=\"3\"><picture><img alt=\"El sentido posteo de Messi: &quot;Muchas veces imagin\u00e9 regresar a mi pa\u00eds como campe\u00f3n del mundo&quot;\" src=\"http:\/\/hoycordobaweb.com\/wp-content\/uploads\/2023\/03\/alexis-sanchez-a-pura-bomba-en-chile-pensamos-que-somos-conocidos-y-afuera-no-nos-conoce-nadie-7.jpg\" width=\"29\" height=\"29\" decoding=\"async\" data-nimg=\"future\" loading=\"lazy\"><\/picture>\n<p><span>Mir\u00e1 tambi\u00e9n<\/span><\/p>\n<hr>\n<h3>El sentido posteo de Messi: \u00abMuchas veces imagin\u00e9 regresar a mi pa\u00eds como campe\u00f3n del mundo\u00bb<\/h3>\n<\/p>\n<\/section>\n<\/div>\n<\/div>\n","protected":false},"excerpt":{"rendered":"<p>24\/03\/2023 14:02hs. Despu\u00e9s de la primavera que lo llev\u00f3 a consagrarse dos veces campe\u00f3n de Am\u00e9rica con un equipo lleno de figuras, la selecci\u00f3n de Chile viene de quedarse afuera de los \u00faltimos dos Mundiales. En ese marco, antes de enfrentar el lunes a Paraguay en un encuentro amistoso, Alexis S\u00e1nchez pidi\u00f3 soltar a la [&hellip;]<\/p>\n","protected":false},"author":1,"featured_media":57401,"comment_status":"open","ping_status":"closed","sticky":false,"template":"","format":"standard","meta":[],"categories":[16],"tags":[],"_links":{"self":[{"href":"http:\/\/hoycordobaweb.com\/index.php\/wp-json\/wp\/v2\/posts\/57400"}],"collection":[{"href":"http:\/\/hoycordobaweb.com\/index.php\/wp-json\/wp\/v2\/posts"}],"about":[{"href":"http:\/\/hoycordobaweb.com\/index.php\/wp-json\/wp\/v2\/types\/post"}],"author":[{"embeddable":true,"href":"http:\/\/hoycordobaweb.com\/index.php\/wp-json\/wp\/v2\/users\/1"}],"replies":[{"embeddable":true,"href":"http:\/\/hoycordobaweb.com\/index.php\/wp-json\/wp\/v2\/comments?post=57400"}],"version-history":[{"count":0,"href":"http:\/\/hoycordobaweb.com\/index.php\/wp-json\/wp\/v2\/posts\/57400\/revisions"}],"wp:featuredmedia":[{"embeddable":true,"href":"http:\/\/hoycordobaweb.com\/index.php\/wp-json\/wp\/v2\/media\/57401"}],"wp:attachment":[{"href":"http:\/\/hoycordobaweb.com\/index.php\/wp-json\/wp\/v2\/media?parent=57400"}],"wp:term":[{"taxonomy":"category","embeddable":true,"href":"http:\/\/hoycordobaweb.com\/index.php\/wp-json\/wp\/v2\/categories?post=57400"},{"taxonomy":"post_tag","embeddable":true,"href":"http:\/\/hoycordobaweb.com\/index.php\/wp-json\/wp\/v2\/tags?post=57400"}],"curies":[{"name":"wp","href":"https:\/\/api.w.org\/{rel}","templated":true}]}}