{"id":57394,"date":"2023-03-24T17:49:03","date_gmt":"2023-03-24T17:49:03","guid":{"rendered":"https:\/\/www.ole.com.ar\/river-plate\/river-plate-agradecimiento-mammana-enzo-fernandez-julian-alvarez_0_vCIUb8kbd6.html"},"modified":"2023-03-24T17:49:03","modified_gmt":"2023-03-24T17:49:03","slug":"river-enzo-y-julian-hicieron-emocionar-a-mammana-y-pirez-poso-con-dos-cantantes-de-lujo","status":"publish","type":"post","link":"http:\/\/hoycordobaweb.com\/index.php\/2023\/03\/24\/river-enzo-y-julian-hicieron-emocionar-a-mammana-y-pirez-poso-con-dos-cantantes-de-lujo\/","title":{"rendered":"River: Enzo y Juli\u00e1n hicieron emocionar a Mammana y Pirez pos\u00f3 con dos cantantes de lujo"},"content":{"rendered":"<p><img src=\"http:\/\/hoycordobaweb.com\/wp-content\/uploads\/2023\/03\/river-enzo-y-julian-hicieron-emocionar-a-mammana-y-pirez-poso-con-dos-cantantes-de-lujo.jpg\"><\/p>\n<p><time class=\"createDate\" datetime=\"2023-03-24T14:49:03-03:00\">24\/03\/2023 14:49hs.<\/time><time class=\"modificatedDate\" datetime=\"2023\/03\/24T14:49:02-03:00\"><\/time><\/p>\n<div id=\"storyBody\">\n<div class=\"custom-text \" readability=\"40\">\n<p>\u00danica. Especial. Emotiva. Festiva. Imborrable. No alcanzan los adjetivos para describir la noche que vivi\u00f3 la <strong>Selecci\u00f3n Argentina<\/strong>, que tuvo su merecida fiesta en el<strong> Monumental<\/strong>. Los hinchas, desde los que tuvieron la suerte de ir al estadio hasta los que siguieron las acciones por TV, <strong>disfrutaron de ver el gol 800 de Messi, se emocionaron con las palabras Scaloni<\/strong> y levantaron la Copa del Mundo con los h\u00e9roes. Y en una jornada llena de condimentos, <strong>Emanuel Mammana<\/strong> fue un fana m\u00e1s desde la tribuna y vivi\u00f3 un momento muy especial. <\/p>\n<\/div>\n<div class=\"sc-489cef11-0 eZyHVk\" readability=\"6\">\n<section readability=\"2\"><picture><img alt=\"Un verdadero campe\u00f3n: el gesto de Montiel que conmovi\u00f3 a River\" src=\"http:\/\/hoycordobaweb.com\/wp-content\/uploads\/2023\/03\/river-enzo-y-julian-hicieron-emocionar-a-mammana-y-pirez-poso-con-dos-cantantes-de-lujo-2.jpg\" width=\"29\" height=\"29\" decoding=\"async\" data-nimg=\"future\" loading=\"lazy\"><\/picture>\n<p><span>Mir\u00e1 tambi\u00e9n<\/span><\/p>\n<hr>\n<h3>Un verdadero campe\u00f3n: el gesto de Montiel que conmovi\u00f3 a River<\/h3>\n<\/p>\n<\/section>\n<\/div>\n<div class=\"custom-text \" readability=\"36.461538461538\">\n<p>El defensor de River, de paso por la Albiceleste, fue al ex Liberti a festejar con la Selecci\u00f3n y<strong> en la previa del partido ante Panam\u00e1 se le piant\u00f3 un lagrim\u00f3n al ver a uno de sus hijos en el campo de juego. <\/strong>En un plantel con mucha influencia riverplatense, desde Franco Armani, arquero del equipo de Demichelis, <a href=\"https:\/\/www.ole.com.ar\/river-plate\/nicolas-otamendi-river-futuro-benfica-pase_0_jiGYqzf5rg.html\" target=\"_blank\" rel=\"noopener noreferrer\"><strong>hasta ex jugadores e hinchas reconocidos como Nico Otamendi<\/strong><\/a>, <strong>Enzo Fern\u00e1ndez y Juli\u00e1n \u00c1lvarez<\/strong> le cumplieron el sue\u00f1o a Tian:<strong> sali\u00f3 a la cancha con ellos y se par\u00f3 en medio de ambos mientras se entonaba el himno.<\/strong><\/p>\n<\/div>\n<div class=\"sc-489cef11-0 eZyHVk\" readability=\"6.5\">\n<section readability=\"3\"><picture><img alt=\"El homenaje de River a Messi, los jugadores hinchas y los ex\" src=\"http:\/\/hoycordobaweb.com\/wp-content\/uploads\/2023\/03\/river-enzo-y-julian-hicieron-emocionar-a-mammana-y-pirez-poso-con-dos-cantantes-de-lujo-3.jpg\" width=\"29\" height=\"29\" decoding=\"async\" data-nimg=\"future\" loading=\"lazy\"><\/picture>\n<p><span>Mir\u00e1 tambi\u00e9n<\/span><\/p>\n<hr>\n<h3>El homenaje de River a Messi, los jugadores hinchas y los ex<\/h3>\n<\/p>\n<\/section>\n<\/div>\n<div class=\"sc-996041c8-0 iUjELL\"><img alt=\"Tian, hijo de Mammana, junto a Enzo y Juli\u00e1n.\" src=\"http:\/\/hoycordobaweb.com\/wp-content\/uploads\/2023\/03\/river-enzo-y-julian-hicieron-emocionar-a-mammana-y-pirez-poso-con-dos-cantantes-de-lujo-4.jpg\" width=\"72\" height=\"10\" decoding=\"async\" data-nimg=\"future\" loading=\"lazy\"><span>Tian, hijo de Mammana, junto a Enzo y Juli\u00e1n.<\/span><\/div>\n<div class=\"custom-text \" readability=\"39\">\n<p><strong>\u00ab\u00c9l quer\u00eda salir con Enzo y Juli\u00e1n y lo logr\u00f3. Te amo mi rey, es hermoso verte feliz\u00bb, <\/strong>poste\u00f3 el central, que este s\u00e1bado <strong>podr\u00eda volver a sumar minutos en el amistoso ante la U. de Chile<\/strong> para ponerle punto final a un extenso parate de 50 d\u00edas tras recuperarse de una lesi\u00f3n muscular que sufri\u00f3 el 3 de febrero, en la previa al partido ante Belgrano. <\/p>\n<\/div>\n<div class=\"sc-489cef11-0 eZyHVk\" readability=\"6\">\n<section readability=\"2\"><picture><img alt=\"Otamendi habl\u00f3 sobre River y su futuro\" src=\"http:\/\/hoycordobaweb.com\/wp-content\/uploads\/2023\/03\/river-enzo-y-julian-hicieron-emocionar-a-mammana-y-pirez-poso-con-dos-cantantes-de-lujo-5.jpg\" width=\"29\" height=\"29\" decoding=\"async\" data-nimg=\"future\" loading=\"lazy\"><\/picture>\n<p><span>Mir\u00e1 tambi\u00e9n<\/span><\/p>\n<hr>\n<h3>Otamendi habl\u00f3 sobre River y su futuro<\/h3>\n<\/p>\n<\/section>\n<\/div>\n<p><h2><strong>Leandro Gonz\u00e1lez Pirez y dos fotos muy especiales<\/strong><\/h2>\n<\/p>\n<div class=\"custom-text \" readability=\"33\">\n<p>El central tambi\u00e9n se hizo presente en el Monumental y se dio el lujo de posar con dos cantantes que son pareja y la rompen en los escenarios: <strong>el Duki y Emilia Mernes.<\/strong><\/p>\n<\/div>\n<div class=\"sc-996041c8-0 iUjELL\"><img alt=\"Gonz\u00e1lez Pirez con el Duki y Emilia Mernes. Instagram.\" src=\"http:\/\/hoycordobaweb.com\/wp-content\/uploads\/2023\/03\/river-enzo-y-julian-hicieron-emocionar-a-mammana-y-pirez-poso-con-dos-cantantes-de-lujo-6.jpg\" width=\"72\" height=\"10\" decoding=\"async\" data-nimg=\"future\" loading=\"lazy\"><span>Gonz\u00e1lez Pirez con el Duki y Emilia Mernes. Instagram.<\/span><\/div>\n<div class=\"sc-996041c8-0 iUjELL\"><img alt=\"Gonz\u00e1lez Pirez con el Duki y Emilia Mernes. Instagram.\" src=\"http:\/\/hoycordobaweb.com\/wp-content\/uploads\/2023\/03\/river-enzo-y-julian-hicieron-emocionar-a-mammana-y-pirez-poso-con-dos-cantantes-de-lujo-7.jpg\" width=\"72\" height=\"10\" decoding=\"async\" data-nimg=\"future\" loading=\"lazy\"><span>Gonz\u00e1lez Pirez con el Duki y Emilia Mernes. Instagram.<\/span><\/div>\n<div class=\"sc-489cef11-0 eZyHVk\" readability=\"6.5\">\n<section readability=\"3\"><picture><img alt=\"Gallardo volvi\u00f3 al Monumental: el ex DT de River, presente para ver a la Selecci\u00f3n\" src=\"http:\/\/hoycordobaweb.com\/wp-content\/uploads\/2023\/03\/river-enzo-y-julian-hicieron-emocionar-a-mammana-y-pirez-poso-con-dos-cantantes-de-lujo-8.jpg\" width=\"29\" height=\"29\" decoding=\"async\" data-nimg=\"future\" loading=\"lazy\"><\/picture>\n<p><span>Mir\u00e1 tambi\u00e9n<\/span><\/p>\n<hr>\n<h3>Gallardo volvi\u00f3 al Monumental: el ex DT de River, presente para ver a la Selecci\u00f3n<\/h3>\n<\/p>\n<\/section>\n<\/div>\n<div class=\"custom-text \">\n<h2><strong>Gallardo y Demichelis tampoco se perdieron la fiesta<\/strong><\/h2>\n<\/div>\n<div class=\"sc-996041c8-0 iUjELL\"><img alt=\"Marcelo Gallardo con Leonel Messi muestra la camiseta de River. Prensa River\" src=\"http:\/\/hoycordobaweb.com\/wp-content\/uploads\/2023\/03\/river-enzo-y-julian-hicieron-emocionar-a-mammana-y-pirez-poso-con-dos-cantantes-de-lujo-9.jpg\" width=\"72\" height=\"10\" decoding=\"async\" data-nimg=\"future\" loading=\"lazy\"><span>Marcelo Gallardo con Leonel Messi muestra la camiseta de River. Prensa River<\/span><\/div>\n<div class=\"sc-996041c8-0 iUjELL\"><img alt=\"Demichelis fue al Monumental con su familia para el partido de la Selecci\u00f3n. (Instagram evangelinaanderson)\" src=\"http:\/\/hoycordobaweb.com\/wp-content\/uploads\/2023\/03\/river-enzo-y-julian-hicieron-emocionar-a-mammana-y-pirez-poso-con-dos-cantantes-de-lujo-10.jpg\" width=\"72\" height=\"10\" decoding=\"async\" data-nimg=\"future\" loading=\"lazy\"><span>Demichelis fue al Monumental con su familia para el partido de la Selecci\u00f3n. (Instagram evangelinaanderson)<\/span><\/div>\n<\/div>\n","protected":false},"excerpt":{"rendered":"<p>24\/03\/2023 14:49hs. \u00danica. Especial. Emotiva. Festiva. Imborrable. No alcanzan los adjetivos para describir la noche que vivi\u00f3 la Selecci\u00f3n Argentina, que tuvo su merecida fiesta en el Monumental. Los hinchas, desde los que tuvieron la suerte de ir al estadio hasta los que siguieron las acciones por TV, disfrutaron de ver el gol 800 de [&hellip;]<\/p>\n","protected":false},"author":1,"featured_media":57395,"comment_status":"open","ping_status":"closed","sticky":false,"template":"","format":"standard","meta":[],"categories":[16],"tags":[],"_links":{"self":[{"href":"http:\/\/hoycordobaweb.com\/index.php\/wp-json\/wp\/v2\/posts\/57394"}],"collection":[{"href":"http:\/\/hoycordobaweb.com\/index.php\/wp-json\/wp\/v2\/posts"}],"about":[{"href":"http:\/\/hoycordobaweb.com\/index.php\/wp-json\/wp\/v2\/types\/post"}],"author":[{"embeddable":true,"href":"http:\/\/hoycordobaweb.com\/index.php\/wp-json\/wp\/v2\/users\/1"}],"replies":[{"embeddable":true,"href":"http:\/\/hoycordobaweb.com\/index.php\/wp-json\/wp\/v2\/comments?post=57394"}],"version-history":[{"count":0,"href":"http:\/\/hoycordobaweb.com\/index.php\/wp-json\/wp\/v2\/posts\/57394\/revisions"}],"wp:featuredmedia":[{"embeddable":true,"href":"http:\/\/hoycordobaweb.com\/index.php\/wp-json\/wp\/v2\/media\/57395"}],"wp:attachment":[{"href":"http:\/\/hoycordobaweb.com\/index.php\/wp-json\/wp\/v2\/media?parent=57394"}],"wp:term":[{"taxonomy":"category","embeddable":true,"href":"http:\/\/hoycordobaweb.com\/index.php\/wp-json\/wp\/v2\/categories?post=57394"},{"taxonomy":"post_tag","embeddable":true,"href":"http:\/\/hoycordobaweb.com\/index.php\/wp-json\/wp\/v2\/tags?post=57394"}],"curies":[{"name":"wp","href":"https:\/\/api.w.org\/{rel}","templated":true}]}}