{"id":57392,"date":"2023-03-24T17:56:40","date_gmt":"2023-03-24T17:56:40","guid":{"rendered":"https:\/\/www.ole.com.ar\/boca-juniors\/boca-equipo-hugo-ibarra-doble-9-dario-benedetto-miguel-merentiel_0_nRQ7qMpERl.html"},"modified":"2023-03-24T17:56:40","modified_gmt":"2023-03-24T17:56:40","slug":"la-novedosa-propuesta-de-hugo-ibarra-en-el-11-de-boca","status":"publish","type":"post","link":"http:\/\/hoycordobaweb.com\/index.php\/2023\/03\/24\/la-novedosa-propuesta-de-hugo-ibarra-en-el-11-de-boca\/","title":{"rendered":"La novedosa propuesta de Hugo Ibarra en el 11 de Boca"},"content":{"rendered":"<p><img src=\"http:\/\/hoycordobaweb.com\/wp-content\/uploads\/2023\/03\/la-novedosa-propuesta-de-hugo-ibarra-en-el-11-de-boca.jpg\"><\/p>\n<p><time class=\"createDate\" datetime=\"2023-03-24T14:56:40-03:00\">24\/03\/2023 14:56hs.<\/time><time class=\"modificatedDate\" datetime=\"2023\/03\/24T15:20:29-03:00\"> Actualizado al 24\/03\/2023 15:20hs.<\/time><\/p>\n<div id=\"storyBody\">\n<div class=\"custom-text \" readability=\"32.023474178404\">\n<p>En medio del mar de dudas que tiene <a href=\"https:\/\/www.ole.com.ar\/tema\/hugo-ibarra.html\" title=\"Hugo Ibarra\" alt=\"Hugo Ibarra\" class=\"slug\"><strong>Hugo Ibarra<\/strong><\/a> para armar el equipo, conducta que dej\u00f3 clara las \u00faltimas dos semanas moviendo el 11 de un d\u00eda para el otro en Ezeiza antes de cada partido, <strong>ante <\/strong><a href=\"https:\/\/www.ole.com.ar\/tema\/olimpo.html\" title=\"Olimpo\" alt=\"Olimpo\" class=\"slug\"><strong>Olimpo <\/strong><\/a>en la<a href=\"https:\/\/www.ole.com.ar\/tema\/copa-argentina.html\" title=\"Copa Argentina\" alt=\"Copa Argentina\" class=\"slug\"><strong> Copa Argentina<\/strong><\/a> <strong>el DT har\u00e1 un ensayo que hasta ahora no hizo, por lo menos con estos nombres propios: <\/strong><a href=\"https:\/\/www.ole.com.ar\/tema\/dario-benedetto.html\" title=\"Dar\u00edo Benedetto\" alt=\"Dar\u00edo Benedetto\" class=\"slug\"><strong>Dar\u00edo Benedetto<\/strong><\/a><strong> y <\/strong><a href=\"https:\/\/www.ole.com.ar\/tema\/miguel-merentiel.html\" title=\"Miguel Merentiel\" alt=\"Miguel Merentiel\" class=\"slug\"><strong>Miguel Merentiel<\/strong><\/a><strong> jugar\u00e1n por primera vez juntos desde el arranque y ser\u00e1n el doble 9 de <\/strong><a href=\"https:\/\/www.ole.com.ar\/tema\/boca-juniors.html\" title=\"Boca Juniors\" alt=\"Boca Juniors\" class=\"slug\"><strong>Boca<\/strong><\/a><strong>.<\/strong><\/p>\n<\/div>\n<div class=\"sc-489cef11-0 eZyHVk\" readability=\"6.5\">\n<section readability=\"3\"><picture><img alt=\"Curazao: su relaci\u00f3n con Boca, el amor por Argentina y m\u00e1s\" src=\"http:\/\/hoycordobaweb.com\/wp-content\/uploads\/2023\/03\/la-novedosa-propuesta-de-hugo-ibarra-en-el-11-de-boca-2.jpg\" width=\"29\" height=\"29\" decoding=\"async\" data-nimg=\"future\" loading=\"lazy\"><\/picture>\n<p><span>Mir\u00e1 tambi\u00e9n<\/span><\/p>\n<hr>\n<h3>Curazao: su relaci\u00f3n con Boca, el amor por Argentina y m\u00e1s<\/h3>\n<\/p>\n<\/section>\n<\/div>\n<div class=\"sc-e6588e40-0 jdjGfi\">\n<div class=\"sc-e6588e40-1 hsKqox videoText\" id=\"contentTitleundefinedEJYWAwfM\" readability=\"56\"><svg fill=\"#ffffff\"><symbol id=\"play\" viewBox=\"0 0 512 512\"><path d=\"M512 256C512 397.4 397.4 512 256 512C114.6 512 0 397.4 0 256C0 114.6 114.6 0 256 0C397.4 0 512 114.6 512 256zM176 168V344C176 352.7 180.7 360.7 188.3 364.9C195.8 369.2 205.1 369 212.5 364.5L356.5 276.5C363.6 272.1 368 264.4 368 256C368 247.6 363.6 239.9 356.5 235.5L212.5 147.5C205.1 142.1 195.8 142.8 188.3 147.1C180.7 151.3 176 159.3 176 168V168z\" \/><\/symbol><use xlink:href=\"#play\" \/><\/svg><\/p>\n<div class=\"right\" readability=\"7\">\n<p>Juan Rom\u00e1n Riquelme<!-- --> &#8211;<!-- --> <span>24-3-2023<\/span><\/p>\n<h2 class=\"title-vid\">Riquelme, de visita en la redacci\u00f3n de Marca<\/h2>\n<\/div>\n<\/div>\n<p><span class=\"back\" id=\"spanBackundefinedEJYWAwfM\"><\/span><\/div>\n<div class=\"custom-text \" readability=\"39\">\n<p><strong>Los dos centrodelanteros ser\u00e1n la punta de lanza del 4-4-2<\/strong> que parar\u00e1 el Negro en Chaco para avanzar en la Copa Argentina. <strong>Una propuesta, al menos en el ciclo de Ibarra, novedosa.<\/strong> Porque si bien es cierto que en sus 35 partidos en Boca ya la us\u00f3 en cuatro oportunidades con otros int\u00e9rpretes como Pipa-V\u00e1zquez, Pipa-Orsini e incluso Orsini-V\u00e1zquez (tres derrotas y un empate), la realidad es que <strong>no la usaba hace mucho.<\/strong><\/p>\n<\/div>\n<div class=\"sc-489cef11-0 eZyHVk\" readability=\"6\">\n<section readability=\"2\"><picture><img alt=\"Riquelme y la Libertadores: &quot;Intentaremos competir bien y llegar hasta el final&quot;\" src=\"http:\/\/hoycordobaweb.com\/wp-content\/uploads\/2023\/03\/la-novedosa-propuesta-de-hugo-ibarra-en-el-11-de-boca-3.jpg\" width=\"29\" height=\"29\" decoding=\"async\" data-nimg=\"future\" loading=\"lazy\"><\/picture>\n<p><span>Mir\u00e1 tambi\u00e9n<\/span><\/p>\n<hr>\n<h3>Riquelme y la Libertadores: \u00abIntentaremos competir bien y llegar hasta el final\u00bb<\/h3>\n<\/p>\n<\/section>\n<\/div>\n<div class=\"custom-text \" readability=\"36.429752066116\">\n<p>De hecho,<strong> la \u00faltima vez que Ibarra puso un doble 9 fue en julio del a\u00f1o pasado, en la derrota con Argentinos en la Paternal: Orsini y V\u00e1zquez armaron el ataque.<\/strong> Hay una yapa&#8230; en septiembre de 2022, Benedetto y <a href=\"https:\/\/www.ole.com.ar\/tema\/gonzalo-morales.html\" title=\"Gonzalo Morales\" alt=\"Gonzalo Morales\" class=\"slug\"><strong>Gonzalo Morales<\/strong><\/a> jugaron juntos de titulares en los cuartos de la Copa Argentina con Quilmes (fue 3-2 con dos del 9 y otro del Toro). Pero nada m\u00e1s.<\/p>\n<\/div>\n<div class=\"sc-e6588e40-0 jdjGfi\">\n<div class=\"sc-e6588e40-1 hsKqox videoText\" id=\"contentTitleundefined6URXJ5mb\" readability=\"56\"><svg fill=\"#ffffff\"><symbol id=\"play\" viewBox=\"0 0 512 512\"><path d=\"M512 256C512 397.4 397.4 512 256 512C114.6 512 0 397.4 0 256C0 114.6 114.6 0 256 0C397.4 0 512 114.6 512 256zM176 168V344C176 352.7 180.7 360.7 188.3 364.9C195.8 369.2 205.1 369 212.5 364.5L356.5 276.5C363.6 272.1 368 264.4 368 256C368 247.6 363.6 239.9 356.5 235.5L212.5 147.5C205.1 142.1 195.8 142.8 188.3 147.1C180.7 151.3 176 159.3 176 168V168z\" \/><\/symbol><use xlink:href=\"#play\" \/><\/svg><\/p>\n<div class=\"right\" readability=\"7\">\n<p>Dar\u00edo Benedetto<!-- --> &#8211;<!-- --> <span>24-3-2023<\/span><\/p>\n<h2 class=\"title-vid\">El hat-trick de Benedetto<\/h2>\n<\/div>\n<\/div>\n<p><span class=\"back\" id=\"spanBackundefined6URXJ5mb\"><\/span><\/div>\n<div class=\"sc-e6588e40-0 jdjGfi\">\n<div class=\"sc-e6588e40-1 hsKqox videoText\" id=\"contentTitleundefinedLGbH7sN9\"><svg fill=\"#ffffff\"><symbol id=\"play\" viewBox=\"0 0 512 512\"><path d=\"M512 256C512 397.4 397.4 512 256 512C114.6 512 0 397.4 0 256C0 114.6 114.6 0 256 0C397.4 0 512 114.6 512 256zM176 168V344C176 352.7 180.7 360.7 188.3 364.9C195.8 369.2 205.1 369 212.5 364.5L356.5 276.5C363.6 272.1 368 264.4 368 256C368 247.6 363.6 239.9 356.5 235.5L212.5 147.5C205.1 142.1 195.8 142.8 188.3 147.1C180.7 151.3 176 159.3 176 168V168z\" \/><\/symbol><use xlink:href=\"#play\" \/><\/svg><\/p>\n<div class=\"right\">\n<p>Boca Juniors<!-- --> &#8211;<!-- --> <span>24-3-2023<\/span><\/p>\n<h2 class=\"title-vid\">Ibarra le respondi\u00f3 a Sebasti\u00e1n Battaglia<\/h2>\n<\/div>\n<\/div>\n<p><span class=\"back\" id=\"spanBackundefinedLGbH7sN9\"><\/span><\/div>\n<div class=\"custom-text \" readability=\"39\">\n<p>Por eso la sorpresa, aunque tambi\u00e9n por los nombres, que si bien no jugaron juntos de arranque hasta ahora, <strong>s\u00ed Pipa y Merentiel compartieron cancha cuatro veces: victoria ante Patronato y t\u00edtulo (tres goles de Pipa), empate con Defensa y derrotas frente a Banfield e Instituto (entr\u00f3 y descont\u00f3 la Bestia). <\/strong><\/p>\n<\/div>\n<div class=\"sc-489cef11-0 eZyHVk\" readability=\"6\">\n<section readability=\"2\"><picture><img alt=\"\u00bfPor qu\u00e9 Chiquito Romero no viaja con el plantel a Chaco?\" src=\"http:\/\/hoycordobaweb.com\/wp-content\/uploads\/2023\/03\/la-novedosa-propuesta-de-hugo-ibarra-en-el-11-de-boca-4.jpg\" width=\"29\" height=\"29\" decoding=\"async\" data-nimg=\"future\" loading=\"lazy\"><\/picture>\n<p><span>Mir\u00e1 tambi\u00e9n<\/span><\/p>\n<hr>\n<h3>\u00bfPor qu\u00e9 Chiquito Romero no viaja con el plantel a Chaco?<\/h3>\n<\/p>\n<\/section>\n<\/div>\n<div class=\"custom-text \" readability=\"42\">\n<p><strong>\u201cSon m\u00e1s las boludeces que se hablan que lo que hay verdaderamente. A m\u00ed me sirve tener competencia, a \u00e9l tambi\u00e9n. Nos hace mejorar a\u00fan m\u00e1s. Despu\u00e9s, todas las boludeces que hablan&#8230;<\/strong> es Boca, nosotros ya lo sabemos. Ya lo conozco de memoria, no le doy bola\u201d, dijo Pipa sobre esta \u201cnueva propuesta\u201d. Y lo acompa\u00f1\u00f3 el ex 9 de Defensa: <strong>\u201cPodemos jugar juntos, pueden ser tambi\u00e9n, como el entrenador disponga. Yo estoy para sumar desde donde me toque y estamos muy bien\u201d.<\/strong><\/p>\n<\/div>\n<div class=\"sc-e6588e40-0 jdjGfi\">\n<div class=\"sc-e6588e40-1 hsKqox videoText\" id=\"contentTitleundefinedawy0gmDC\"><svg fill=\"#ffffff\"><symbol id=\"play\" viewBox=\"0 0 512 512\"><path d=\"M512 256C512 397.4 397.4 512 256 512C114.6 512 0 397.4 0 256C0 114.6 114.6 0 256 0C397.4 0 512 114.6 512 256zM176 168V344C176 352.7 180.7 360.7 188.3 364.9C195.8 369.2 205.1 369 212.5 364.5L356.5 276.5C363.6 272.1 368 264.4 368 256C368 247.6 363.6 239.9 356.5 235.5L212.5 147.5C205.1 142.1 195.8 142.8 188.3 147.1C180.7 151.3 176 159.3 176 168V168z\" \/><\/symbol><use xlink:href=\"#play\" \/><\/svg><\/p>\n<div class=\"right\">\n<p>Boca Juniors<!-- --> &#8211;<!-- --> <span>24-3-2023<\/span><\/p>\n<h2 class=\"title-vid\">Miguel Merentiel puso el segundo sobre el cierre del partido<\/h2>\n<\/div>\n<\/div>\n<p><span class=\"back\" id=\"spanBackundefinedawy0gmDC\"><\/span><\/div>\n<div class=\"sc-e6588e40-0 jdjGfi\">\n<div class=\"sc-e6588e40-1 hsKqox videoText\" id=\"contentTitleundefinedbvnBHDUQ\"><svg fill=\"#ffffff\"><symbol id=\"play\" viewBox=\"0 0 512 512\"><path d=\"M512 256C512 397.4 397.4 512 256 512C114.6 512 0 397.4 0 256C0 114.6 114.6 0 256 0C397.4 0 512 114.6 512 256zM176 168V344C176 352.7 180.7 360.7 188.3 364.9C195.8 369.2 205.1 369 212.5 364.5L356.5 276.5C363.6 272.1 368 264.4 368 256C368 247.6 363.6 239.9 356.5 235.5L212.5 147.5C205.1 142.1 195.8 142.8 188.3 147.1C180.7 151.3 176 159.3 176 168V168z\" \/><\/symbol><use xlink:href=\"#play\" \/><\/svg><\/p>\n<div class=\"right\">\n<p>Boca Juniors<!-- --> &#8211;<!-- --> <span>24-3-2023<\/span><\/p>\n<h2 class=\"title-vid\">Ibarra: \u00abNosotros vamos ciento por ciento con la idea de poner lo mejor y tratar de ganar\u00bb<\/h2>\n<\/div>\n<\/div>\n<p><span class=\"back\" id=\"spanBackundefinedbvnBHDUQ\"><\/span><\/div>\n<div class=\"custom-text \" readability=\"42\">\n<p>La propuesta de Ibarra, tambi\u00e9n, apuesta a la compa\u00f1\u00eda que puedan tener entre s\u00ed los delanteros, pero sobre todo a que les llegue la pelota desde el mediocampo, desde los cuatro volantes que jugar\u00e1n este s\u00e1bado, un d\u00e9ficit que viene sufriendo Boca.<strong> \u201cMiguel nos da alternativas de ataque, puedo jugar con dos delanteros o con tres dependiendo la situaci\u00f3n. Hay opciones en todas las l\u00edneas para formar distinto\u201d, <\/strong>dijo el Negro.<\/p>\n<\/div>\n<div class=\"custom-text \">\n<p><strong>Doble o nada.<\/strong><\/p>\n<\/div>\n<div class=\"sc-489cef11-0 eZyHVk\" readability=\"6\">\n<section readability=\"2\"><picture><img alt=\"Qu\u00e9 dijo Hugo Ibarra sobre su continuidad en Boca\" src=\"http:\/\/hoycordobaweb.com\/wp-content\/uploads\/2023\/03\/la-novedosa-propuesta-de-hugo-ibarra-en-el-11-de-boca-5.jpg\" width=\"29\" height=\"29\" decoding=\"async\" data-nimg=\"future\" loading=\"lazy\"><\/picture>\n<p><span>Mir\u00e1 tambi\u00e9n<\/span><\/p>\n<hr>\n<h3>Qu\u00e9 dijo Hugo Ibarra sobre su continuidad en Boca<\/h3>\n<\/p>\n<\/section>\n<\/div>\n<p><h2><strong>EL 11 DE BOCA PARA JUGAR CON OLIMPO<\/strong><\/h2>\n<\/p>\n<div class=\"custom-text \" readability=\"39\">\n<p><strong>Javier Garc\u00eda; Marcelo Weigandt, Facundo Roncaglia, Nicol\u00e1s Valentini, Agust\u00edn Sandez; Cristian Medina, Alan Varela, Juan Ram\u00edrez, Mart\u00edn Payero; Dar\u00edo Benedetto y Miguel Merentiel.<\/strong><\/p>\n<\/div>\n<div class=\"sc-996041c8-0 iUjELL\"><img alt=\"Son 24 los jugadores que Ibarra llevar\u00e1 a Chaco, aunque Nicol\u00e1s Figal se entren\u00f3 diferenciado en la semana y no estar\u00eda en condiciones.\" src=\"http:\/\/hoycordobaweb.com\/wp-content\/uploads\/2023\/03\/la-novedosa-propuesta-de-hugo-ibarra-en-el-11-de-boca-6.jpg\" width=\"72\" height=\"10\" decoding=\"async\" data-nimg=\"future\" loading=\"lazy\"><span>Son 24 los jugadores que Ibarra llevar\u00e1 a Chaco, aunque Nicol\u00e1s Figal se entren\u00f3 diferenciado en la semana y no estar\u00eda en condiciones.<\/span><\/div>\n<div class=\"sc-e6588e40-0 jdjGfi\">\n<div class=\"sc-e6588e40-1 hsKqox videoText\" id=\"contentTitleundefinedQleEKMBC\"><svg fill=\"#ffffff\"><symbol id=\"play\" viewBox=\"0 0 512 512\"><path d=\"M512 256C512 397.4 397.4 512 256 512C114.6 512 0 397.4 0 256C0 114.6 114.6 0 256 0C397.4 0 512 114.6 512 256zM176 168V344C176 352.7 180.7 360.7 188.3 364.9C195.8 369.2 205.1 369 212.5 364.5L356.5 276.5C363.6 272.1 368 264.4 368 256C368 247.6 363.6 239.9 356.5 235.5L212.5 147.5C205.1 142.1 195.8 142.8 188.3 147.1C180.7 151.3 176 159.3 176 168V168z\" \/><\/symbol><use xlink:href=\"#play\" \/><\/svg><\/p>\n<div class=\"right\">\n<p>Boca Juniors<!-- --> &#8211;<!-- --> <span>24-3-2023<\/span><\/p>\n<h2 class=\"title-vid\">Ibarra: \u00abLo que hable con mis jugadores va a quedar puertas adentro\u00bb<\/h2>\n<\/div>\n<\/div>\n<p><span class=\"back\" id=\"spanBackundefinedQleEKMBC\"><\/span><\/div>\n<\/div>\n","protected":false},"excerpt":{"rendered":"<p>24\/03\/2023 14:56hs. Actualizado al 24\/03\/2023 15:20hs. En medio del mar de dudas que tiene Hugo Ibarra para armar el equipo, conducta que dej\u00f3 clara las \u00faltimas dos semanas moviendo el 11 de un d\u00eda para el otro en Ezeiza antes de cada partido, ante Olimpo en la Copa Argentina el DT har\u00e1 un ensayo que [&hellip;]<\/p>\n","protected":false},"author":1,"featured_media":57393,"comment_status":"open","ping_status":"closed","sticky":false,"template":"","format":"standard","meta":[],"categories":[16],"tags":[],"_links":{"self":[{"href":"http:\/\/hoycordobaweb.com\/index.php\/wp-json\/wp\/v2\/posts\/57392"}],"collection":[{"href":"http:\/\/hoycordobaweb.com\/index.php\/wp-json\/wp\/v2\/posts"}],"about":[{"href":"http:\/\/hoycordobaweb.com\/index.php\/wp-json\/wp\/v2\/types\/post"}],"author":[{"embeddable":true,"href":"http:\/\/hoycordobaweb.com\/index.php\/wp-json\/wp\/v2\/users\/1"}],"replies":[{"embeddable":true,"href":"http:\/\/hoycordobaweb.com\/index.php\/wp-json\/wp\/v2\/comments?post=57392"}],"version-history":[{"count":0,"href":"http:\/\/hoycordobaweb.com\/index.php\/wp-json\/wp\/v2\/posts\/57392\/revisions"}],"wp:featuredmedia":[{"embeddable":true,"href":"http:\/\/hoycordobaweb.com\/index.php\/wp-json\/wp\/v2\/media\/57393"}],"wp:attachment":[{"href":"http:\/\/hoycordobaweb.com\/index.php\/wp-json\/wp\/v2\/media?parent=57392"}],"wp:term":[{"taxonomy":"category","embeddable":true,"href":"http:\/\/hoycordobaweb.com\/index.php\/wp-json\/wp\/v2\/categories?post=57392"},{"taxonomy":"post_tag","embeddable":true,"href":"http:\/\/hoycordobaweb.com\/index.php\/wp-json\/wp\/v2\/tags?post=57392"}],"curies":[{"name":"wp","href":"https:\/\/api.w.org\/{rel}","templated":true}]}}