{"id":57382,"date":"2023-03-24T16:08:00","date_gmt":"2023-03-24T16:08:00","guid":{"rendered":"http:\/\/hoycordobaweb.com\/index.php\/2023\/03\/24\/el-reino-unido-y-la-ue-adoptaron-un-nuevo-acuerdo-comercial-para-irlanda-del-norte\/"},"modified":"2023-03-24T16:08:00","modified_gmt":"2023-03-24T16:08:00","slug":"el-reino-unido-y-la-ue-adoptaron-un-nuevo-acuerdo-comercial-para-irlanda-del-norte","status":"publish","type":"post","link":"http:\/\/hoycordobaweb.com\/index.php\/2023\/03\/24\/el-reino-unido-y-la-ue-adoptaron-un-nuevo-acuerdo-comercial-para-irlanda-del-norte\/","title":{"rendered":"El Reino Unido y la UE adoptaron un nuevo acuerdo comercial para Irlanda del Norte"},"content":{"rendered":"<p><img src=\"http:\/\/hoycordobaweb.com\/wp-content\/uploads\/2023\/03\/el-reino-unido-y-la-ue-adoptaron-un-nuevo-acuerdo-comercial-para-irlanda-del-norte.jpg\"><\/p>\n<figure class=\"mb-3\"><img loading=\"lazy\" data-src=\"http:\/\/hoycordobaweb.com\/wp-content\/uploads\/2023\/03\/el-reino-unido-y-la-ue-adoptaron-un-nuevo-acuerdo-comercial-para-irlanda-del-norte-2.jpg\" src=\"https:\/\/www.telam.com.ar\/assets\/img\/not_image.png\" class=\" lazy \" width=\"100%\" height=\"100%\" alt=\" Foto JamesCleverly\"><figcaption> \/ Foto: @JamesCleverly <\/figcaption><\/figure>\n<p>El Reino Unido y la Uni\u00f3n Europea (UE) adoptaron este viernes formalmente su <strong>nuevo acuerdo sobre los acuerdos comerciales posteriores al Brexit <\/strong>que rigen en Irlanda del Norte, un tema que gener\u00f3 asperezas internas y tambi\u00e9n entre Londres y Bruselas.<\/p>\n<p>El ministro de Relaciones Exteriores brit\u00e1nico, James Cleverly, y el vicepresidente de la Comisi\u00f3n Europea, Maros Sefcovic, firmaron el denominado \u00abmarco de Windsor\u00bb en Londres.<\/p>\n<p>\u00abLo veo como la apertura de un nuevo cap\u00edtulo\u00bb, declar\u00f3 Sefcovic a la agencia de noticias AFP.<\/p>\n<p>\u00abEstamos dando un nuevo impulso positivo a la relaci\u00f3n entre la UE y el Reino Unido\u00bb, consider\u00f3, esperando \u00ababrir nuevas v\u00edas en los \u00e1mbitos pol\u00edtico y econ\u00f3mico para una mayor cooperaci\u00f3n\u00bb.<\/p>\n<p>\u00abCreemos que, con este nuevo marco en vigor, estamos abriendo nuevas oportunidades para la poblaci\u00f3n y las empresas de Irlanda del Norte\u00bb, agreg\u00f3.<\/p>\n<blockquote class=\"twitter-tweet\" readability=\"7.906976744186\">\n<p lang=\"en\" dir=\"ltr\">We\u2019ve formally adopted the Windsor Framework.<\/p>\n<p>This delivers on our commitment to the people of Northern Ireland. <\/p>\n<p>Great to see you in London, <a href=\"https:\/\/twitter.com\/MarosSefcovic?ref_src=twsrc%5Etfw\">@MarosSefcovic<\/a> \ud83c\uddec\ud83c\udde7\ud83c\uddea\ud83c\uddfa <a href=\"https:\/\/t.co\/zX8YhzjvNB\">pic.twitter.com\/zX8YhzjvNB<\/a><\/p>\n<p>\u2014 James Cleverly\ud83c\uddec\ud83c\udde7 (@JamesCleverly) <a href=\"https:\/\/twitter.com\/JamesCleverly\/status\/1639256226445029376?ref_src=twsrc%5Etfw\">March 24, 2023<\/a><\/p><\/blockquote>\n<p>En un comunicado, Cleverly elogi\u00f3 el \u00abmarco de Windsor\u00bb como \u00abel mejor acuerdo para Irlanda del Norte, que asegura su lugar en el Reino Unido y protege\u00bb el acuerdo del Viernes Santo de 1998, que puso fin a tres d\u00e9cadas de conflicto entre republicanos cat\u00f3licos y unionistas protestantes que dej\u00f3 m\u00e1s de 3.600 muertos.<\/p>\n<p><strong>Los diputados brit\u00e1nicos aprobaron el mi\u00e9rcoles pasado por abrumadora mayor\u00eda una parte crucial del texto<\/strong>, pese a la rebeli\u00f3n del ex primer ministro Boris Johnson y otros conservadores euroesc\u00e9pticos que votaron en contra.<\/p>\n<p>El principal partido unionista de Irlanda del Norte, el DUP, tambi\u00e9n vot\u00f3 contra esa medida clave, que otorga al Parlamento aut\u00f3nomo norirland\u00e9s un veto sobre las nuevas reglas de la UE que se implementen en la regi\u00f3n.<\/p>\n<p>Pese a \u00abrepresentar un avance real\u00bb, el nuevo acuerdo \u00abno aborda la cuesti\u00f3n fundamental, es decir la imposici\u00f3n de la legislaci\u00f3n de la UE\u00bb en Irlanda del Norte, hab\u00eda justificado la semana pasada el l\u00edder del DUP, Jeffrey Donaldson.<\/p>\n<p>El \u00abmarco de Windsor\u00bb, alcanzado el mes pasado entre Londres y Bruselas, actualiza el llamado protocolo norirland\u00e9s negociado en 2020 por Johnson en el marco del Brexit, la salida del Reino Unido de la Uni\u00f3n Europea.<\/p>\n<p>Aquel protocolo manten\u00eda a Irlanda del Norte dentro del mercado \u00fanico europeo, con el objetivo de evitar una frontera terrestre f\u00edsica con la vecina Rep\u00fablica de Irlanda, pa\u00eds miembro de la UE, que amenazase la fr\u00e1gil paz entre republicanos y unionistas.<\/p>\n<p>Sin embargo, para ello impon\u00eda controles aduaneros a los productos llegados a la regi\u00f3n desde el resto del Reino Unido, lo que el DUP denunciaba como una amenaza al lugar de Irlanda del Norte dentro del pa\u00eds.<\/p>\n<p>En protesta, este partido bloquea desde hace un a\u00f1o las instituciones regionales norirlandesas, donde cat\u00f3licos y protestantes deben compartir el poder en virtud del acuerdo de paz de 1998.<\/p>\n<p><strong>Por primera vez desde la partici\u00f3n de la isla en 1921 el Sinn F\u00e9in, brazo pol\u00edtico del antiguo Ej\u00e9rcito Republicano Irland\u00e9s (IRA), gan\u00f3 las elecciones regionales<\/strong>, pero no pudo formar Gobierno por los bloqueos de los unionistas. <\/p>\n","protected":false},"excerpt":{"rendered":"<p>\/ Foto: @JamesCleverly El Reino Unido y la Uni\u00f3n Europea (UE) adoptaron este viernes formalmente su nuevo acuerdo sobre los acuerdos comerciales posteriores al Brexit que rigen en Irlanda del Norte, un tema que gener\u00f3 asperezas internas y tambi\u00e9n entre Londres y Bruselas. El ministro de Relaciones Exteriores brit\u00e1nico, James Cleverly, y el vicepresidente de [&hellip;]<\/p>\n","protected":false},"author":1,"featured_media":57383,"comment_status":"open","ping_status":"closed","sticky":false,"template":"","format":"standard","meta":[],"categories":[24],"tags":[],"_links":{"self":[{"href":"http:\/\/hoycordobaweb.com\/index.php\/wp-json\/wp\/v2\/posts\/57382"}],"collection":[{"href":"http:\/\/hoycordobaweb.com\/index.php\/wp-json\/wp\/v2\/posts"}],"about":[{"href":"http:\/\/hoycordobaweb.com\/index.php\/wp-json\/wp\/v2\/types\/post"}],"author":[{"embeddable":true,"href":"http:\/\/hoycordobaweb.com\/index.php\/wp-json\/wp\/v2\/users\/1"}],"replies":[{"embeddable":true,"href":"http:\/\/hoycordobaweb.com\/index.php\/wp-json\/wp\/v2\/comments?post=57382"}],"version-history":[{"count":0,"href":"http:\/\/hoycordobaweb.com\/index.php\/wp-json\/wp\/v2\/posts\/57382\/revisions"}],"wp:featuredmedia":[{"embeddable":true,"href":"http:\/\/hoycordobaweb.com\/index.php\/wp-json\/wp\/v2\/media\/57383"}],"wp:attachment":[{"href":"http:\/\/hoycordobaweb.com\/index.php\/wp-json\/wp\/v2\/media?parent=57382"}],"wp:term":[{"taxonomy":"category","embeddable":true,"href":"http:\/\/hoycordobaweb.com\/index.php\/wp-json\/wp\/v2\/categories?post=57382"},{"taxonomy":"post_tag","embeddable":true,"href":"http:\/\/hoycordobaweb.com\/index.php\/wp-json\/wp\/v2\/tags?post=57382"}],"curies":[{"name":"wp","href":"https:\/\/api.w.org\/{rel}","templated":true}]}}