{"id":57375,"date":"2023-03-23T15:30:00","date_gmt":"2023-03-23T15:30:00","guid":{"rendered":"https:\/\/fono.fcm.unc.edu.ar\/?p=10494"},"modified":"2023-03-23T15:30:00","modified_gmt":"2023-03-23T15:30:00","slug":"60-aniversario-programa-de-fortalecimiento-y-consolidacion-academico-trabajo-final","status":"publish","type":"post","link":"http:\/\/hoycordobaweb.com\/index.php\/2023\/03\/23\/60-aniversario-programa-de-fortalecimiento-y-consolidacion-academico-trabajo-final\/","title":{"rendered":"60\u00b0 Aniversario \u2013 Programa de Fortalecimiento y Consolidaci\u00f3n Acad\u00e9mico: Trabajo Final"},"content":{"rendered":"<h2 class=\"fusion-post-title\">60\u00b0 Aniversario \u2013 Programa de Fortalecimiento y Consolidaci\u00f3n Acad\u00e9mico: Trabajo Final<\/h2>\n<div class=\"post-content\" readability=\"34\">\n<p><img loading=\"lazy\" class=\"alignright size-fusion-400 wp-image-10495\" src=\"https:\/\/fono.fcm.unc.edu.ar\/wp-content\/uploads\/sites\/14\/2023\/03\/EXAMENES-6-400x400.png\" alt width=\"400\" height=\"400\" srcset=\"https:\/\/fono.fcm.unc.edu.ar\/wp-content\/uploads\/sites\/14\/2023\/03\/EXAMENES-6-66x66.png 66w, https:\/\/fono.fcm.unc.edu.ar\/wp-content\/uploads\/sites\/14\/2023\/03\/EXAMENES-6-150x150.png 150w, https:\/\/fono.fcm.unc.edu.ar\/wp-content\/uploads\/sites\/14\/2023\/03\/EXAMENES-6-200x200.png 200w, https:\/\/fono.fcm.unc.edu.ar\/wp-content\/uploads\/sites\/14\/2023\/03\/EXAMENES-6-300x300.png 300w, https:\/\/fono.fcm.unc.edu.ar\/wp-content\/uploads\/sites\/14\/2023\/03\/EXAMENES-6-400x400.png 400w, https:\/\/fono.fcm.unc.edu.ar\/wp-content\/uploads\/sites\/14\/2023\/03\/EXAMENES-6-600x600.png 600w, https:\/\/fono.fcm.unc.edu.ar\/wp-content\/uploads\/sites\/14\/2023\/03\/EXAMENES-6-768x768.png 768w, https:\/\/fono.fcm.unc.edu.ar\/wp-content\/uploads\/sites\/14\/2023\/03\/EXAMENES-6-800x800.png 800w, https:\/\/fono.fcm.unc.edu.ar\/wp-content\/uploads\/sites\/14\/2023\/03\/EXAMENES-6-1024x1024.png 1024w, https:\/\/fono.fcm.unc.edu.ar\/wp-content\/uploads\/sites\/14\/2023\/03\/EXAMENES-6.png 1080w\" sizes=\"(max-width: 400px) 100vw, 400px\">As\u00ed finaliz\u00f3 el Programa de Fortalecimiento y Consolidaci\u00f3n Acad\u00e9mico: Trabajo Final.<\/p>\n<p>Felicitaciones al equipo de trabajo y a cada Estudiante!<\/p>\n<\/p><\/div>\n","protected":false},"excerpt":{"rendered":"<p>60\u00b0 Aniversario \u2013 Programa de Fortalecimiento y Consolidaci\u00f3n Acad\u00e9mico: Trabajo Final As\u00ed finaliz\u00f3 el Programa de Fortalecimiento y Consolidaci\u00f3n Acad\u00e9mico: Trabajo Final. Felicitaciones al equipo de trabajo y a cada Estudiante!<\/p>\n","protected":false},"author":1,"featured_media":0,"comment_status":"closed","ping_status":"closed","sticky":false,"template":"","format":"standard","meta":[],"categories":[1],"tags":[],"_links":{"self":[{"href":"http:\/\/hoycordobaweb.com\/index.php\/wp-json\/wp\/v2\/posts\/57375"}],"collection":[{"href":"http:\/\/hoycordobaweb.com\/index.php\/wp-json\/wp\/v2\/posts"}],"about":[{"href":"http:\/\/hoycordobaweb.com\/index.php\/wp-json\/wp\/v2\/types\/post"}],"author":[{"embeddable":true,"href":"http:\/\/hoycordobaweb.com\/index.php\/wp-json\/wp\/v2\/users\/1"}],"replies":[{"embeddable":true,"href":"http:\/\/hoycordobaweb.com\/index.php\/wp-json\/wp\/v2\/comments?post=57375"}],"version-history":[{"count":0,"href":"http:\/\/hoycordobaweb.com\/index.php\/wp-json\/wp\/v2\/posts\/57375\/revisions"}],"wp:attachment":[{"href":"http:\/\/hoycordobaweb.com\/index.php\/wp-json\/wp\/v2\/media?parent=57375"}],"wp:term":[{"taxonomy":"category","embeddable":true,"href":"http:\/\/hoycordobaweb.com\/index.php\/wp-json\/wp\/v2\/categories?post=57375"},{"taxonomy":"post_tag","embeddable":true,"href":"http:\/\/hoycordobaweb.com\/index.php\/wp-json\/wp\/v2\/tags?post=57375"}],"curies":[{"name":"wp","href":"https:\/\/api.w.org\/{rel}","templated":true}]}}