{"id":57345,"date":"2023-03-23T16:03:00","date_gmt":"2023-03-23T16:03:00","guid":{"rendered":"https:\/\/www.ole.com.ar\/futbol-internacional\/seleccion-de-mexico-diego-cocca-conferencia-de-prensa_0_951fEXqepU.html"},"modified":"2023-03-23T16:03:00","modified_gmt":"2023-03-23T16:03:00","slug":"cocca-hay-que-jugar-con-identidad-y-ganar","status":"publish","type":"post","link":"http:\/\/hoycordobaweb.com\/index.php\/2023\/03\/23\/cocca-hay-que-jugar-con-identidad-y-ganar\/","title":{"rendered":"Cocca: \u00abHay que jugar con identidad y ganar\u00bb"},"content":{"rendered":"<p><img src=\"http:\/\/hoycordobaweb.com\/wp-content\/uploads\/2023\/03\/cocca-hay-que-jugar-con-identidad-y-ganar.jpg\"><\/p>\n<p><time class=\"createDate\" datetime=\"2023-03-23T13:03:00-03:00\">23\/03\/2023 13:03hs.<\/time><time class=\"modificatedDate\" datetime=\"2023\/03\/23T13:02:59-03:00\"> Actualizado al 23\/03\/2023 13:02hs.<\/time><\/p>\n<div id=\"storyBody\">\n<div class=\"custom-text \" readability=\"31.111111111111\">\n<p>Se acerca la fecha del debut. <strong>Este jueves comenzar\u00e1 la era de <\/strong><a href=\"https:\/\/www.ole.com.ar\/tema\/diego-cocca.html\" title=\"Diego Cocca\" alt=\"Diego Cocca\" class=\"slug\"><strong>Diego Cocca<\/strong><\/a><strong> al frente de la <\/strong><a href=\"https:\/\/www.ole.com.ar\/tema\/seleccion-de-mexico.html\" title=\"Selecci\u00f3n de M\u00e9xico\" alt=\"Selecci\u00f3n de M\u00e9xico\" class=\"slug\"><strong>Selecci\u00f3n de M\u00e9xico<\/strong><\/a><strong> cuando visite a Surinam<\/strong> por la fecha 5 de la Liga de Naciones de Concacaf. En la previa, el director t\u00e9cnico argentinos habl\u00f3 en conferencia de prensa y se mostr\u00f3 confiado.<\/p>\n<\/div>\n<div class=\"sc-996041c8-0 iUjELL\"><img alt=\"Diego Cocca debutar\u00e1 este jueves como DT de M\u00e9xico.\" src=\"http:\/\/hoycordobaweb.com\/wp-content\/uploads\/2023\/03\/cocca-hay-que-jugar-con-identidad-y-ganar-2.jpg\" width=\"72\" height=\"10\" decoding=\"async\" data-nimg=\"future\" loading=\"lazy\"><span>Diego Cocca debutar\u00e1 este jueves como DT de M\u00e9xico.<\/span><\/div>\n<div class=\"sc-489cef11-0 eZyHVk\" readability=\"6\">\n<section readability=\"2\"><picture><img alt=\"La UEFA investigar\u00e1 al Barcelona por el caso Negreira: \u00bflo deja sin Champions?\" src=\"http:\/\/hoycordobaweb.com\/wp-content\/uploads\/2023\/03\/cocca-hay-que-jugar-con-identidad-y-ganar-3.jpg\" width=\"29\" height=\"29\" decoding=\"async\" data-nimg=\"future\" loading=\"lazy\"><\/picture>\n<p><span>Mir\u00e1 tambi\u00e9n<\/span><\/p>\n<hr>\n<h3>La UEFA investigar\u00e1 al Barcelona por el caso Negreira: \u00bflo deja sin Champions?<\/h3>\n<\/p>\n<\/section>\n<\/div>\n<div class=\"custom-text \" readability=\"39\">\n<p><strong>\u00abYa sabemos contra qui\u00e9n jugamos, a qu\u00e9 jugamos y lo que tenemos que hacer\u00bb<\/strong>, sostuvo Cocca y agreg\u00f3 que espera imponer su estilo de juego en el seleccionado azteca:<strong> \u00abTenemos una forma para ganar, no comparto el ganar como sea, es una forma para la Selecci\u00f3n y la encontraremos. Cada partido es important\u00edsimo. El objetivo que tenemos es jugar con identidad y ganar\u00bb<\/strong>.<\/p>\n<\/div>\n<div class=\"sc-489cef11-0 eZyHVk\" readability=\"6\">\n<section readability=\"2\"><picture><img alt=\"Por qu\u00e9 la Selecci\u00f3n hace un ensayo con River\" src=\"http:\/\/hoycordobaweb.com\/wp-content\/uploads\/2023\/03\/cocca-hay-que-jugar-con-identidad-y-ganar-4.jpg\" width=\"29\" height=\"29\" decoding=\"async\" data-nimg=\"future\" loading=\"lazy\"><\/picture>\n<p><span>Mir\u00e1 tambi\u00e9n<\/span><\/p>\n<hr>\n<h3>Por qu\u00e9 la Selecci\u00f3n hace un ensayo con River<\/h3>\n<\/p>\n<\/section>\n<\/div>\n<div class=\"custom-text \" readability=\"38\">\n<p>Por su parte, habl\u00f3 de su tiempo de trabajo y destac\u00f3 la importancia de la cercan\u00eda con los futbolistas: <strong>\u00abPara nosotros cada momento es importante para conocer al jugador, escuchar sus inquietudes, ver en qu\u00e9 podemos ayudar y mejorar, siempre para construir\u00bb<\/strong>.<\/p>\n<\/div>\n<div class=\"sc-489cef11-0 eZyHVk\" readability=\"6.5\">\n<section readability=\"3\"><picture><img alt=\"Fue verdugo de Argentina, lo dirigi\u00f3 Simeone y se retir\u00f3 a los 31 a\u00f1os\" src=\"http:\/\/hoycordobaweb.com\/wp-content\/uploads\/2023\/03\/cocca-hay-que-jugar-con-identidad-y-ganar-5.jpg\" width=\"29\" height=\"29\" decoding=\"async\" data-nimg=\"future\" loading=\"lazy\"><\/picture>\n<p><span>Mir\u00e1 tambi\u00e9n<\/span><\/p>\n<hr>\n<h3>Fue verdugo de Argentina, lo dirigi\u00f3 Simeone y se retir\u00f3 a los 31 a\u00f1os<\/h3>\n<\/p>\n<\/section>\n<\/div>\n<div class=\"custom-text \" readability=\"42\">\n<p>Por \u00faltimo, en el comienzo de una nueva etapa tras la eliminaci\u00f3n en fase de grupos de Qatar, el DT pidi\u00f3 no caer en el pesimismo. <strong>\u00abUno se pone presi\u00f3n si piensa en lo malo que puede pasar, pero yo pienso en lo bueno. Lo bueno es que estamos empezando un proceso, que tendremos un Mundial, no me limita si son j\u00f3venes o veteranos, lo importante es que sean mexicanos\u00bb,<\/strong> coment\u00f3. <\/p>\n<\/div>\n<div class=\"custom-text \" readability=\"39\">\n<p><strong>Adem\u00e1s del cruce con Surinam, el seleccionado tricolor recibir\u00e1 a Jamaica el domingo<\/strong>. Actualmente, M\u00e9xico marcha segundo en el Grupo 1 de la Liga A del certamen de Concacaf con cuatro unidades, un punto por debajo del conjunto jamaiquino, que tiene un partido m\u00e1s. S\u00f3lo el primero avanzar\u00e1 a las semifinales.<\/p>\n<\/div>\n<div class=\"sc-489cef11-0 eZyHVk\" readability=\"6\">\n<section readability=\"2\"><picture><img alt=\"Lo compararon con Messi y se retira en las sombras: Bojan Krkic anunci\u00f3 su adi\u00f3s\" src=\"http:\/\/hoycordobaweb.com\/wp-content\/uploads\/2023\/03\/cocca-hay-que-jugar-con-identidad-y-ganar-6.jpg\" width=\"29\" height=\"29\" decoding=\"async\" data-nimg=\"future\" loading=\"lazy\"><\/picture>\n<p><span>Mir\u00e1 tambi\u00e9n<\/span><\/p>\n<hr>\n<h3>Lo compararon con Messi y se retira en las sombras: Bojan Krkic anunci\u00f3 su adi\u00f3s<\/h3>\n<\/p>\n<\/section>\n<\/div>\n<\/div>\n","protected":false},"excerpt":{"rendered":"<p>23\/03\/2023 13:03hs. Actualizado al 23\/03\/2023 13:02hs. Se acerca la fecha del debut. Este jueves comenzar\u00e1 la era de Diego Cocca al frente de la Selecci\u00f3n de M\u00e9xico cuando visite a Surinam por la fecha 5 de la Liga de Naciones de Concacaf. En la previa, el director t\u00e9cnico argentinos habl\u00f3 en conferencia de prensa y [&hellip;]<\/p>\n","protected":false},"author":1,"featured_media":57346,"comment_status":"open","ping_status":"closed","sticky":false,"template":"","format":"standard","meta":[],"categories":[16],"tags":[],"_links":{"self":[{"href":"http:\/\/hoycordobaweb.com\/index.php\/wp-json\/wp\/v2\/posts\/57345"}],"collection":[{"href":"http:\/\/hoycordobaweb.com\/index.php\/wp-json\/wp\/v2\/posts"}],"about":[{"href":"http:\/\/hoycordobaweb.com\/index.php\/wp-json\/wp\/v2\/types\/post"}],"author":[{"embeddable":true,"href":"http:\/\/hoycordobaweb.com\/index.php\/wp-json\/wp\/v2\/users\/1"}],"replies":[{"embeddable":true,"href":"http:\/\/hoycordobaweb.com\/index.php\/wp-json\/wp\/v2\/comments?post=57345"}],"version-history":[{"count":0,"href":"http:\/\/hoycordobaweb.com\/index.php\/wp-json\/wp\/v2\/posts\/57345\/revisions"}],"wp:featuredmedia":[{"embeddable":true,"href":"http:\/\/hoycordobaweb.com\/index.php\/wp-json\/wp\/v2\/media\/57346"}],"wp:attachment":[{"href":"http:\/\/hoycordobaweb.com\/index.php\/wp-json\/wp\/v2\/media?parent=57345"}],"wp:term":[{"taxonomy":"category","embeddable":true,"href":"http:\/\/hoycordobaweb.com\/index.php\/wp-json\/wp\/v2\/categories?post=57345"},{"taxonomy":"post_tag","embeddable":true,"href":"http:\/\/hoycordobaweb.com\/index.php\/wp-json\/wp\/v2\/tags?post=57345"}],"curies":[{"name":"wp","href":"https:\/\/api.w.org\/{rel}","templated":true}]}}