{"id":57343,"date":"2023-03-23T17:50:56","date_gmt":"2023-03-23T17:50:56","guid":{"rendered":"https:\/\/www.ole.com.ar\/ecuador\/aucas\/luis-soler-reclamo-deuda-aucas-ligapro_0_6gaWuLzehE.html"},"modified":"2023-03-23T17:50:56","modified_gmt":"2023-03-23T17:50:56","slug":"luis-soler-reclamo-a-aucas-por-una-deuda","status":"publish","type":"post","link":"http:\/\/hoycordobaweb.com\/index.php\/2023\/03\/23\/luis-soler-reclamo-a-aucas-por-una-deuda\/","title":{"rendered":"Luis Soler reclam\u00f3 a Aucas por una deuda"},"content":{"rendered":"<p><img src=\"http:\/\/hoycordobaweb.com\/wp-content\/uploads\/2023\/03\/luis-soler-reclamo-a-aucas-por-una-deuda.jpg\"><\/p>\n<p><time class=\"createDate\" datetime=\"2023-03-23T14:50:56-03:00\">23\/03\/2023 14:50hs.<\/time><time class=\"modificatedDate\" datetime=\"2023\/03\/23T14:50:54-03:00\"><\/time><\/p>\n<div id=\"storyBody\">\n<div class=\"custom-text \" readability=\"36.212871287129\">\n<p><strong>En los \u00faltimos a\u00f1os se dieron varios cambios en <\/strong><a href=\"https:\/\/www.ole.com.ar\/tema\/aucas.html\" title=\"Aucas\" alt=\"Aucas\" class=\"slug\"><strong>Aucas<\/strong><\/a><strong> y finalmente con <\/strong><a href=\"https:\/\/www.ole.com.ar\/tema\/cesar-farias.html\" title=\"C\u00e9sar Far\u00edas\" alt=\"C\u00e9sar Far\u00edas\" class=\"slug\"><strong>C\u00e9sar Far\u00edas<\/strong><\/a><strong> lograron conseguir el primer t\u00edtulo en la historia del club<\/strong>. Danny Walker, presidente de los Orientales, le dio un giro en la administraci\u00f3n al cuadro capitalino y en 2017 nombr\u00f3 a Luis Soler como director deportivo. Los resultados no se dieron bajo la direcci\u00f3n del argentino, por lo que en 2020 dej\u00f3 el cargo.<\/p>\n<\/div>\n<div class=\"sc-489cef11-0 eZyHVk\" readability=\"6\">\n<section readability=\"2\"><picture><img alt=\"Francisco Egas: &quot;F\u00e9lix S\u00e1nchez es el profesional adecuado para esta nueva etapa&quot;\" src=\"http:\/\/hoycordobaweb.com\/wp-content\/uploads\/2023\/03\/luis-soler-reclamo-a-aucas-por-una-deuda-2.jpg\" width=\"29\" height=\"29\" decoding=\"async\" data-nimg=\"future\" loading=\"lazy\"><\/picture>\n<p><span>Mir\u00e1 tambi\u00e9n<\/span><\/p>\n<hr>\n<h3>Francisco Egas: \u00abF\u00e9lix S\u00e1nchez es el profesional adecuado para esta nueva etapa\u00bb<\/h3>\n<\/p>\n<\/section>\n<\/div>\n<div class=\"sc-489cef11-0 eZyHVk\" readability=\"6\">\n<section readability=\"2\"><picture><img alt=\"\u00bfTres o cuatro atr\u00e1s? Las alternativas de F\u00e9lix S\u00e1nchez para su debut\" src=\"http:\/\/hoycordobaweb.com\/wp-content\/uploads\/2023\/03\/luis-soler-reclamo-a-aucas-por-una-deuda-3.jpg\" width=\"29\" height=\"29\" decoding=\"async\" data-nimg=\"future\" loading=\"lazy\"><\/picture>\n<p><span>Mir\u00e1 tambi\u00e9n<\/span><\/p>\n<hr>\n<h3>\u00bfTres o cuatro atr\u00e1s? Las alternativas de F\u00e9lix S\u00e1nchez para su debut<\/h3>\n<\/p>\n<\/section>\n<\/div>\n<div class=\"sc-489cef11-0 eZyHVk\" readability=\"6\">\n<section readability=\"2\"><picture><img alt=\"Francisco Egas sobre la demanda de Gustavo Alfaro: &quot;La cifra que pide no es real&quot;\" src=\"http:\/\/hoycordobaweb.com\/wp-content\/uploads\/2023\/03\/luis-soler-reclamo-a-aucas-por-una-deuda-4.jpg\" width=\"29\" height=\"29\" decoding=\"async\" data-nimg=\"future\" loading=\"lazy\"><\/picture>\n<p><span>Mir\u00e1 tambi\u00e9n<\/span><\/p>\n<hr>\n<h3>Francisco Egas sobre la demanda de Gustavo Alfaro: \u00abLa cifra que pide no es real\u00bb<\/h3>\n<\/p>\n<\/section>\n<\/div>\n<div class=\"custom-text \" readability=\"38.335766423358\">\n<p>La dirigencia de Aucas no hab\u00eda tenido problemas con deudas, pero Soler apareci\u00f3 para hacer varios reclamos en redes sociales sobre unos valores pendientes que tiene el campe\u00f3n de la <a href=\"https:\/\/www.ole.com.ar\/tema\/ligapro.html\" title=\"LigaPro\" alt=\"LigaPro\" class=\"slug\">LigaPro<\/a> con \u00e9l. <strong>El ex DT de Aucas, Barcelona, entre otros public\u00f3 un tuit en el que afirma que los Orientales llevan m\u00e1s de un a\u00f1o ocho meses sin cancelar su deuda y la de Maximo Villafa\u00f1e, entrenador del equipo en 2020.<\/strong><\/p>\n<\/div>\n<div class=\"sc-996041c8-0 iUjELL\"><img alt=\"Luis Soler dirigi\u00f3 a Barcelona en 2013. Foto: Archivo\/API\" src=\"http:\/\/hoycordobaweb.com\/wp-content\/uploads\/2023\/03\/luis-soler-reclamo-a-aucas-por-una-deuda-5.jpg\" width=\"72\" height=\"10\" decoding=\"async\" data-nimg=\"future\" loading=\"lazy\"><span>Luis Soler dirigi\u00f3 a Barcelona en 2013. Foto: Archivo\/API<\/span><\/div>\n<div class=\"custom-text \" readability=\"37\">\n<p>\u00ab<strong>Aucas sigue sin pagarnos a Maxi y a m\u00ed. Se\u00f1or Danny Walker las deudas se pagan. Hace m\u00e1s de 1 a\u00f1o y 8 meses que venci\u00f3 el finiquito<\/strong>\u00ab, escribi\u00f3 Soler en Twitter. El ex integrante del \u00cddolo del Pueblo ya hab\u00eda enviado un fuerte mensaje a la dirigencia por la misma v\u00eda: \u00abPara todos los que se excusan de una manera u otra por el tema deudas, les quiero decir: EL QUE DEBE NUNCA TIENE RAZ\u00d3N. Saludos\u00bb.<\/p>\n<\/div>\n<div class=\"custom-text \" readability=\"36\">\n<p><strong>El equipo dirigido por Far\u00edas pasa por el mejor momento en su historia y est\u00e1 a las puertas de jugar su primera Copa Libertadores<\/strong>. Esta denuncia de Soler no ha sido atendida por las m\u00faltiples ocasiones en la que el argentino se ha referido a ella, pero no ha tomado la decisi\u00f3n de llevarla a la FIFA. Desde el club no se han pronunciado sobre la situaci\u00f3n y no se sabe si reconocen o no estos valores que pide el ex director deportivo.<\/p>\n<\/div>\n<div class=\"sc-996041c8-0 iUjELL\"><img alt=\"Luis Soler dirigiendo a Aucas. (API)\" src=\"http:\/\/hoycordobaweb.com\/wp-content\/uploads\/2023\/03\/luis-soler-reclamo-a-aucas-por-una-deuda-6.jpg\" width=\"72\" height=\"10\" decoding=\"async\" data-nimg=\"future\" loading=\"lazy\"><span>Luis Soler dirigiendo a Aucas. (API)<\/span><\/div>\n<p><h2><strong>Gal\u00edndez feliz con la \u00faltima victoria de Aucas<\/strong><\/h2>\n<\/p>\n<div class=\"custom-text \" readability=\"21.949152542373\">\n<p>Tras ser elegido como la figura del partido entre Aucas y Universidad Cat\u00f3lica, <a href=\"https:\/\/www.ole.com.ar\/ecuador\/aucas\/aucas-hernan-galindez-ligapro-primera-victoria-universidad-catolica_0_HGpxULCJE0.html\" target=\"_blank\" rel=\"noopener noreferrer\"><strong>Hern\u00e1n Gal\u00edndez habl\u00f3 del compromiso y de la convocatoria a la selecci\u00f3n ecuatoriana<\/strong><\/a>. Reconoci\u00f3 que sab\u00eda que ten\u00eda que mostrarse en este encuentro.<\/p>\n<\/div>\n<div class=\"sc-489cef11-0 eZyHVk\" readability=\"6\">\n<section readability=\"2\"><picture><img alt=\"Los millones que le entrar\u00edan a IDV por la venta de William Pacho\" src=\"http:\/\/hoycordobaweb.com\/wp-content\/uploads\/2023\/03\/luis-soler-reclamo-a-aucas-por-una-deuda-7.jpg\" width=\"29\" height=\"29\" decoding=\"async\" data-nimg=\"future\" loading=\"lazy\"><\/picture>\n<p><span>Mir\u00e1 tambi\u00e9n<\/span><\/p>\n<hr>\n<h3>Los millones que le entrar\u00edan a IDV por la venta de William Pacho<\/h3>\n<\/p>\n<\/section>\n<\/div>\n<div class=\"sc-489cef11-0 eZyHVk\" readability=\"6\">\n<section readability=\"2\"><picture><img alt=\"Mois\u00e9s Caicedo sobre F\u00e9lix S\u00e1nchez: &quot;Espero que llegue a adaptarse al grupo&quot;\" src=\"http:\/\/hoycordobaweb.com\/wp-content\/uploads\/2023\/03\/luis-soler-reclamo-a-aucas-por-una-deuda-8.jpg\" width=\"29\" height=\"29\" decoding=\"async\" data-nimg=\"future\" loading=\"lazy\"><\/picture>\n<p><span>Mir\u00e1 tambi\u00e9n<\/span><\/p>\n<hr>\n<h3>Mois\u00e9s Caicedo sobre F\u00e9lix S\u00e1nchez: \u00abEspero que llegue a adaptarse al grupo\u00bb<\/h3>\n<\/p>\n<\/section>\n<\/div>\n<div class=\"custom-text \" readability=\"39\">\n<p>\u00abEl primer tiempo que Cat\u00f3lica hizo un gran trabajo, nos presion\u00f3 bien, nos sali\u00f3 jugando. Sabemos que es un equipo con mucha jerarqu\u00eda y muy bien pie, nos complic\u00f3. <strong>En el segundo tiempo C\u00e9sar Far\u00edas hizo cambios m\u00e1s de sistema que de nombres y eso fue la clave para hacer los goles<\/strong>\u00ab, explic\u00f3.<\/p>\n<\/div>\n<div class=\"custom-text \" readability=\"38\">\n<p>\u00ab<strong>S\u00ed, sab\u00eda que era mi \u00faltimo partido antes de los amistosos (de La Tri frente a Australia) y sab\u00eda que ten\u00eda que responder<\/strong>. Gracias al Se\u00f1or lo pude hacer, agradezco siempre el apoyo y de mis dos hijos. <strong>Si mis atajadas sirven para ayudar y hacer que el equipo gane es muy importante<\/strong>\u00ab, a\u00f1adi\u00f3.<\/p>\n<\/div>\n<div class=\"sc-996041c8-0 iUjELL\"><img alt=\"Hern\u00e1n Gal\u00edndez lleg\u00f3 a mediados de 2022 a Aucas. Foto: API\" src=\"http:\/\/hoycordobaweb.com\/wp-content\/uploads\/2023\/03\/luis-soler-reclamo-a-aucas-por-una-deuda-9.jpg\" width=\"72\" height=\"10\" decoding=\"async\" data-nimg=\"future\" loading=\"lazy\"><span>Hern\u00e1n Gal\u00edndez lleg\u00f3 a mediados de 2022 a Aucas. Foto: API<\/span><\/div>\n<p><h2><strong>\u00bfPor qu\u00e9 Aucas cambi\u00f3 de n\u00famero en el \u00faltimo partido?<\/strong><\/h2>\n<\/p>\n<div class=\"custom-text \" readability=\"36.957605985037\">\n<p>El cambio en los n\u00fameros de Aucas frente a <a href=\"https:\/\/www.ole.com.ar\/tema\/universidad-catolica.html\" title=\"Universidad Cat\u00f3lica\" alt=\"Universidad Cat\u00f3lica\" class=\"slug\">Universidad Cat\u00f3lica<\/a> <strong>se dio por una buena causa, al buscar que se garanticen los derechos de ni\u00f1os, ni\u00f1as y adolescentes con s\u00edndrome de Down<\/strong>. Con el d\u00eda mundial del s\u00edndrome de Down cerca (21 de marzo), los Orientales utilizaron una tipograf\u00eda dibujada por ni\u00f1os y ni\u00f1as con este s\u00edndrome, raz\u00f3n por la que los dorsales ten\u00edan un nuevo dise\u00f1o.<\/p>\n<\/div>\n<div class=\"sc-996041c8-0 iUjELL\"><img alt=\"Aucas cambi\u00f3 de n\u00fameros. (API)\" src=\"http:\/\/hoycordobaweb.com\/wp-content\/uploads\/2023\/03\/luis-soler-reclamo-a-aucas-por-una-deuda-10.jpg\" width=\"72\" height=\"10\" decoding=\"async\" data-nimg=\"future\" loading=\"lazy\"><span>Aucas cambi\u00f3 de n\u00fameros. (API)<\/span><\/div>\n<\/div>\n","protected":false},"excerpt":{"rendered":"<p>23\/03\/2023 14:50hs. En los \u00faltimos a\u00f1os se dieron varios cambios en Aucas y finalmente con C\u00e9sar Far\u00edas lograron conseguir el primer t\u00edtulo en la historia del club. Danny Walker, presidente de los Orientales, le dio un giro en la administraci\u00f3n al cuadro capitalino y en 2017 nombr\u00f3 a Luis Soler como director deportivo. Los resultados [&hellip;]<\/p>\n","protected":false},"author":1,"featured_media":57344,"comment_status":"open","ping_status":"closed","sticky":false,"template":"","format":"standard","meta":[],"categories":[16],"tags":[],"_links":{"self":[{"href":"http:\/\/hoycordobaweb.com\/index.php\/wp-json\/wp\/v2\/posts\/57343"}],"collection":[{"href":"http:\/\/hoycordobaweb.com\/index.php\/wp-json\/wp\/v2\/posts"}],"about":[{"href":"http:\/\/hoycordobaweb.com\/index.php\/wp-json\/wp\/v2\/types\/post"}],"author":[{"embeddable":true,"href":"http:\/\/hoycordobaweb.com\/index.php\/wp-json\/wp\/v2\/users\/1"}],"replies":[{"embeddable":true,"href":"http:\/\/hoycordobaweb.com\/index.php\/wp-json\/wp\/v2\/comments?post=57343"}],"version-history":[{"count":0,"href":"http:\/\/hoycordobaweb.com\/index.php\/wp-json\/wp\/v2\/posts\/57343\/revisions"}],"wp:featuredmedia":[{"embeddable":true,"href":"http:\/\/hoycordobaweb.com\/index.php\/wp-json\/wp\/v2\/media\/57344"}],"wp:attachment":[{"href":"http:\/\/hoycordobaweb.com\/index.php\/wp-json\/wp\/v2\/media?parent=57343"}],"wp:term":[{"taxonomy":"category","embeddable":true,"href":"http:\/\/hoycordobaweb.com\/index.php\/wp-json\/wp\/v2\/categories?post=57343"},{"taxonomy":"post_tag","embeddable":true,"href":"http:\/\/hoycordobaweb.com\/index.php\/wp-json\/wp\/v2\/tags?post=57343"}],"curies":[{"name":"wp","href":"https:\/\/api.w.org\/{rel}","templated":true}]}}