{"id":57341,"date":"2023-03-23T17:53:58","date_gmt":"2023-03-23T17:53:58","guid":{"rendered":"https:\/\/www.ole.com.ar\/fuera-de-juego\/arbitro-nestor-pitana-partido-despedida_0_8pneaDNzN5.html"},"modified":"2023-03-23T17:53:58","modified_gmt":"2023-03-23T17:53:58","slug":"nestor-pitana-tuvo-su-partido-de-despedida","status":"publish","type":"post","link":"http:\/\/hoycordobaweb.com\/index.php\/2023\/03\/23\/nestor-pitana-tuvo-su-partido-de-despedida\/","title":{"rendered":"N\u00e9stor Pitana tuvo su partido de despedida"},"content":{"rendered":"<p><img src=\"http:\/\/hoycordobaweb.com\/wp-content\/uploads\/2023\/03\/nestor-pitana-tuvo-su-partido-de-despedida.jpg\"><\/p>\n<p><time class=\"createDate\" datetime=\"2023-03-23T14:53:58-03:00\">23\/03\/2023 14:53hs.<\/time><time class=\"modificatedDate\" datetime=\"2023\/03\/23T14:53:58-03:00\"><\/time><\/p>\n<div id=\"storyBody\">\n<div class=\"custom-text \" readability=\"11\">\n<p>Uno de los \u00e1rbitros m\u00e1s destacados del \u00faltimo tiempo en el f\u00fatbol argentino tuvo su \u00faltimo homenaje. <strong>N\u00e9stor Pitana disfrut\u00f3 de su fiesta de despedida<\/strong> de la actividad en la ciudad de Posadas en Misiones. Aproximadamente <strong>3.000 personas asistieron al estadio &#8216;Ernesto Cucchiaroni&#8217; del Club Atl\u00e9tico Bartolom\u00e9 Mitre<\/strong>, donde se jug\u00f3 un partido de futbol del que particip\u00f3 el juez misionero.<\/p>\n<\/div>\n<div class=\"sc-996041c8-0 iUjELL\"><img alt=\"N\u00e9stor Pitana tuvo su partido de despedida.\" src=\"http:\/\/hoycordobaweb.com\/wp-content\/uploads\/2023\/03\/nestor-pitana-tuvo-su-partido-de-despedida-2.jpg\" width=\"72\" height=\"10\" decoding=\"async\" data-nimg=\"future\" loading=\"lazy\"><span>N\u00e9stor Pitana tuvo su partido de despedida.<\/span><\/div>\n<div class=\"sc-996041c8-0 iUjELL\"><img alt=\"N\u00e9stor Pitana tuvo su partido de despedida.\" src=\"http:\/\/hoycordobaweb.com\/wp-content\/uploads\/2023\/03\/nestor-pitana-tuvo-su-partido-de-despedida-3.jpg\" width=\"72\" height=\"10\" decoding=\"async\" data-nimg=\"future\" loading=\"lazy\"><span>N\u00e9stor Pitana tuvo su partido de despedida.<\/span><\/div>\n<div class=\"sc-489cef11-0 eZyHVk\" readability=\"6\">\n<section readability=\"2\"><picture><img alt=\"Los concentrados de Boca para jugar la Copa Argentina\" src=\"http:\/\/hoycordobaweb.com\/wp-content\/uploads\/2023\/03\/nestor-pitana-tuvo-su-partido-de-despedida-4.jpg\" width=\"29\" height=\"29\" decoding=\"async\" data-nimg=\"future\" loading=\"lazy\"><\/picture>\n<p><span>Mir\u00e1 tambi\u00e9n<\/span><\/p>\n<hr>\n<h3>Los concentrados de Boca para jugar la Copa Argentina<\/h3>\n<\/p>\n<\/section>\n<\/div>\n<div class=\"custom-text \" readability=\"10\">\n<p>Durante el evento <strong>hubo shows musicales y se disputaron dos partidos de 60 minutos entre Las Estrellas Misiones y los Amigos de Pitana<\/strong>. Previo al juego, el arbitro de 47 a\u00f1os recibi\u00f3 una m\u00e1xima distinci\u00f3n por parte del Gobierno provincial.<\/p>\n<\/div>\n<div class=\"sc-996041c8-0 iUjELL\"><img alt=\"N\u00e9stor Pitana tuvo su partido de despedida.\" src=\"http:\/\/hoycordobaweb.com\/wp-content\/uploads\/2023\/03\/nestor-pitana-tuvo-su-partido-de-despedida-5.jpg\" width=\"72\" height=\"10\" decoding=\"async\" data-nimg=\"future\" loading=\"lazy\"><span>N\u00e9stor Pitana tuvo su partido de despedida.<\/span><\/div>\n<div class=\"custom-text \" readability=\"13\">\n<p>\u00ab<strong>Esta es una fiesta de un misionero a otro misionero. M\u00e1s all\u00e1 del homenaje, es devolverle el cari\u00f1o a la gente. Todo esto es un mimo al coraz\u00f3n<\/strong>\u00ab, asegur\u00f3 Pitana, emocionado, que se puso la camiseta n\u00famero 6.<\/p>\n<\/div>\n<div class=\"sc-996041c8-0 iUjELL\"><img alt=\"N\u00e9stor Pitana tuvo su partido de despedida.\" src=\"http:\/\/hoycordobaweb.com\/wp-content\/uploads\/2023\/03\/nestor-pitana-tuvo-su-partido-de-despedida-6.jpg\" width=\"72\" height=\"10\" decoding=\"async\" data-nimg=\"future\" loading=\"lazy\"><span>N\u00e9stor Pitana tuvo su partido de despedida.<\/span><\/div>\n<div class=\"sc-996041c8-0 iUjELL\"><img alt=\"N\u00e9stor Pitana tuvo su partido de despedida.\" src=\"http:\/\/hoycordobaweb.com\/wp-content\/uploads\/2023\/03\/nestor-pitana-tuvo-su-partido-de-despedida-7.jpg\" width=\"72\" height=\"10\" decoding=\"async\" data-nimg=\"future\" loading=\"lazy\"><span>N\u00e9stor Pitana tuvo su partido de despedida.<\/span><\/div>\n<div class=\"sc-489cef11-0 eZyHVk\" readability=\"6\">\n<section readability=\"2\"><picture><img alt=\"La fiesta en vivo: los jugadores ya est\u00e1n en el Monumental \" src=\"http:\/\/hoycordobaweb.com\/wp-content\/uploads\/2023\/03\/nestor-pitana-tuvo-su-partido-de-despedida-8.jpg\" width=\"29\" height=\"29\" decoding=\"async\" data-nimg=\"future\" loading=\"lazy\"><\/picture>\n<p><span>Mir\u00e1 tambi\u00e9n<\/span><\/p>\n<hr>\n<h3>La fiesta en vivo: los jugadores ya est\u00e1n en el Monumental <\/h3>\n<\/p>\n<\/section>\n<\/div>\n<p><h2><strong>EL PARTIDO DE DESPEDIDA DE PITANA<\/strong><\/h2>\n<\/p>\n<div class=\"sc-e6588e40-0 jdjGfi\">\n<div class=\"sc-e6588e40-1 hsKqox videoText\" id=\"contentTitleundefinedBONaY6zE\" readability=\"6\"><svg fill=\"#ffffff\"><symbol id=\"play\" viewBox=\"0 0 512 512\"><path d=\"M512 256C512 397.4 397.4 512 256 512C114.6 512 0 397.4 0 256C0 114.6 114.6 0 256 0C397.4 0 512 114.6 512 256zM176 168V344C176 352.7 180.7 360.7 188.3 364.9C195.8 369.2 205.1 369 212.5 364.5L356.5 276.5C363.6 272.1 368 264.4 368 256C368 247.6 363.6 239.9 356.5 235.5L212.5 147.5C205.1 142.1 195.8 142.8 188.3 147.1C180.7 151.3 176 159.3 176 168V168z\" \/><\/symbol><use xlink:href=\"#play\" \/><\/svg><\/p>\n<div class=\"right\" readability=\"7\">\n<p>N\u00e9stor Pitana<!-- --> &#8211;<!-- --> <span>23-3-2023<\/span><\/p>\n<h2 class=\"title-vid\">N\u00e9stor Pitana tuvo su partido de despedida<\/h2>\n<\/div>\n<\/div>\n<p><span class=\"back\" id=\"spanBackundefinedBONaY6zE\"><\/span><\/div>\n<div class=\"sc-489cef11-0 eZyHVk\" readability=\"6\">\n<section readability=\"2\"><picture><img alt=\"El probable 11 de River para jugar en Salta y qui\u00e9nes estar\u00edan ante la Selecci\u00f3n\" src=\"http:\/\/hoycordobaweb.com\/wp-content\/uploads\/2023\/03\/nestor-pitana-tuvo-su-partido-de-despedida-9.jpg\" width=\"29\" height=\"29\" decoding=\"async\" data-nimg=\"future\" loading=\"lazy\"><\/picture>\n<p><span>Mir\u00e1 tambi\u00e9n<\/span><\/p>\n<hr>\n<h3>El probable 11 de River para jugar en Salta y qui\u00e9nes estar\u00edan ante la Selecci\u00f3n<\/h3>\n<\/p>\n<\/section>\n<\/div>\n<div class=\"sc-489cef11-0 eZyHVk\" readability=\"6.5\">\n<section readability=\"3\"><picture><img alt=\"Furor por River en Salta: largas colas y entradas agotadas para el amistoso ante la U. de Chile\" src=\"http:\/\/hoycordobaweb.com\/wp-content\/uploads\/2023\/03\/nestor-pitana-tuvo-su-partido-de-despedida-10.jpg\" width=\"29\" height=\"29\" decoding=\"async\" data-nimg=\"future\" loading=\"lazy\"><\/picture>\n<p><span>Mir\u00e1 tambi\u00e9n<\/span><\/p>\n<hr>\n<h3>Furor por River en Salta: largas colas y entradas agotadas para el amistoso ante la U. de Chile<\/h3>\n<\/p>\n<\/section>\n<\/div>\n<p><h2><strong>EL RETIRO DE PITANA DEL ARBITRAJE<\/strong><\/h2>\n<\/p>\n<div class=\"custom-text \" readability=\"10.512345679012\">\n<p>Hace seis meses, m\u00e1s espec\u00edficamente el 25 de octubre de 2022, <a href=\"https:\/\/www.ole.com.ar\/futbol-primera\/pitana-retiro-platense-lanus_0_OncQttsjw4.html\" target=\"_blank\" rel=\"noopener noreferrer\">Pitana dirigi\u00f3 su \u00faltimo encuentro como \u00e1rbitro profesional<\/a>. Final para una importante trayectoria del misionero de 47 a\u00f1os. Antes del comienzo del \u00faltimo partido de la Liga Profesional (en Vicente L\u00f3pez entre Platense y Lan\u00fas), N\u00e9stor fue homenajeado<\/p>\n<\/div>\n<div class=\"custom-text \" readability=\"15\">\n<p>Su esposa, hijos, dirigentes (entre ellos el presidente Chiqui Tapia y Federico Beligoy, director nacional de arbitraje) y otros \u00e1rbitros estuvieron presentes en el breve acto: saludos por doquier, risas y una plaqueta conmemorativa por sus a\u00f1os de servicio. Fotos y aplausos en general, adem\u00e1s de las felicitaciones respectivas de los jugadores de ambos equipos.<\/p>\n<\/div>\n<div class=\"sc-e6588e40-0 jdjGfi\">\n<div class=\"sc-e6588e40-1 hsKqox videoText\" id=\"contentTitleundefinedAgmOC8hH\" readability=\"6\"><svg fill=\"#ffffff\"><symbol id=\"play\" viewBox=\"0 0 512 512\"><path d=\"M512 256C512 397.4 397.4 512 256 512C114.6 512 0 397.4 0 256C0 114.6 114.6 0 256 0C397.4 0 512 114.6 512 256zM176 168V344C176 352.7 180.7 360.7 188.3 364.9C195.8 369.2 205.1 369 212.5 364.5L356.5 276.5C363.6 272.1 368 264.4 368 256C368 247.6 363.6 239.9 356.5 235.5L212.5 147.5C205.1 142.1 195.8 142.8 188.3 147.1C180.7 151.3 176 159.3 176 168V168z\" \/><\/symbol><use xlink:href=\"#play\" \/><\/svg><\/p>\n<div class=\"right\" readability=\"7\">\n<p>N\u00e9stor Pitana<!-- --> &#8211;<!-- --> <span>23-3-2023<\/span><\/p>\n<h2 class=\"title-vid\">El homenaje para Pitana<\/h2>\n<\/div>\n<\/div>\n<p><span class=\"back\" id=\"spanBackundefinedAgmOC8hH\"><\/span><\/div>\n<div class=\"sc-489cef11-0 eZyHVk\" readability=\"6\">\n<section readability=\"2\"><picture><img alt=\"\u00a1Hugo Ibarra le respondi\u00f3 a Battaglia!\" src=\"http:\/\/hoycordobaweb.com\/wp-content\/uploads\/2023\/03\/nestor-pitana-tuvo-su-partido-de-despedida-11.jpg\" width=\"29\" height=\"29\" decoding=\"async\" data-nimg=\"future\" loading=\"lazy\"><\/picture>\n<p><span>Mir\u00e1 tambi\u00e9n<\/span><\/p>\n<hr>\n<h3>\u00a1Hugo Ibarra le respondi\u00f3 a Battaglia!<\/h3>\n<\/p>\n<\/section>\n<\/div>\n<p><h2><strong>LA CARRERA DE PITANA<\/strong><\/h2>\n<\/p>\n<div class=\"custom-text \" readability=\"17\">\n<p>Pitana, siempre bien visto a nivel internacional por la Conmebol y luego la FIFA, tuvo la oportunidad de dirigir en dos mundiales: Brasil 2014 y Rusia 2018, con una presencia total de nueve partidos. En suelo ruso arbitr\u00f3 el partido inaugural y el final, con victoria para Francia ante Croacia por 4-2. Desde luego, participaci\u00f3n continua en Libertadores y Sudamericana, entre otros cert\u00e1menes, m\u00e1s all\u00e1 de los locales.<\/p>\n<\/div>\n<div class=\"sc-489cef11-0 eZyHVk\" readability=\"6\">\n<section readability=\"2\"><picture><img alt=\"Ibarra confirm\u00f3 el 11 de Boca para jugar con Olimpo\" src=\"http:\/\/hoycordobaweb.com\/wp-content\/uploads\/2023\/03\/nestor-pitana-tuvo-su-partido-de-despedida-12.jpg\" width=\"29\" height=\"29\" decoding=\"async\" data-nimg=\"future\" loading=\"lazy\"><\/picture>\n<p><span>Mir\u00e1 tambi\u00e9n<\/span><\/p>\n<hr>\n<h3>Ibarra confirm\u00f3 el 11 de Boca para jugar con Olimpo<\/h3>\n<\/p>\n<\/section>\n<\/div>\n<div class=\"sc-489cef11-0 eZyHVk\" readability=\"6\">\n<section readability=\"2\"><picture><img alt=\"Alerta Selecci\u00f3n: un hincha se col\u00f3 en el predio y lleg\u00f3 a Messi\" src=\"http:\/\/hoycordobaweb.com\/wp-content\/uploads\/2023\/03\/nestor-pitana-tuvo-su-partido-de-despedida-13.jpg\" width=\"29\" height=\"29\" decoding=\"async\" data-nimg=\"future\" loading=\"lazy\"><\/picture>\n<p><span>Mir\u00e1 tambi\u00e9n<\/span><\/p>\n<hr>\n<h3>Alerta Selecci\u00f3n: un hincha se col\u00f3 en el predio y lleg\u00f3 a Messi<\/h3>\n<\/p>\n<\/section>\n<\/div>\n<\/div>\n","protected":false},"excerpt":{"rendered":"<p>23\/03\/2023 14:53hs. Uno de los \u00e1rbitros m\u00e1s destacados del \u00faltimo tiempo en el f\u00fatbol argentino tuvo su \u00faltimo homenaje. N\u00e9stor Pitana disfrut\u00f3 de su fiesta de despedida de la actividad en la ciudad de Posadas en Misiones. Aproximadamente 3.000 personas asistieron al estadio &#8216;Ernesto Cucchiaroni&#8217; del Club Atl\u00e9tico Bartolom\u00e9 Mitre, donde se jug\u00f3 un partido [&hellip;]<\/p>\n","protected":false},"author":1,"featured_media":57342,"comment_status":"open","ping_status":"closed","sticky":false,"template":"","format":"standard","meta":[],"categories":[16],"tags":[],"_links":{"self":[{"href":"http:\/\/hoycordobaweb.com\/index.php\/wp-json\/wp\/v2\/posts\/57341"}],"collection":[{"href":"http:\/\/hoycordobaweb.com\/index.php\/wp-json\/wp\/v2\/posts"}],"about":[{"href":"http:\/\/hoycordobaweb.com\/index.php\/wp-json\/wp\/v2\/types\/post"}],"author":[{"embeddable":true,"href":"http:\/\/hoycordobaweb.com\/index.php\/wp-json\/wp\/v2\/users\/1"}],"replies":[{"embeddable":true,"href":"http:\/\/hoycordobaweb.com\/index.php\/wp-json\/wp\/v2\/comments?post=57341"}],"version-history":[{"count":0,"href":"http:\/\/hoycordobaweb.com\/index.php\/wp-json\/wp\/v2\/posts\/57341\/revisions"}],"wp:featuredmedia":[{"embeddable":true,"href":"http:\/\/hoycordobaweb.com\/index.php\/wp-json\/wp\/v2\/media\/57342"}],"wp:attachment":[{"href":"http:\/\/hoycordobaweb.com\/index.php\/wp-json\/wp\/v2\/media?parent=57341"}],"wp:term":[{"taxonomy":"category","embeddable":true,"href":"http:\/\/hoycordobaweb.com\/index.php\/wp-json\/wp\/v2\/categories?post=57341"},{"taxonomy":"post_tag","embeddable":true,"href":"http:\/\/hoycordobaweb.com\/index.php\/wp-json\/wp\/v2\/tags?post=57341"}],"curies":[{"name":"wp","href":"https:\/\/api.w.org\/{rel}","templated":true}]}}