{"id":57335,"date":"2023-03-23T14:12:55","date_gmt":"2023-03-23T14:12:55","guid":{"rendered":"https:\/\/ladecimaweb.com\/?p=16292"},"modified":"2023-03-23T14:12:55","modified_gmt":"2023-03-23T14:12:55","slug":"empleo-aumento-la-tasa-de-ocupacion-en-cordoba","status":"publish","type":"post","link":"http:\/\/hoycordobaweb.com\/index.php\/2023\/03\/23\/empleo-aumento-la-tasa-de-ocupacion-en-cordoba\/","title":{"rendered":"Empleo: aument\u00f3 la tasa de ocupaci\u00f3n en C\u00f3rdoba"},"content":{"rendered":"<div class=\"boldgrid-section\">\n<div class=\"container\">\n<div class=\"row\">\n<div class=\"col-md-12 col-xs-12 col-sm-12\">\n<p class=\"\"><em>(Web de gobierno)<\/em> El Instituto Nacional de Estad\u00edstica y Censos (INDEC) dio a conocer las tasas del mercado laboral para el cuarto trimestre del a\u00f1o 2022, donde el Gran C\u00f3rdoba no solo se posiciona con la mayor tasa de empleo\/ocupaci\u00f3n de la regi\u00f3n pampeana (46,4% y 44,9%, respectivamente) y superior a la media nacional (44,6%), sino que da cuenta de su m\u00e1ximo nivel de empleo en los \u00faltimos 20 a\u00f1os.<\/p>\n<p class=\"\">En la provincia de C\u00f3rdoba se viene observando un incremento sostenido del empleo asalariado registrado, con sectores estrat\u00e9gicos que muestran su m\u00e1ximo nivel de generaci\u00f3n de empleo de las \u00faltimas dos d\u00e9cadas. Entre los que se destacan el sector agropecuario, la industria alimenticia, la fabricaci\u00f3n de maquinaria y equipos, el comercio al por mayor y de automotores, y las actividades asociadas a la econom\u00eda del conocimiento como son la inform\u00e1tica y la investigaci\u00f3n.<\/p>\n<p class=\"\">El Gobierno de C\u00f3rdoba sigue generando desarrollo econ\u00f3mico y social tanto a trav\u00e9s de sus programas de empleo y de promoci\u00f3n sectorial, como con el potenciamiento de la infraestructura y de la matriz productiva de la provincia.<\/p>\n<p>&nbsp;<\/p>\n<div class=\"ubm_banner\"><a href=\"https:\/\/www.cba.gov.ar\" target=\"_blank\" rel=\"dofollow noopener noreferrer\"><img src=\"http:\/\/hoycordobaweb.com\/wp-content\/uploads\/2023\/03\/empleo-aumento-la-tasa-de-ocupacion-en-cordoba.gif\" alt=\"\"><\/a><\/div>\n<\/div>\n<\/div>\n<\/div>\n<\/div>\n<p>La entrada <a rel=\"nofollow\" href=\"https:\/\/ladecimaweb.com\/empleo-aumento-la-tasa-de-ocupacion-en-cordoba\/\">Empleo: aument\u00f3 la tasa de ocupaci\u00f3n en C\u00f3rdoba<\/a> se public\u00f3 primero en <a rel=\"nofollow\" href=\"https:\/\/ladecimaweb.com\">LaDecima<\/a>.<\/p>\n","protected":false},"excerpt":{"rendered":"<p>(Web de gobierno) El Instituto Nacional de Estad\u00edstica y Censos (INDEC) dio a conocer las tasas del mercado laboral para el cuarto trimestre del a\u00f1o 2022, donde el Gran C\u00f3rdoba no solo se posiciona con la mayor tasa de empleo\/ocupaci\u00f3n de la regi\u00f3n pampeana (46,4% y 44,9%, respectivamente) y superior a la media nacional (44,6%), [&hellip;]<\/p>\n","protected":false},"author":1,"featured_media":57336,"comment_status":"closed","ping_status":"closed","sticky":false,"template":"","format":"standard","meta":[],"categories":[19],"tags":[],"_links":{"self":[{"href":"http:\/\/hoycordobaweb.com\/index.php\/wp-json\/wp\/v2\/posts\/57335"}],"collection":[{"href":"http:\/\/hoycordobaweb.com\/index.php\/wp-json\/wp\/v2\/posts"}],"about":[{"href":"http:\/\/hoycordobaweb.com\/index.php\/wp-json\/wp\/v2\/types\/post"}],"author":[{"embeddable":true,"href":"http:\/\/hoycordobaweb.com\/index.php\/wp-json\/wp\/v2\/users\/1"}],"replies":[{"embeddable":true,"href":"http:\/\/hoycordobaweb.com\/index.php\/wp-json\/wp\/v2\/comments?post=57335"}],"version-history":[{"count":0,"href":"http:\/\/hoycordobaweb.com\/index.php\/wp-json\/wp\/v2\/posts\/57335\/revisions"}],"wp:featuredmedia":[{"embeddable":true,"href":"http:\/\/hoycordobaweb.com\/index.php\/wp-json\/wp\/v2\/media\/57336"}],"wp:attachment":[{"href":"http:\/\/hoycordobaweb.com\/index.php\/wp-json\/wp\/v2\/media?parent=57335"}],"wp:term":[{"taxonomy":"category","embeddable":true,"href":"http:\/\/hoycordobaweb.com\/index.php\/wp-json\/wp\/v2\/categories?post=57335"},{"taxonomy":"post_tag","embeddable":true,"href":"http:\/\/hoycordobaweb.com\/index.php\/wp-json\/wp\/v2\/tags?post=57335"}],"curies":[{"name":"wp","href":"https:\/\/api.w.org\/{rel}","templated":true}]}}