{"id":57333,"date":"2023-03-23T14:20:33","date_gmt":"2023-03-23T14:20:33","guid":{"rendered":"https:\/\/ladecimaweb.com\/?p=16295"},"modified":"2023-03-23T14:20:33","modified_gmt":"2023-03-23T14:20:33","slug":"tormenta-estado-de-situacion-en-la-provincia","status":"publish","type":"post","link":"http:\/\/hoycordobaweb.com\/index.php\/2023\/03\/23\/tormenta-estado-de-situacion-en-la-provincia\/","title":{"rendered":"Tormenta: estado de situaci\u00f3n en la provincia"},"content":{"rendered":"<div class=\"boldgrid-section\">\n<div class=\"container\">\n<div class=\"row\">\n<div class=\"col-md-12 col-xs-12 col-sm-12\">\n<p class=\"\">Desde la Secretar\u00eca de Gesti\u00f3n de Riesgo se informa que la tormenta que se desarrollaba ayer en el Sur- Suroeste de la provincia se ha trasladado hacia Punilla y Zona centro de la provincia afectando C\u00f3rdoba Capital con una precipitaci\u00f3n de m\u00e1s de 85 mm. En la zona de Punilla las precipitaciones que han superado los 100 mm como por ejemplo en Tanti y zona Carlos Paz esa situaci\u00f3n va a continuar provocando crecidas en los r\u00edos. Existe 4,5 mts de crecida en el r\u00edo San Antonio, en el r\u00edo Cosqu\u00edn va a crecer considerablemente, se recomienda evitar el tr\u00e1nsito por esa zona.<\/p>\n<p>En C\u00f2rdoba Capital Costanera Norte est\u00e1 cortada y hay calles anegadas que van a&nbsp; producir una dificultad en el tr\u00e1nsito.<\/p>\n<p>El Secretario Claudio Vignetta plante\u00f3<span>&nbsp;<\/span><em>\u201cRecomendamos evitar el tr\u00e1nsito por las zonas de Punilla antes mencionada, pedimos a la poblaci\u00f3n paciencia debido a trabajos que se realizan en las zonas y alejarse de los m\u00e1rgenes de los r\u00edos\u201d.<\/em><\/p>\n<h3><strong>Asistencia a zonas afectadas<\/strong><\/h3>\n<p>El Gobierno de la Provincia de C\u00f3rdoba, a trav\u00e9s de los ministerios de Desarrollo Social y el de Gobierno y Seguridad, asiste a los evacuados por la tormenta en los departamentos R\u00edo Cuarto y Calamuchita.<\/p>\n<p>El ministro Carlos Massei se puso en contacto con las autoridades de Alpa Corral, Villa Quillinzo y Ca\u00f1ada de Sauce para poner a disposici\u00f3n toda la ayuda necesaria.<\/p>\n<p>A tal efecto se puso en marcha el Fondo Permanente para Atenci\u00f3n de Situaciones de Desastre que prev\u00e9 subsidios para la reparaci\u00f3n de da\u00f1os en bienes muebles e inmuebles ocasionados por eventos clim\u00e1ticos.<\/p>\n<p>En la localidad de Alpa Corral la creciente ocasion\u00f3 da\u00f1os en en el mobiliario urbano de la zona c\u00e9ntrica y en al menos 10 viviendas.<\/p>\n<p>En el departamento Calamuchita,&nbsp;en la localidad de Villa Ca\u00f1ada del Sauce, en tanto, unas 15 viviendas fueron afectadas por el ingreso de agua. All\u00ed 4 familias permanecer\u00e1n el resto volver\u00e1 a sus viviendas.<\/p>\n<p>Adem\u00e1s, en la localidad de Villa Quillinzo se registr\u00f3 una creciente hist\u00f3rica, que provoc\u00f3 da\u00f1os en la planta potabilizadora de agua, con la afectaci\u00f3n de algunas viviendas.<\/p>\n<p>En el lugar se encuentra trabajando con todos los recursos dispuestos, personal de Bomberos Voluntarios, Defensa Civil, Etac, Polic\u00eda y miembros de la comuna.<\/p>\n<p class=\"\">En tanto la Secretar\u00eda de Gesti\u00f3n de Riesgo y las \u00e1reas locales de defensa civil de las distintas localidades que est\u00e1n siendo afectadas siguen de cerca la zona actual de la tormenta.<\/p>\n<h3><strong>Recomendaciones<\/strong><\/h3>\n<p class=\"\">Se recomienda estar atentos a los informes del SMN a corto y muy corto plazo ya que son cada vez m\u00e1s exactas en sus predicciones. Cuando existe un aviso a corto y muy corto plazo se aconseja permanecer en sus viviendas y salir solo si fuera muy necesario. Alejarse de los cauces de r\u00edos y bocas de tormenta de las calles, no quedarse debajo de \u00e1rboles que puedan caer ante un viento extremo. El las viviendas cerrar todas las puertas y ventanas y asegurarlas.<\/p>\n<p class=\"\">\n<div class=\"ubm_banner\"><a href=\"https:\/\/www.cba.gov.ar\" target=\"_blank\" rel=\"dofollow noopener noreferrer\"><img src=\"http:\/\/hoycordobaweb.com\/wp-content\/uploads\/2023\/03\/tormenta-estado-de-situacion-en-la-provincia.gif\" alt=\"\"><\/a><\/div>\n<\/div>\n<\/div>\n<\/div>\n<\/div>\n<p>La entrada <a rel=\"nofollow\" href=\"https:\/\/ladecimaweb.com\/tormenta-estado-de-situacion-en-la-provincia\/\">Tormenta: estado de situaci\u00f3n en la provincia<\/a> se public\u00f3 primero en <a rel=\"nofollow\" href=\"https:\/\/ladecimaweb.com\">LaDecima<\/a>.<\/p>\n","protected":false},"excerpt":{"rendered":"<p>Desde la Secretar\u00eca de Gesti\u00f3n de Riesgo se informa que la tormenta que se desarrollaba ayer en el Sur- Suroeste de la provincia se ha trasladado hacia Punilla y Zona centro de la provincia afectando C\u00f3rdoba Capital con una precipitaci\u00f3n de m\u00e1s de 85 mm. En la zona de Punilla las precipitaciones que han superado [&hellip;]<\/p>\n","protected":false},"author":1,"featured_media":57334,"comment_status":"closed","ping_status":"closed","sticky":false,"template":"","format":"standard","meta":[],"categories":[19],"tags":[],"_links":{"self":[{"href":"http:\/\/hoycordobaweb.com\/index.php\/wp-json\/wp\/v2\/posts\/57333"}],"collection":[{"href":"http:\/\/hoycordobaweb.com\/index.php\/wp-json\/wp\/v2\/posts"}],"about":[{"href":"http:\/\/hoycordobaweb.com\/index.php\/wp-json\/wp\/v2\/types\/post"}],"author":[{"embeddable":true,"href":"http:\/\/hoycordobaweb.com\/index.php\/wp-json\/wp\/v2\/users\/1"}],"replies":[{"embeddable":true,"href":"http:\/\/hoycordobaweb.com\/index.php\/wp-json\/wp\/v2\/comments?post=57333"}],"version-history":[{"count":0,"href":"http:\/\/hoycordobaweb.com\/index.php\/wp-json\/wp\/v2\/posts\/57333\/revisions"}],"wp:featuredmedia":[{"embeddable":true,"href":"http:\/\/hoycordobaweb.com\/index.php\/wp-json\/wp\/v2\/media\/57334"}],"wp:attachment":[{"href":"http:\/\/hoycordobaweb.com\/index.php\/wp-json\/wp\/v2\/media?parent=57333"}],"wp:term":[{"taxonomy":"category","embeddable":true,"href":"http:\/\/hoycordobaweb.com\/index.php\/wp-json\/wp\/v2\/categories?post=57333"},{"taxonomy":"post_tag","embeddable":true,"href":"http:\/\/hoycordobaweb.com\/index.php\/wp-json\/wp\/v2\/tags?post=57333"}],"curies":[{"name":"wp","href":"https:\/\/api.w.org\/{rel}","templated":true}]}}