{"id":57307,"date":"2023-03-22T12:43:21","date_gmt":"2023-03-22T12:43:21","guid":{"rendered":"https:\/\/www.mujerhoy.com\/moda\/no-te-pierdas\/eugenia-martinez-de-irujo-chaleco-estampado-flores-rejuvenecedor-20230322134253-nt.html"},"modified":"2023-03-22T12:43:21","modified_gmt":"2023-03-22T12:43:21","slug":"este-chaleco-estampado-es-la-prenda-favorita-de-eugenia-martinez-de-irujo-asi-es-el-truco-rejuvenecedor-perfecto-de-los-looks-de-diario","status":"publish","type":"post","link":"http:\/\/hoycordobaweb.com\/index.php\/2023\/03\/22\/este-chaleco-estampado-es-la-prenda-favorita-de-eugenia-martinez-de-irujo-asi-es-el-truco-rejuvenecedor-perfecto-de-los-looks-de-diario\/","title":{"rendered":"Este chaleco estampado es la prenda favorita de Eugenia Mart\u00ednez de Irujo: as\u00ed es el truco rejuvenecedor perfecto de los looks de diario"},"content":{"rendered":"<p><!-- AUTHOR --><\/p>\n<div class=\"voc-author-timesocial \"><!-- AUTHOR --><\/p>\n<div class=\"voc-author-timesocial__signature\"><!-- IMAGE AUTHOR --><picture class=\"voc-image-signature\"><img class=\"voc-image-signature__img\" src=\"http:\/\/hoycordobaweb.com\/wp-content\/uploads\/2023\/03\/este-chaleco-estampado-es-la-prenda-favorita-de-eugenia-martinez-de-irujo-asi-es-el-truco-rejuvenecedor-perfecto-de-los-looks-de-diario.jpg\" alt=\"Raquel Rodr\u00edguez\"><\/picture><!-- INFO AUTHOR --><\/div>\n<\/div>\n<p><!-- COMPONENTS --><\/p>\n<p class=\"voc-paragraph\">Entre los<br \/>\n<a data-voc-vtm-id=\"in-text-traffic\" href=\"https:\/\/www.mujerhoy.com\/moda\/no-te-pierdas\/eugenia-martinez-de-irujo-look-rejuvenecen-originales-pantalones-abrigo-20230204122101-nt.html\" title=\"www.mujerhoy.com\"> looks antiedad de Eugenia Mart\u00ednez de Irujo <\/a>hay uno que es el favorito tanto para ella como para sus seguidores: el del chaleco. La socialit\u00e9 y otras famosas han hecho de <a data-voc-vtm-id=\"in-text-traffic\" href=\"https:\/\/www.mujerhoy.com\/moda\/no-te-pierdas\/chalecos-estilo-boho-ana-boyer-eugenia-martinez-irujo-tendencia-arrasa-20221207095927-nt.html\" title=\"www.mujerhoy.com\">los chalecos boho<\/a> una prenda ideal que lelva varias temporasas siendo tendencia y que no puedes dejar escapar esta <strong>primavera<\/strong>.\n<\/p>\n<p class=\"voc-paragraph\"><a data-voc-vtm-id=\"in-text-traffic\" href=\"https:\/\/www.mujerhoy.com\/temas\/personajes\/eugenia-martinez-de-irujo.html\" title=\"www.mujerhoy.com\">Eugenia Mart\u00ednez de Irujo<\/a> ha lucido en varias ocasiones este tipo de prenda y ha demostrado que es una pieza que es perfecta para dar una vuelta a cualquier look de b\u00e1sicos. Es la pieza ideal para convertir cualquier estilismo de diario en uno sofisticado.\n<\/p>\n<p class=\"voc-paragraph\">Pero no hablamos de un <strong>chaleco <\/strong>cualquiera. No se trata del modelo sastre que tanto hemos visto en los \u00faltimos meses y que tambi\u00e9n se lleva much\u00edsimo, sino de uno estampado, con bordados o muy colorido. Esa es la pieza que triunfa en el armario de la socialit\u00e9.\n<\/p>\n<p class=\"voc-paragraph\">Y la prueba est\u00e1 en el \u00faltimo look que le hemos fichado. Eugenia ha publicado varias fotograf\u00edas en su perfil de Instagram de la \u00faltima fiesta que ha tenido junto a su pareja y amigos. Una cita en la que ha vuelto a demostrar que a ella le gustan los looks coloridos y llamativos.\n<\/p>\n<div class=\"voc-detail__cmp\" readability=\"6\">\n<div class=\"voc-photo-combo-three fw-xs\" readability=\"7\">\n<p class=\"figure-caption\"><span class=\"voc-photo-caption\">Eugenia Mart\u00ednez de Irujo con un chaleco de Antik Batik.<\/span><span class=\"voc-photo-author\"><\/span><\/p>\n<\/div>\n<\/div>\n<p class=\"voc-paragraph\">En las im\u00e1genes publicadas por la socialit\u00e9, Eugenia luce un total look de<br \/>\n<strong> Antik Batik<\/strong>, la firma francesa de la que es fan y a la que recurre much\u00edsimo para dar rienda suelta a ese estilo tan original y, en ocasiones, atrevidas, que tanto le caracteriza.\n<\/p>\n<p class=\"voc-paragraph\">Y s\u00ed, es un look protagonizado por un chaleco que nos ha robado el coraz\u00f3n. Se trata de un modelo<br \/>\n<strong> bordado de flores artesanales<\/strong> y con un dise\u00f1o sin mangas de inspiraci\u00f3n afgana. Tiene un acabado en los bordes con pasamano de algod\u00f3n y un cierre con corchetes.\n<\/p>\n<p class=\"voc-paragraph\">El que ha llevado Eugenia es un modelo en color crudo con las flores en tonos pasteles, con el rosa claro como protagonista. Pero tambi\u00e9n est\u00e1 disponible en color azul claro con el bordado a contraste en tonos m\u00e1s oscuro, un dise\u00f1o igual de bonito que quedar\u00e1 de maravilla con jeans.\n<\/p>\n<p class=\"voc-paragraph\">Lo puedes comprar por <strong>330 euros<\/strong>, est\u00e1 disponible desde la talla XS a la L y si decides hacerte con \u00e9l, tienes que fichar c\u00f3mo lo ha combinado la propia Eugenia. A\u00f1adi\u00f3 una falda verde midi de la misma firma, que cuesta 250 euros y un top crop. \u00a1Nos encanta!\n<\/p>\n<p><!-- TOPICS --><\/p>\n","protected":false},"excerpt":{"rendered":"<p>Entre los looks antiedad de Eugenia Mart\u00ednez de Irujo hay uno que es el favorito tanto para ella como para sus seguidores: el del chaleco. La socialit\u00e9 y otras famosas han hecho de los chalecos boho una prenda ideal que lelva varias temporasas siendo tendencia y que no puedes dejar escapar esta primavera. Eugenia Mart\u00ednez [&hellip;]<\/p>\n","protected":false},"author":1,"featured_media":57308,"comment_status":"closed","ping_status":"closed","sticky":false,"template":"","format":"standard","meta":[],"categories":[1],"tags":[],"_links":{"self":[{"href":"http:\/\/hoycordobaweb.com\/index.php\/wp-json\/wp\/v2\/posts\/57307"}],"collection":[{"href":"http:\/\/hoycordobaweb.com\/index.php\/wp-json\/wp\/v2\/posts"}],"about":[{"href":"http:\/\/hoycordobaweb.com\/index.php\/wp-json\/wp\/v2\/types\/post"}],"author":[{"embeddable":true,"href":"http:\/\/hoycordobaweb.com\/index.php\/wp-json\/wp\/v2\/users\/1"}],"replies":[{"embeddable":true,"href":"http:\/\/hoycordobaweb.com\/index.php\/wp-json\/wp\/v2\/comments?post=57307"}],"version-history":[{"count":0,"href":"http:\/\/hoycordobaweb.com\/index.php\/wp-json\/wp\/v2\/posts\/57307\/revisions"}],"wp:featuredmedia":[{"embeddable":true,"href":"http:\/\/hoycordobaweb.com\/index.php\/wp-json\/wp\/v2\/media\/57308"}],"wp:attachment":[{"href":"http:\/\/hoycordobaweb.com\/index.php\/wp-json\/wp\/v2\/media?parent=57307"}],"wp:term":[{"taxonomy":"category","embeddable":true,"href":"http:\/\/hoycordobaweb.com\/index.php\/wp-json\/wp\/v2\/categories?post=57307"},{"taxonomy":"post_tag","embeddable":true,"href":"http:\/\/hoycordobaweb.com\/index.php\/wp-json\/wp\/v2\/tags?post=57307"}],"curies":[{"name":"wp","href":"https:\/\/api.w.org\/{rel}","templated":true}]}}