{"id":57248,"date":"2023-03-21T17:00:33","date_gmt":"2023-03-21T17:00:33","guid":{"rendered":"https:\/\/www.ole.com.ar\/ecuador\/internacional\/peru-video-brutal-agresion-arbitro-machete-chanchamayo-germoplasma_0_xgMIT0Tshf.html"},"modified":"2023-03-21T17:00:33","modified_gmt":"2023-03-21T17:00:33","slug":"video-brutal-agresion-a-un-arbitro-con-un-machete","status":"publish","type":"post","link":"http:\/\/hoycordobaweb.com\/index.php\/2023\/03\/21\/video-brutal-agresion-a-un-arbitro-con-un-machete\/","title":{"rendered":"Video: brutal agresi\u00f3n a un \u00e1rbitro con&#8230; \u00a1un machete!"},"content":{"rendered":"<p><img src=\"http:\/\/hoycordobaweb.com\/wp-content\/uploads\/2023\/03\/video-brutal-agresion-a-un-arbitro-con-un-machete.jpg\"><\/p>\n<p><time class=\"createDate\" datetime=\"2023-03-21T14:00:33-03:00\">21\/03\/2023 14:00hs.<\/time><time class=\"modificatedDate\" datetime=\"2023\/03\/21T14:00:33-03:00\"><\/time><\/p>\n<div id=\"storyBody\">\n<div class=\"custom-text \" readability=\"36.309701492537\">\n<p>En un hecho repudiable, un grupo de personas ingres\u00f3 en el campo de juego <strong>para agredir al \u00e1rbitro <\/strong>del encuentro, en el distrito de San Ram\u00f3n, provincia de Chanchamayo (<a href=\"https:\/\/www.ole.com.ar\/tema\/peru.html\" title=\"Per\u00fa\" alt=\"Per\u00fa\" class=\"slug\"><strong>Per\u00fa<\/strong><\/a>). Lo m\u00e1s curioso: <strong>uno de los hinchas lo persigui\u00f3 en la cancha con un machete en la mano.<\/strong><\/p>\n<\/div>\n<div class=\"sc-489cef11-0 jHGTKj\" readability=\"6\">\n<section readability=\"2\"><picture><img class=\"img\" src=\"http:\/\/hoycordobaweb.com\/wp-content\/uploads\/2023\/03\/video-brutal-agresion-a-un-arbitro-con-un-machete-2.jpg\" alt=\"Piqu\u00e9 meti\u00f3 la pata: revel\u00f3 sin querer que se retira una ex joya del Barsa\" height=\"290\" width=\"290\" loading=\"lazy\"><\/picture>\n<p><span>Mir\u00e1 tambi\u00e9n<\/span><\/p>\n<hr>\n<h3>Piqu\u00e9 meti\u00f3 la pata: revel\u00f3 sin querer que se retira una ex joya del Barsa<\/h3>\n<\/p>\n<\/section>\n<\/div>\n<div class=\"sc-489cef11-0 jHGTKj\" readability=\"6\">\n<section readability=\"2\"><picture><img class=\"img\" src=\"http:\/\/hoycordobaweb.com\/wp-content\/uploads\/2023\/03\/video-brutal-agresion-a-un-arbitro-con-un-machete-3.jpg\" alt=\"Insult\u00f3 a un \u00e1rbitro y podr\u00edan suspenderlo por el resto de la temporada...\" height=\"290\" width=\"290\" loading=\"lazy\"><\/picture>\n<p><span>Mir\u00e1 tambi\u00e9n<\/span><\/p>\n<hr>\n<h3>Insult\u00f3 a un \u00e1rbitro y podr\u00edan suspenderlo por el resto de la temporada&#8230;<\/h3>\n<\/p>\n<\/section>\n<\/div>\n<div class=\"sc-489cef11-0 jHGTKj\" readability=\"6.5\">\n<section readability=\"3\"><picture><img class=\"img\" src=\"http:\/\/hoycordobaweb.com\/wp-content\/uploads\/2023\/03\/video-brutal-agresion-a-un-arbitro-con-un-machete-4.jpg\" alt=\"&quot;Tuve tres abortos&quot;: la fuerte confesi\u00f3n de Georgina por el hijo fallecido de Cristiano \" height=\"290\" width=\"290\" loading=\"lazy\"><\/picture>\n<p><span>Mir\u00e1 tambi\u00e9n<\/span><\/p>\n<hr>\n<h3>\u00abTuve tres abortos\u00bb: la fuerte confesi\u00f3n de Georgina por el hijo fallecido de Cristiano <\/h3>\n<\/p>\n<\/section>\n<\/div>\n<div class=\"custom-text \" readability=\"35\">\n<p><strong>La escena ocurri\u00f3 en la fecha 3 de la liga distrital de Chanchamayo, correspondiente a la Copa Per\u00fa, durante un un juego entre Germoplasma y Sporting FOCA.<\/strong><\/p>\n<\/div>\n<div class=\"sc-996041c8-0 kvfKM\"><img alt=\"Brutal agresi\u00f3n a un \u00e1rbitro en Per\u00fa.\" src=\"http:\/\/hoycordobaweb.com\/wp-content\/uploads\/2023\/03\/video-brutal-agresion-a-un-arbitro-con-un-machete-5.jpg\" width=\"720\" height=\"0\" decoding=\"async\" data-nimg=\"future\" loading=\"lazy\"><span>Brutal agresi\u00f3n a un \u00e1rbitro en Per\u00fa.<\/span><\/div>\n<div class=\"custom-text \" readability=\"36\">\n<p><strong>La hinchada de Germoplasma consider\u00f3 que el juez del partido perjudic\u00f3 las aspiraciones de su equipo, que perdi\u00f3 1-2 y <\/strong>complic\u00f3 sus opciones de competir en la Copa Per\u00fa, lo que gener\u00f3 la indignaci\u00f3n de algunos fan\u00e1ticos.<\/p>\n<\/div>\n<div class=\"sc-489cef11-0 jHGTKj\" readability=\"6\">\n<section readability=\"2\"><picture><img class=\"img\" src=\"http:\/\/hoycordobaweb.com\/wp-content\/uploads\/2023\/03\/video-brutal-agresion-a-un-arbitro-con-un-machete-6.jpg\" alt=\"La fortuna que podr\u00eda cobrar Sampaoli si lo echan del Sevilla\" height=\"290\" width=\"290\" loading=\"lazy\"><\/picture>\n<p><span>Mir\u00e1 tambi\u00e9n<\/span><\/p>\n<hr>\n<h3>La fortuna que podr\u00eda cobrar Sampaoli si lo echan del Sevilla<\/h3>\n<\/p>\n<\/section>\n<\/div>\n<div class=\"sc-489cef11-0 jHGTKj\" readability=\"6\">\n<section readability=\"2\"><picture><img class=\"img\" src=\"http:\/\/hoycordobaweb.com\/wp-content\/uploads\/2023\/03\/video-brutal-agresion-a-un-arbitro-con-un-machete-7.jpg\" alt=\"Haaland se lesion\u00f3 y en Espa\u00f1a lo festejan\" height=\"290\" width=\"290\" loading=\"lazy\"><\/picture>\n<p><span>Mir\u00e1 tambi\u00e9n<\/span><\/p>\n<hr>\n<h3>Haaland se lesion\u00f3 y en Espa\u00f1a lo festejan<\/h3>\n<\/p>\n<\/section>\n<\/div>\n<div class=\"custom-text \" readability=\"38\">\n<p>En un video publicado en redes sociales<strong> se aprecia el momento en que el sujeto, con el arma blanca en mano, corre para atacar al r\u00e9feri, que empieza a correr de manera despavorida, hasta que uno de los \u00e1rbitros asistentes logra quitarle el machete.<\/strong><\/p>\n<\/div>\n<div class=\"sc-e6588e40-0 jMZSMl\">\n<div class=\"sc-e6588e40-1 ghdCia videoText\" id=\"contentTitleundefinedWhEi8q2W\"><svg fill=\"#ffffff\"><symbol id=\"play\" viewBox=\"0 0 512 512\"><path d=\"M512 256C512 397.4 397.4 512 256 512C114.6 512 0 397.4 0 256C0 114.6 114.6 0 256 0C397.4 0 512 114.6 512 256zM176 168V344C176 352.7 180.7 360.7 188.3 364.9C195.8 369.2 205.1 369 212.5 364.5L356.5 276.5C363.6 272.1 368 264.4 368 256C368 247.6 363.6 239.9 356.5 235.5L212.5 147.5C205.1 142.1 195.8 142.8 188.3 147.1C180.7 151.3 176 159.3 176 168V168z\" \/><\/symbol><use xlink:href=\"#play\" \/><\/svg><\/p>\n<div class=\"right\">\n<p>Per\u00fa<!-- --> &#8211;<!-- --> <span>21-3-2023<\/span><\/p>\n<h2 class=\"title-vid\">Copa Per\u00fa: intentaron agredir al \u00e1rbitro con un machete<\/h2>\n<\/div>\n<\/div>\n<p><span class=\"back\" id=\"spanBackundefinedWhEi8q2W\"><\/span><\/div>\n<div class=\"custom-text \" readability=\"38\">\n<p>Seg\u00fan informaci\u00f3n del presidente de la Liga distrital, Juan Due\u00f1a, citado por un corresponsal del local Canal N, <strong>el grupo agresor no hab\u00eda entrado por la puerta principal, y aprovech\u00f3 que no hab\u00eda polic\u00edas en el lugar para llegar a la cancha.<\/strong><\/p>\n<\/div>\n<div class=\"sc-489cef11-0 jHGTKj\" readability=\"6\">\n<section readability=\"2\"><picture><img class=\"img\" src=\"http:\/\/hoycordobaweb.com\/wp-content\/uploads\/2023\/03\/video-brutal-agresion-a-un-arbitro-con-un-machete-8.jpg\" alt=\"El arquero de Brasil que estuvo cuatro horas atrapado en un ascensor del estadio\" height=\"290\" width=\"290\" loading=\"lazy\"><\/picture>\n<p><span>Mir\u00e1 tambi\u00e9n<\/span><\/p>\n<hr>\n<h3>El arquero de Brasil que estuvo cuatro horas atrapado en un ascensor del estadio<\/h3>\n<\/p>\n<\/section>\n<\/div>\n<div class=\"custom-text \" readability=\"35\">\n<p>El incidente se volvi\u00f3 viral a nivel nacional y se seguir\u00e1 investigando para identificar a cada uno de los agresores.<strong> Entre otros detalles que trascendieron, el hombre que intent\u00f3 agredir al \u00e1rbitro asever\u00f3 que se encontraba en estado de ebriedad.<\/strong><\/p>\n<\/div>\n<div class=\"sc-996041c8-0 kvfKM\"><img alt=\"Brutal agresi\u00f3n a un \u00e1rbitro en Per\u00fa.\" src=\"http:\/\/hoycordobaweb.com\/wp-content\/uploads\/2023\/03\/video-brutal-agresion-a-un-arbitro-con-un-machete-9.jpg\" width=\"720\" height=\"0\" decoding=\"async\" data-nimg=\"future\" loading=\"lazy\"><span>Brutal agresi\u00f3n a un \u00e1rbitro en Per\u00fa.<\/span><\/div>\n<div class=\"sc-489cef11-0 jHGTKj\" readability=\"6\">\n<section readability=\"2\"><picture><img class=\"img\" src=\"http:\/\/hoycordobaweb.com\/wp-content\/uploads\/2023\/03\/video-brutal-agresion-a-un-arbitro-con-un-machete-10.jpg\" alt=\"Oficial: Gustavo Alfaro demand\u00f3 a la Federaci\u00f3n de Ecuador \" height=\"290\" width=\"290\" loading=\"lazy\"><\/picture>\n<p><span>Mir\u00e1 tambi\u00e9n<\/span><\/p>\n<hr>\n<h3>Oficial: Gustavo Alfaro demand\u00f3 a la Federaci\u00f3n de Ecuador<br \/>\n<\/h3>\n<\/p>\n<\/section>\n<\/div>\n<div class=\"sc-489cef11-0 jHGTKj\" readability=\"6\">\n<section readability=\"2\"><picture><img class=\"img\" src=\"http:\/\/hoycordobaweb.com\/wp-content\/uploads\/2023\/03\/video-brutal-agresion-a-un-arbitro-con-un-machete-11.jpg\" alt=\"Pa\u00edses Bajos se queda sin una figura para el partido contra Francia\" height=\"290\" width=\"290\" loading=\"lazy\"><\/picture>\n<p><span>Mir\u00e1 tambi\u00e9n<\/span><\/p>\n<hr>\n<h3>Pa\u00edses Bajos se queda sin una figura para el partido contra Francia<\/h3>\n<\/p>\n<\/section>\n<\/div>\n<p><h2><strong>Un hecho repetido en la Copa Per\u00fa<\/strong><\/h2>\n<\/p>\n<div class=\"custom-text \" readability=\"40\">\n<p><strong>En mayo de 2019, cuando jugaban la Academia Municipal de Pichanaki y Uni\u00f3n Pichanaki <\/strong>por la segunda fase de la Etapa Provincial de Chanchamayo, con miras a la Copa Per\u00fa, tambi\u00e9n hubo violencia. Al final del juego, los suplentes de Academia Municipal <strong>entraron a la cancha y golpearon al juez, molestos por el resultado.<\/strong><\/p>\n<\/div>\n<div class=\"sc-489cef11-0 jHGTKj\" readability=\"7\">\n<section readability=\"4\"><picture><img class=\"img\" src=\"http:\/\/hoycordobaweb.com\/wp-content\/uploads\/2023\/03\/video-brutal-agresion-a-un-arbitro-con-un-machete-12.jpg\" alt=\"Courtois, sin vueltas: &quot;Hay que ser honestos, la Liga est\u00e1 perdida&quot;\" height=\"290\" width=\"290\" loading=\"lazy\"><\/picture>\n<p><span>Mir\u00e1 tambi\u00e9n<\/span><\/p>\n<hr>\n<h3>Courtois, sin vueltas: \u00abHay que ser honestos, la Liga est\u00e1 perdida\u00bb<\/h3>\n<\/p>\n<\/section>\n<\/div>\n<div class=\"custom-text \" readability=\"42\">\n<p><strong>Adem\u00e1s, no es la primera vez que el club Germoplasma protagoniza este tipo de acciones. <\/strong>El a\u00f1o pasado, los dirigentes, cuando el equipo se encontraba en la etapa provincial, ocurri\u00f3 un hecho bastante similar, <strong>de ah\u00ed que hayan realizado un pedido a los altos mandos de la Copa Per\u00fa para que no se disputen m\u00e1s partidos en al Estadio Municipal de San Ram\u00f3n en condici\u00f3n de local, en cambio s\u00ed como visitantes, que es como jugaron ahora.<\/strong><\/p>\n<\/div>\n<div class=\"sc-489cef11-0 jHGTKj\" readability=\"6\">\n<section readability=\"2\"><picture><img class=\"img\" src=\"http:\/\/hoycordobaweb.com\/wp-content\/uploads\/2023\/03\/video-brutal-agresion-a-un-arbitro-con-un-machete-13.jpg\" alt=\"El enojo de Ever Almeida con un periodista: &quot;\u00bfCu\u00e1l es la otra pregunta tonta?&quot;\" height=\"290\" width=\"290\" loading=\"lazy\"><\/picture>\n<p><span>Mir\u00e1 tambi\u00e9n<\/span><\/p>\n<hr>\n<h3>El enojo de Ever Almeida con un periodista: \u00ab\u00bfCu\u00e1l es la otra pregunta tonta?\u00bb<\/h3>\n<\/p>\n<\/section>\n<\/div>\n<\/div>\n","protected":false},"excerpt":{"rendered":"<p>21\/03\/2023 14:00hs. En un hecho repudiable, un grupo de personas ingres\u00f3 en el campo de juego para agredir al \u00e1rbitro del encuentro, en el distrito de San Ram\u00f3n, provincia de Chanchamayo (Per\u00fa). Lo m\u00e1s curioso: uno de los hinchas lo persigui\u00f3 en la cancha con un machete en la mano. Mir\u00e1 tambi\u00e9n Piqu\u00e9 meti\u00f3 la [&hellip;]<\/p>\n","protected":false},"author":1,"featured_media":57249,"comment_status":"open","ping_status":"closed","sticky":false,"template":"","format":"standard","meta":[],"categories":[16],"tags":[],"_links":{"self":[{"href":"http:\/\/hoycordobaweb.com\/index.php\/wp-json\/wp\/v2\/posts\/57248"}],"collection":[{"href":"http:\/\/hoycordobaweb.com\/index.php\/wp-json\/wp\/v2\/posts"}],"about":[{"href":"http:\/\/hoycordobaweb.com\/index.php\/wp-json\/wp\/v2\/types\/post"}],"author":[{"embeddable":true,"href":"http:\/\/hoycordobaweb.com\/index.php\/wp-json\/wp\/v2\/users\/1"}],"replies":[{"embeddable":true,"href":"http:\/\/hoycordobaweb.com\/index.php\/wp-json\/wp\/v2\/comments?post=57248"}],"version-history":[{"count":0,"href":"http:\/\/hoycordobaweb.com\/index.php\/wp-json\/wp\/v2\/posts\/57248\/revisions"}],"wp:featuredmedia":[{"embeddable":true,"href":"http:\/\/hoycordobaweb.com\/index.php\/wp-json\/wp\/v2\/media\/57249"}],"wp:attachment":[{"href":"http:\/\/hoycordobaweb.com\/index.php\/wp-json\/wp\/v2\/media?parent=57248"}],"wp:term":[{"taxonomy":"category","embeddable":true,"href":"http:\/\/hoycordobaweb.com\/index.php\/wp-json\/wp\/v2\/categories?post=57248"},{"taxonomy":"post_tag","embeddable":true,"href":"http:\/\/hoycordobaweb.com\/index.php\/wp-json\/wp\/v2\/tags?post=57248"}],"curies":[{"name":"wp","href":"https:\/\/api.w.org\/{rel}","templated":true}]}}