{"id":57232,"date":"2023-03-21T16:36:00","date_gmt":"2023-03-21T16:36:00","guid":{"rendered":"http:\/\/hoycordobaweb.com\/index.php\/2023\/03\/21\/la-onu-reclamo-a-los-talibanes-por-la-educacion-femenina-en-afganistan\/"},"modified":"2023-03-21T16:36:00","modified_gmt":"2023-03-21T16:36:00","slug":"la-onu-reclamo-a-los-talibanes-por-la-educacion-femenina-en-afganistan","status":"publish","type":"post","link":"http:\/\/hoycordobaweb.com\/index.php\/2023\/03\/21\/la-onu-reclamo-a-los-talibanes-por-la-educacion-femenina-en-afganistan\/","title":{"rendered":"La ONU reclam\u00f3 a los talibanes por la educaci\u00f3n femenina en Afganist\u00e1n"},"content":{"rendered":"<p><img src=\"http:\/\/hoycordobaweb.com\/wp-content\/uploads\/2023\/03\/la-onu-reclamo-a-los-talibanes-por-la-educacion-femenina-en-afganistan.jpg\"><\/p>\n<figure class=\"mb-3\"><img loading=\"lazy\" data-src=\"http:\/\/hoycordobaweb.com\/wp-content\/uploads\/2023\/03\/la-onu-reclamo-a-los-talibanes-por-la-educacion-femenina-en-afganistan-2.jpg\" src=\"https:\/\/www.telam.com.ar\/assets\/img\/not_image.png\" class=\" lazy \" width=\"100%\" height=\"100%\" alt=\"La ONU exhorta a los talibanes por la educacin femenina al inicio del ao escolar afgano\"><figcaption> La ONU exhorta a los talibanes por la educaci\u00f3n femenina al inicio del a\u00f1o escolar afgano. <\/figcaption><\/figure>\n<p>El Alto Comisionado de la ONU para los Derechos Humanos reclam\u00f3 este martes al gobernante movimiento islamista afgano de los talibanes permitir a las ni\u00f1as retomar la educaci\u00f3n secundaria, en coincidencia con un accidentado inicio del a\u00f1o escolar en Afganist\u00e1n.<\/p>\n<p><strong>Las escuelas primarias y secundarias afganas reabrieron<\/strong> este martes tras las vacaciones, <strong>pero los alumnos no acudieron a muchos establecimientos de Kabul, la capital, debido a una falta de comunicaci\u00f3n de las autoridades talibanes<\/strong>, dijeron maestros.<\/p>\n<p>\u00abNuestro director nos mand\u00f3 una carta del ministerio de Educaci\u00f3n, pero como no se hizo ning\u00fan anuncio p\u00fablico, ning\u00fan alumno vino\u00bb, dijo Mohammad Osman Atayi, profesor de una escuela secundaria en la capital, a la agencia de noticias AFP.<\/p>\n<p><strong>En por lo menos siete escuelas de Kabul la inasistencia fue total<\/strong>, afirm\u00f3 AFP.<\/p>\n<p><strong>El anuncio no supone ning\u00fan cambio para las chicas de entre 11 y 18 a\u00f1os<\/strong>, quienes tienen prohibido el acceso a la educaci\u00f3n secundaria desde el regreso de los talibanes al poder en agosto de 2021.<\/p>\n<blockquote class><p>\u00abLa educaci\u00f3n es nuestro derecho fundamental. Tenemos que ir a la escuela\u00bb<\/p><\/blockquote>\n<p>Hubo un breve momento de esperanza para las cientos de miles de adolescentes afectadas el 23 de marzo de 2022, cuando las autoridades hab\u00edan prometido reanudar las clases para mujeres, pero horas despu\u00e9s se desdijeron.<\/p>\n<p><strong>\u00abEstoy deprimida y rota\u00bb&nbsp;explic\u00f3 la joven afgana Sadaf Haidari<\/strong>, de 15 a\u00f1os, a AFP.<\/p>\n<p>\u00abLa educaci\u00f3n es nuestro derecho fundamental. Tenemos que ir a la escuela (&#8230;) pero los talibanes nos quitaron todo\u00bb, agreg\u00f3.<\/p>\n<p>Las autoridades aseguraron que<strong> la prohibici\u00f3n, que no afecta a la educaci\u00f3n primaria, era temporal y que las clases se reanudar\u00e1n una vez se defina un programa basado en los preceptos isl\u00e1micos.<\/strong><\/p>\n<p>Sin embargo, algunos responsables talibanes afirman que los religiosos ultraconservadores que aconsejan al l\u00edder supremo Hibatullah Akhundzada son profundamente esc\u00e9pticos respecto a educar a las mujeres.<\/p>\n<p><strong>En Ginebra, Suiza, la vocera del Alto Comisionado para la ONU para los Derechos Humanos, Volker T\u00fcrk<\/strong>, renov\u00f3 el pedido a los talibanes para autorizar la vuelta de las chicas a los colegios secundarios.<\/p>\n<blockquote class><p>\u00abLas ni\u00f1as en Afganist\u00e1n deber\u00edan haber empezado otro a\u00f1o de secundaria con esperanza y aspiraci\u00f3n\u00bb<\/p><\/blockquote>\n<p>\u00abEsta semana, las ni\u00f1as en Afganist\u00e1n deber\u00edan haber empezado otro a\u00f1o de secundaria con esperanza y aspiraci\u00f3n\u00bb, dijo la portavoz Marta Hurtado.<\/p>\n<p>La vocera de T\u00fcrk denunci\u00f3 que desde hace un a\u00f1o no se les permite cursar desde sexto, lo que tambi\u00e9n les impide acceder a la universidad.<\/p>\n<p>Hurtado describi\u00f3 esta situaci\u00f3n como <strong>\u00abmanifiestamente discriminatoria y profundamente angustiosa para las ni\u00f1as y las mujeres, junto con sus familias y comunidades\u00bb<\/strong>, lo que acaba da\u00f1ando al pa\u00eds entero.<\/p>\n<p>Agreg\u00f3 que de esta manera <strong>se est\u00e1 exponiendo a las ni\u00f1as y mujeres a \u00abla violencia, pobreza y explotaci\u00f3n\u00bb.<\/strong><\/p>\n<p>Hurtado dijo que la educaci\u00f3n es un derecho fundamental contemplado por todas las organizaciones internacionales, por lo que Afganist\u00e1n y todas las autoridades de facto que han jurado defender este derecho tienen la obligaci\u00f3n de cumplirlo.<\/p>\n","protected":false},"excerpt":{"rendered":"<p>La ONU exhorta a los talibanes por la educaci\u00f3n femenina al inicio del a\u00f1o escolar afgano. El Alto Comisionado de la ONU para los Derechos Humanos reclam\u00f3 este martes al gobernante movimiento islamista afgano de los talibanes permitir a las ni\u00f1as retomar la educaci\u00f3n secundaria, en coincidencia con un accidentado inicio del a\u00f1o escolar en [&hellip;]<\/p>\n","protected":false},"author":1,"featured_media":57233,"comment_status":"open","ping_status":"closed","sticky":false,"template":"","format":"standard","meta":[],"categories":[24],"tags":[],"_links":{"self":[{"href":"http:\/\/hoycordobaweb.com\/index.php\/wp-json\/wp\/v2\/posts\/57232"}],"collection":[{"href":"http:\/\/hoycordobaweb.com\/index.php\/wp-json\/wp\/v2\/posts"}],"about":[{"href":"http:\/\/hoycordobaweb.com\/index.php\/wp-json\/wp\/v2\/types\/post"}],"author":[{"embeddable":true,"href":"http:\/\/hoycordobaweb.com\/index.php\/wp-json\/wp\/v2\/users\/1"}],"replies":[{"embeddable":true,"href":"http:\/\/hoycordobaweb.com\/index.php\/wp-json\/wp\/v2\/comments?post=57232"}],"version-history":[{"count":0,"href":"http:\/\/hoycordobaweb.com\/index.php\/wp-json\/wp\/v2\/posts\/57232\/revisions"}],"wp:featuredmedia":[{"embeddable":true,"href":"http:\/\/hoycordobaweb.com\/index.php\/wp-json\/wp\/v2\/media\/57233"}],"wp:attachment":[{"href":"http:\/\/hoycordobaweb.com\/index.php\/wp-json\/wp\/v2\/media?parent=57232"}],"wp:term":[{"taxonomy":"category","embeddable":true,"href":"http:\/\/hoycordobaweb.com\/index.php\/wp-json\/wp\/v2\/categories?post=57232"},{"taxonomy":"post_tag","embeddable":true,"href":"http:\/\/hoycordobaweb.com\/index.php\/wp-json\/wp\/v2\/tags?post=57232"}],"curies":[{"name":"wp","href":"https:\/\/api.w.org\/{rel}","templated":true}]}}