{"id":57152,"date":"2023-03-19T12:34:38","date_gmt":"2023-03-19T12:34:38","guid":{"rendered":"https:\/\/www.mujerhoy.com\/moda\/no-te-pierdas\/vestido-negro-zara-original-sostenible-barato-20230319133422-nt.html"},"modified":"2023-03-19T12:34:38","modified_gmt":"2023-03-19T12:34:38","slug":"el-vestido-negro-mas-especial-del-low-cost-esta-en-la-nueva-coleccion-sostenible-de-zara","status":"publish","type":"post","link":"http:\/\/hoycordobaweb.com\/index.php\/2023\/03\/19\/el-vestido-negro-mas-especial-del-low-cost-esta-en-la-nueva-coleccion-sostenible-de-zara\/","title":{"rendered":"El vestido negro m\u00e1s especial del low cost est\u00e1 en la nueva colecci\u00f3n sostenible de Zara"},"content":{"rendered":"<p><!-- AUTHOR --><\/p>\n<div class=\"voc-author-timesocial \"><!-- AUTHOR --><\/p>\n<div class=\"voc-author-timesocial__signature\"><!-- IMAGE AUTHOR --><picture class=\"voc-image-signature\"><img class=\"voc-image-signature__img\" src=\"http:\/\/hoycordobaweb.com\/wp-content\/uploads\/2023\/03\/el-vestido-negro-mas-especial-del-low-cost-esta-en-la-nueva-coleccion-sostenible-de-zara.jpg\" alt=\"Raquel Rodr\u00edguez\"><\/picture><!-- INFO AUTHOR --><\/div>\n<\/div>\n<p><!-- COMPONENTS --><\/p>\n<p class=\"voc-paragraph\">La experiencia de compra y los motivos por los que elegimos una marca u otra est\u00e1n sufriendo una evoluci\u00f3n y se encuentran en constante cambio. Ahora tenemos m\u00e1s en cuenta los valores de la marca y las firmas que apuestan por una moda m\u00e1s consciente. Es por ello, que las <a data-voc-vtm-id=\"in-text-traffic\" href=\"https:\/\/www.mujerhoy.com\/moda\/no-te-pierdas\/tres-marcas-ropa-barata-prendas-originales-20230304133158-nt.html\" title=\"www.mujerhoy.com\">firmas low cost <\/a>est\u00e1n apostando por <strong>colecciones sostenibles<\/strong>.\n<\/p>\n<p class=\"voc-paragraph\">Y una de ellas es <strong>Zara<\/strong>. El gigante de Inditex se est\u00e1 tomando cada vez m\u00e1s en serio esta tendencia y es por ello que apuesta, en algunas ocasiones, por apoyar esta nueva intenci\u00f3n de compra. Y la \u00faltima prueba de ello es una colecci\u00f3n con <strong>Nilit &amp; Basf<\/strong>.\n<\/p>\n<p class=\"voc-paragraph\">Nilit es una empresa que fabrica poliamida 6.6 para la industria textil. En colaboraci\u00f3n con Basf, una empresa qu\u00edmica, han creado la nueva generaci\u00f3n de poliamida utilizando menos recursos f\u00f3siles en suiproceso de producci\u00f3n. Combina un 55 % de \u00e1cido ad\u00edpico obtenido de biomasa a trav\u00e9s de balance de materia con un 45 % de hmda (el otro componente de la poliamida 6.6).\n<\/p>\n<p class=\"voc-paragraph\">Y, \u00bfc\u00f3mo es le proceso de creaci\u00f3n? El \u00e1cido ad\u00edpico es uno de los principales componentes de la poliamida 6.6. Tradicionalmente, se elabora con recursos f\u00f3siles, como petr\u00f3leo crudo o gas natural. Sin embargo, Basf ha consiguido hacer el \u00e1cido ad\u00edpico utilizando materias primas renovables.\n<\/p>\n<p class=\"voc-paragraph\">La materia prima utilizada para la fabricaci\u00f3n del \u00e1cido ad\u00edpico procede de la fermentaci\u00f3n de residuos org\u00e1nicos, como por ejemplo los residuos alimentarios que producimos cada d\u00eda. Basf reduce el uso de recursos fosiles utilizando esta <strong>materia prima renovable <\/strong>para su proceso de producci\u00f3n.\n<\/p>\n<p class=\"voc-paragraph\">Y el resultado de esta colaboraci\u00f3n con Zara es una selecci\u00f3n de prendas en color negro. Cuatro b\u00e1sicos de esos que sientan de maravilla, que son perfectos como fondo de armario y que puedes combinar de mil maneras: dos vestidos, un mono y un body.\n<\/p>\n<div class=\"voc-detail-photo-zoom\"><picture data-toggle=\"modal\" data-target=\"#photoZoomModal-483\" target=\"modal\">\n<div class=\"voc-img-icon-link\"><img loading=\"lazy\" data-original=\"\/\/static3.mujerhoy.com\/www\/multimedia\/202303\/09\/media\/cortadas\/vestido-negro-zara-asimetrico-kLiD--460x637@MujerHoy.jpg\" class=\"lazy\" alt=\"As\u00ed queda el vestido negro de Zara.\"><noscript><img src=\"http:\/\/hoycordobaweb.com\/wp-content\/uploads\/2023\/03\/el-vestido-negro-mas-especial-del-low-cost-esta-en-la-nueva-coleccion-sostenible-de-zara-1.jpg\" alt=\"As\u00ed queda el vestido negro de Zara.\"><\/noscript><i class=\"voc-icons zoom voc-multimedia-box voc-ico-l\"><\/i><\/div><figcaption class=\"figure-caption\">As\u00ed queda el vestido negro de Zara.<\/figcaption><\/picture><\/div>\n<div id=\"photoZoomModal-483\" class=\"voc-lightbox modal fade voc-lightbox--photo-zoom\" role=\"dialog\" data-voc-photozoom-lightbox>\n<div class=\"voc-lightbox__dialog\" role=\"document\">\n<div class=\"voc-lightbox__content\"><!-- Modal header --><!-- Modal content --><\/p>\n<div class=\"voc-lightbox__photo-container\"><picture class><img loading=\"lazy\" data-original=\"\/\/static3.mujerhoy.com\/www\/multimedia\/202303\/09\/media\/cortadas\/vestido-negro-zara-asimetrico-kLiD--460x637@MujerHoy.jpg\" alt=\"As\u00ed queda el vestido negro de Zara.\" class=\"lazy\"><noscript><img src=\"http:\/\/hoycordobaweb.com\/wp-content\/uploads\/2023\/03\/el-vestido-negro-mas-especial-del-low-cost-esta-en-la-nueva-coleccion-sostenible-de-zara-1.jpg\" alt=\"As\u00ed queda el vestido negro de Zara.\"><\/noscript><\/picture><\/div>\n<\/div>\n<\/div>\n<\/div>\n<p class=\"voc-paragraph\">Y nuestro favorito es uno de los vestidos que han sacado a la venta y que <strong>lo tiene todo<\/strong> para triunfar: un dise\u00f1o s\u00faper favorecedor y original, un precio muy asequible, un color muy poible que pega con todo y un tejido sostenible. \u00bfQu\u00e9 m\u00e1s se puede pedir? <\/p>\n<p class=\"voc-paragraph\">Se trata de un modelo largo de escote amplio y recto y mangas asim\u00e9tricas. Una es larga y ajustada, la otra es de tirante ancho. Tiene la espalda completamente al descubierto, un escote muy sofisticado y el cuerpo va completamente ce\u00f1ido. La falda larga es fluida y tiene un ligero corte evas\u00e9. <\/p>\n<p class=\"voc-paragraph\">Est\u00e1 disponible en la talla S, M y L, confeccionado en un tejido flexible que se adapta a todo tipo de cuerpos y siluetas y que parece ser bastante c\u00f3modo y que puedes comprar por tan solo <strong>29,95 euros<\/strong>. No est\u00e1 nada mal, \u00bfverdad? \u00a1Directo a nuestra <i>wishlist<\/i>!\n<\/p>\n<div class=\"voc-detail-photo-zoom\"><picture data-toggle=\"modal\" data-target=\"#photoZoomModal-221\" target=\"modal\">\n<div class=\"voc-img-icon-link\"><img loading=\"lazy\" data-original=\"\/\/static3.mujerhoy.com\/www\/multimedia\/202303\/09\/media\/cortadas\/vestido-negro-zara-barato-largo-kLiD--460x637@MujerHoy.jpg\" class=\"lazy\" alt=\"El vestido negro de Zara sostenible.\"><noscript><img src=\"http:\/\/hoycordobaweb.com\/wp-content\/uploads\/2023\/03\/el-vestido-negro-mas-especial-del-low-cost-esta-en-la-nueva-coleccion-sostenible-de-zara-2.jpg\" alt=\"El vestido negro de Zara sostenible.\"><\/noscript><i class=\"voc-icons zoom voc-multimedia-box voc-ico-l\"><\/i><\/div><figcaption class=\"figure-caption\">El vestido negro de Zara sostenible.<\/figcaption><\/picture><\/div>\n<div id=\"photoZoomModal-221\" class=\"voc-lightbox modal fade voc-lightbox--photo-zoom\" role=\"dialog\" data-voc-photozoom-lightbox>\n<div class=\"voc-lightbox__dialog\" role=\"document\">\n<div class=\"voc-lightbox__content\"><!-- Modal header --><!-- Modal content --><\/p>\n<div class=\"voc-lightbox__photo-container\"><picture class><img loading=\"lazy\" data-original=\"\/\/static3.mujerhoy.com\/www\/multimedia\/202303\/09\/media\/cortadas\/vestido-negro-zara-barato-largo-kLiD--460x637@MujerHoy.jpg\" alt=\"El vestido negro de Zara sostenible.\" class=\"lazy\"><noscript><img src=\"http:\/\/hoycordobaweb.com\/wp-content\/uploads\/2023\/03\/el-vestido-negro-mas-especial-del-low-cost-esta-en-la-nueva-coleccion-sostenible-de-zara-2.jpg\" alt=\"El vestido negro de Zara sostenible.\"><\/noscript><\/picture><\/div>\n<\/div>\n<\/div>\n<\/div>\n<p><!-- TOPICS --><\/p>\n","protected":false},"excerpt":{"rendered":"<p>La experiencia de compra y los motivos por los que elegimos una marca u otra est\u00e1n sufriendo una evoluci\u00f3n y se encuentran en constante cambio. Ahora tenemos m\u00e1s en cuenta los valores de la marca y las firmas que apuestan por una moda m\u00e1s consciente. Es por ello, que las firmas low cost est\u00e1n apostando [&hellip;]<\/p>\n","protected":false},"author":1,"featured_media":57153,"comment_status":"closed","ping_status":"closed","sticky":false,"template":"","format":"standard","meta":[],"categories":[1],"tags":[],"_links":{"self":[{"href":"http:\/\/hoycordobaweb.com\/index.php\/wp-json\/wp\/v2\/posts\/57152"}],"collection":[{"href":"http:\/\/hoycordobaweb.com\/index.php\/wp-json\/wp\/v2\/posts"}],"about":[{"href":"http:\/\/hoycordobaweb.com\/index.php\/wp-json\/wp\/v2\/types\/post"}],"author":[{"embeddable":true,"href":"http:\/\/hoycordobaweb.com\/index.php\/wp-json\/wp\/v2\/users\/1"}],"replies":[{"embeddable":true,"href":"http:\/\/hoycordobaweb.com\/index.php\/wp-json\/wp\/v2\/comments?post=57152"}],"version-history":[{"count":0,"href":"http:\/\/hoycordobaweb.com\/index.php\/wp-json\/wp\/v2\/posts\/57152\/revisions"}],"wp:featuredmedia":[{"embeddable":true,"href":"http:\/\/hoycordobaweb.com\/index.php\/wp-json\/wp\/v2\/media\/57153"}],"wp:attachment":[{"href":"http:\/\/hoycordobaweb.com\/index.php\/wp-json\/wp\/v2\/media?parent=57152"}],"wp:term":[{"taxonomy":"category","embeddable":true,"href":"http:\/\/hoycordobaweb.com\/index.php\/wp-json\/wp\/v2\/categories?post=57152"},{"taxonomy":"post_tag","embeddable":true,"href":"http:\/\/hoycordobaweb.com\/index.php\/wp-json\/wp\/v2\/tags?post=57152"}],"curies":[{"name":"wp","href":"https:\/\/api.w.org\/{rel}","templated":true}]}}