{"id":57140,"date":"2023-03-19T16:26:45","date_gmt":"2023-03-19T16:26:45","guid":{"rendered":"https:\/\/www.ole.com.ar\/futbol-primera\/racing-carbonero-lesion-blanco-refuerzo_0_1SWvg2utU0.html"},"modified":"2023-03-19T16:26:45","modified_gmt":"2023-03-19T16:26:45","slug":"racing-va-por-un-refuerzo-por-la-grave-lesion-de-carbonero","status":"publish","type":"post","link":"http:\/\/hoycordobaweb.com\/index.php\/2023\/03\/19\/racing-va-por-un-refuerzo-por-la-grave-lesion-de-carbonero\/","title":{"rendered":"Racing va por un refuerzo por la grave lesi\u00f3n de Carbonero"},"content":{"rendered":"<p><img src=\"http:\/\/hoycordobaweb.com\/wp-content\/uploads\/2023\/03\/racing-va-por-un-refuerzo-por-la-grave-lesion-de-carbonero.jpg\"><\/p>\n<p><time class=\"createDate\" datetime=\"2023-03-19T13:26:45-03:00\">19\/03\/2023 13:26hs.<\/time><time class=\"modificatedDate\" datetime=\"2023\/03\/19T13:26:45-03:00\"><\/time><\/p>\n<div id=\"storyBody\">\n<div class=\"custom-text \" readability=\"36.1\">\n<p>Mientras a\u00fan intenta asimilar el duro golpe por la grave lesi\u00f3n de<a href=\"https:\/\/www.ole.com.ar\/tema\/johan-carbonero.html\" title=\"Johan Carbonero\" alt=\"Johan Carbonero\" class=\"slug\"> Johan Carbonero<\/a>,<strong> <\/strong><a href=\"https:\/\/www.ole.com.ar\/tema\/racing.html\" title=\"Racing\" alt=\"Racing\" class=\"slug\"><strong>Racing<\/strong><\/a><strong> tom\u00f3 una decisi\u00f3n: har\u00e1 el intento por incorporar un reemplazante<\/strong>, seg\u00fan lo permite el reglamento para este tipo de contratiempos. Desde el club le confirmaron a Ol\u00e9 que pedir\u00e1n en la AFA la apertura de un cupo de refuerzo, aunque la dirigencia y el cuerpo t\u00e9cnico saben que ser\u00e1 una tarea muy dif\u00edcil por el contexto.<\/p>\n<\/div>\n<div class=\"custom-text \" readability=\"38\">\n<p><strong>El colombiano sufri\u00f3 la rotura del ligamento cruzado anterior de la rodilla izquierda <\/strong>en el primer tiempo del partido que su equipo le gan\u00f3 3-1 a Uni\u00f3n este viernes, en Santa Fe. <strong>A la espera de ser operado el lunes 27 de este mes<\/strong>, es un hecho que estar\u00e1 afuera de las canchas de siete a ocho meses, baja muy sensible para Gago porque no cuenta con otro jugador de esas caracter\u00edsticas: desequilibrio en el uno contra uno por cambio de ritmo y riqueza t\u00e9cnica.<\/p>\n<\/div>\n<div class=\"custom-text \">\n<h2>LOS TIEMPOS ESTABLECIDOS PARA PODER INCORPORAR<\/h2>\n<\/div>\n<div class=\"custom-text \" readability=\"37\">\n<p>En esta coyuntura, los directivos tendr\u00e1n un plazo de cinco d\u00edas h\u00e1biles para presentar la solicitud formal por una plaza de incorporaci\u00f3n, \u00fanicamente del mercado local. Y a partir de ese entonces, habr\u00e1 10 d\u00edas de tiempo para concretar la llegada del eventual refuerzo.<\/p>\n<\/div>\n<div class=\"custom-text \" readability=\"36.042134831461\">\n<p><strong>Ausente Carbonero, por lo pronto su reemplazante ser\u00e1 <\/strong><a href=\"https:\/\/www.ole.com.ar\/tema\/gabriel-hauche.html\" title=\"Gabriel Hauche\" alt=\"Gabriel Hauche\" class=\"slug\"><strong>Gabriel Hauche<\/strong><\/a><strong>,<\/strong> quien entr\u00f3 por \u00e9l a los 16&#8242; del PT contra el Tatengue y meti\u00f3 dos asistencias. M\u00e1s all\u00e1 del Demonio, hoy por izquierda le quedar\u00eda como opci\u00f3n de extremo <a href=\"https:\/\/www.ole.com.ar\/tema\/edwin-cardona.html\" title=\"Edwin Cardona\" alt=\"Edwin Cardona\" class=\"slug\">Edwin Cardona<\/a> (viene abajo en la consideraci\u00f3n del DT) y el juvenil Rom\u00e1n Fern\u00e1ndez, con s\u00f3lo tres partidos en Primera.<\/p>\n<\/div>\n<div class=\"sc-996041c8-0 kvfKM\"><img alt=\"Hauche reemplaz\u00f3 a Carbonero contra Uni\u00f3n y fue la figura.\" src=\"http:\/\/hoycordobaweb.com\/wp-content\/uploads\/2023\/03\/racing-va-por-un-refuerzo-por-la-grave-lesion-de-carbonero-2.jpg\" width=\"720\" height=\"0\" decoding=\"async\" data-nimg=\"future\" loading=\"lazy\"><span>Hauche reemplaz\u00f3 a Carbonero contra Uni\u00f3n y fue la figura.<\/span><\/div>\n<div class=\"custom-text \" readability=\"37\">\n<p><strong>En su momento, Pintita ha intentado por ese sector con Jonatan G\u00f3mez y Nicol\u00e1s Oroz<\/strong>, pero no rindieron. Mat\u00edas Rojas tambi\u00e9n podr\u00eda ir por all\u00ed, pero est\u00e1 en un gran momento como extremo por la derecha y ser\u00eda un desperdicio correrlo de ah\u00ed. <\/p>\n<\/div>\n<div class=\"custom-text \" readability=\"36\">\n<p><strong>Producto de la grave lesi\u00f3n, Carbonero qued\u00f3 afuera de la selecci\u00f3n Mayor de Colombia a la que acababa de ser citado <\/strong>por el argentino N\u00e9stor Lorenzo para una gira por Asia con amistosos frente a Corea del Sur y Jap\u00f3n. Johan ya hab\u00eda integrado la Sub 20 (Torneo Sudamericano y Copa del Mundo de Polonia en 2020) y a Sub 23 (Preol\u00edmpico de ese a\u00f1o).<\/p>\n<\/div>\n<div class=\"sc-996041c8-0 kvfKM\"><img alt=\"Gago hoy no tiene otro jugador de las caracter\u00edsticas de Carbonero.\" src=\"http:\/\/hoycordobaweb.com\/wp-content\/uploads\/2023\/03\/racing-va-por-un-refuerzo-por-la-grave-lesion-de-carbonero-3.jpg\" width=\"720\" height=\"0\" decoding=\"async\" data-nimg=\"future\" loading=\"lazy\"><span>Gago hoy no tiene otro jugador de las caracter\u00edsticas de Carbonero.<\/span><\/div>\n<p><h2>EL MOMENTO DE LA LESI\u00d3N DEL EXTREMO <\/h2>\n<\/p>\n<div class=\"custom-text \" readability=\"36.406417112299\">\n<p><strong>Carbonero se lesion\u00f3 a los 5 minutos del partido contra <\/strong><a href=\"https:\/\/www.ole.com.ar\/tema\/union.html\" title=\"Uni\u00f3n\" alt=\"Uni\u00f3n\" class=\"slug\"><strong>Uni\u00f3n<\/strong><\/a>. Cuando fue a disputar una pelota, pis\u00f3 mal y la rodilla izquierda se le dobl\u00f3. Luego de ser atendido por el cuerpo m\u00e9dico, continu\u00f3 en cancha. Hasta que a los 15 minutos debi\u00f3 retirarse por sus dolencias. El s\u00e1bado el club dio a conocer los resultados de los estudios m\u00e9dicos y todo Racing se sacudi\u00f3.<\/p>\n<\/div>\n<\/div>\n","protected":false},"excerpt":{"rendered":"<p>19\/03\/2023 13:26hs. Mientras a\u00fan intenta asimilar el duro golpe por la grave lesi\u00f3n de Johan Carbonero, Racing tom\u00f3 una decisi\u00f3n: har\u00e1 el intento por incorporar un reemplazante, seg\u00fan lo permite el reglamento para este tipo de contratiempos. Desde el club le confirmaron a Ol\u00e9 que pedir\u00e1n en la AFA la apertura de un cupo de [&hellip;]<\/p>\n","protected":false},"author":1,"featured_media":57141,"comment_status":"open","ping_status":"closed","sticky":false,"template":"","format":"standard","meta":[],"categories":[16],"tags":[],"_links":{"self":[{"href":"http:\/\/hoycordobaweb.com\/index.php\/wp-json\/wp\/v2\/posts\/57140"}],"collection":[{"href":"http:\/\/hoycordobaweb.com\/index.php\/wp-json\/wp\/v2\/posts"}],"about":[{"href":"http:\/\/hoycordobaweb.com\/index.php\/wp-json\/wp\/v2\/types\/post"}],"author":[{"embeddable":true,"href":"http:\/\/hoycordobaweb.com\/index.php\/wp-json\/wp\/v2\/users\/1"}],"replies":[{"embeddable":true,"href":"http:\/\/hoycordobaweb.com\/index.php\/wp-json\/wp\/v2\/comments?post=57140"}],"version-history":[{"count":0,"href":"http:\/\/hoycordobaweb.com\/index.php\/wp-json\/wp\/v2\/posts\/57140\/revisions"}],"wp:featuredmedia":[{"embeddable":true,"href":"http:\/\/hoycordobaweb.com\/index.php\/wp-json\/wp\/v2\/media\/57141"}],"wp:attachment":[{"href":"http:\/\/hoycordobaweb.com\/index.php\/wp-json\/wp\/v2\/media?parent=57140"}],"wp:term":[{"taxonomy":"category","embeddable":true,"href":"http:\/\/hoycordobaweb.com\/index.php\/wp-json\/wp\/v2\/categories?post=57140"},{"taxonomy":"post_tag","embeddable":true,"href":"http:\/\/hoycordobaweb.com\/index.php\/wp-json\/wp\/v2\/tags?post=57140"}],"curies":[{"name":"wp","href":"https:\/\/api.w.org\/{rel}","templated":true}]}}