{"id":57095,"date":"2023-03-18T12:56:19","date_gmt":"2023-03-18T12:56:19","guid":{"rendered":"https:\/\/www.mujerhoy.com\/moda\/no-te-pierdas\/tops-blusas-bonitos-favorecedores-primavera-mango-20230318135613-nt.html"},"modified":"2023-03-18T12:56:19","modified_gmt":"2023-03-18T12:56:19","slug":"no-te-podras-resistir-a-los-nuevos-tops-de-mango-mas-favorecedores-para-la-primavera","status":"publish","type":"post","link":"http:\/\/hoycordobaweb.com\/index.php\/2023\/03\/18\/no-te-podras-resistir-a-los-nuevos-tops-de-mango-mas-favorecedores-para-la-primavera\/","title":{"rendered":"No te podr\u00e1s resistir a los nuevos tops de Mango m\u00e1s favorecedores para la primavera"},"content":{"rendered":"<p><!-- AUTHOR --><\/p>\n<div class=\"voc-author-timesocial \"><!-- AUTHOR --><\/p>\n<div class=\"voc-author-timesocial__signature\"><!-- IMAGE AUTHOR --><picture class=\"voc-image-signature\"><img class=\"voc-image-signature__img\" src=\"http:\/\/hoycordobaweb.com\/wp-content\/uploads\/2023\/03\/no-te-podras-resistir-a-los-nuevos-tops-de-mango-mas-favorecedores-para-la-primavera.jpg\" alt=\"Elena Olivero\"><\/picture><!-- INFO AUTHOR --><\/div>\n<\/div>\n<p><!-- COMPONENTS --><\/p>\n<p class=\"voc-paragraph\">Tanto si esta primavera te has decidido a llevar una <a data-voc-vtm-id=\"in-text-traffic\" href=\"https:\/\/www.mujerhoy.com\/moda\/no-te-pierdas\/falda-larga-volantes-violeta-primavera-mango-nueva-coleccion-20230219123323-nt.html\">falda<\/a> que realce la feminidad de tu apariencia, como si sigues apostando por la comodidad y lo f\u00e1cil de llevar de unos <a data-voc-vtm-id=\"in-text-traffic\" href=\"https:\/\/www.mujerhoy.com\/moda\/no-te-pierdas\/vaqueros-basicos-favorecedores-todo-tipo-cuerpos-zara-20230219085957-nt.html\">vaqueros<\/a> o <a data-voc-vtm-id=\"in-text-traffic\" href=\"https:\/\/www.mujerhoy.com\/moda\/no-te-pierdas\/pantalones-blancos-basicos-combinables-elegantes-rejuvencen-mango-lefties-corte-ingles-20230227120652-ga.html\">pantalones blancos<\/a> o negros, vas a necesitar <strong>partes de arriba<\/strong> con las que conjuntarlos. No importa lo b\u00e1sica que vayas por abajo, pero tiene que haber un equilibrio en el look para ir bien vestida, adem\u00e1s de los tops siempre son bienvenidos para solucionar la vestimenta diaria sin tener que quebrarnos la cabeza.\n<\/p>\n<p class=\"voc-paragraph\">Por eso, para tus pr\u00f3ximas compras, apuesta por partes de arriba que sean super favorecedoras, originales y den ese toque especial que necesita tu outfit para derrochar estilo sin esfuerzo. Modelos con colores vivos y prints ser\u00e1n ese salvavidas capaz de resucitar el modelito. Adem\u00e1s, mientras m\u00e1s especial sea el dise\u00f1o, m\u00e1s podr\u00e1s modernizar y rejuvenecer tu aspecto. Quien no arriesga no gana y lo confirman estas <strong>bonitas y elegantes camisas, blusas y tops<\/strong> que acaban de llegar a <strong>Mango<\/strong>.\n<\/p>\n<div class=\"voc-detail-photo-zoom\"><picture data-toggle=\"modal\" data-target=\"#photoZoomModal-152\" target=\"modal\">\n<div class=\"voc-img-icon-link\"><img loading=\"lazy\" data-original=\"\/\/static.mujerhoy.com\/www\/multimedia\/202302\/28\/media\/cortadas\/top-mango-1-rayas-kESH--460x637@MujerHoy.jpg\" class=\"lazy\" alt=\"Blusa de rayas multicolor\"><noscript><img src=\"http:\/\/hoycordobaweb.com\/wp-content\/uploads\/2023\/03\/no-te-podras-resistir-a-los-nuevos-tops-de-mango-mas-favorecedores-para-la-primavera-1.jpg\" alt=\"Blusa de rayas multicolor\"><\/noscript><i class=\"voc-icons zoom voc-multimedia-box voc-ico-l\"><\/i><\/div><figcaption class=\"figure-caption\">Blusa de rayas multicolor<\/figcaption><\/picture><\/div>\n<div id=\"photoZoomModal-152\" class=\"voc-lightbox modal fade voc-lightbox--photo-zoom\" role=\"dialog\" data-voc-photozoom-lightbox>\n<div class=\"voc-lightbox__dialog\" role=\"document\">\n<div class=\"voc-lightbox__content\"><!-- Modal header --><!-- Modal content --><\/p>\n<div class=\"voc-lightbox__photo-container\"><picture class><img loading=\"lazy\" data-original=\"\/\/static.mujerhoy.com\/www\/multimedia\/202302\/28\/media\/cortadas\/top-mango-1-rayas-kESH--460x637@MujerHoy.jpg\" alt=\"Blusa de rayas multicolor\" class=\"lazy\"><noscript><img src=\"http:\/\/hoycordobaweb.com\/wp-content\/uploads\/2023\/03\/no-te-podras-resistir-a-los-nuevos-tops-de-mango-mas-favorecedores-para-la-primavera-1.jpg\" alt=\"Blusa de rayas multicolor\"><\/noscript><\/picture><\/div>\n<\/div>\n<\/div>\n<\/div>\n<p class=\"voc-paragraph\">La ropa de primavera tiene que ser colorida y a la perfecci\u00f3n lo representa esta <strong>blusa con estampado a rayas<\/strong> en verde, morado y naranja. Tiene corte relajado. Las mangas son largas y abullonadas. Cuenta con cuello redondo tipo mao. Y, el cierre es delantero mediante botones. La encontrar\u00e1s por 29,99 euros, de la XS a la XL.\n<\/p>\n<div class=\"voc-detail-photo-zoom\"><picture data-toggle=\"modal\" data-target=\"#photoZoomModal-696\" target=\"modal\">\n<div class=\"voc-img-icon-link\"><img loading=\"lazy\" data-original=\"\/\/static2.mujerhoy.com\/www\/multimedia\/202302\/28\/media\/cortadas\/top-mango-2-flores-kESH--460x637@MujerHoy.jpg\" class=\"lazy\" alt=\"Camisa con floral print\"><noscript><img src=\"http:\/\/hoycordobaweb.com\/wp-content\/uploads\/2023\/03\/no-te-podras-resistir-a-los-nuevos-tops-de-mango-mas-favorecedores-para-la-primavera-2.jpg\" alt=\"Camisa con floral print\"><\/noscript><i class=\"voc-icons zoom voc-multimedia-box voc-ico-l\"><\/i><\/div><figcaption class=\"figure-caption\">Camisa con floral print<\/figcaption><\/picture><\/div>\n<div id=\"photoZoomModal-696\" class=\"voc-lightbox modal fade voc-lightbox--photo-zoom\" role=\"dialog\" data-voc-photozoom-lightbox>\n<div class=\"voc-lightbox__dialog\" role=\"document\">\n<div class=\"voc-lightbox__content\"><!-- Modal header --><!-- Modal content --><\/p>\n<div class=\"voc-lightbox__photo-container\"><picture class><img loading=\"lazy\" data-original=\"\/\/static2.mujerhoy.com\/www\/multimedia\/202302\/28\/media\/cortadas\/top-mango-2-flores-kESH--460x637@MujerHoy.jpg\" alt=\"Camisa con floral print\" class=\"lazy\"><noscript><img src=\"http:\/\/hoycordobaweb.com\/wp-content\/uploads\/2023\/03\/no-te-podras-resistir-a-los-nuevos-tops-de-mango-mas-favorecedores-para-la-primavera-2.jpg\" alt=\"Camisa con floral print\"><\/noscript><\/picture><\/div>\n<\/div>\n<\/div>\n<\/div>\n<p class=\"voc-paragraph\">Otra de las prendas must have del armario primaveral es esta preciosa <strong>camisa en tejido fluido con maxi floral print multicolor<\/strong>, sobre fondo crudo. Las mangas son largas, terminadas en pu\u00f1o. El cuello es de tipo solapa. Incorpora cierre frontal de botones. Y, el dise\u00f1o es relaxed-fit. Podr\u00e1s comprarla por 27,99 euros, entre la XS y la XL.\n<\/p>\n<div class=\"voc-detail-photo-zoom\"><picture data-toggle=\"modal\" data-target=\"#photoZoomModal-764\" target=\"modal\">\n<div class=\"voc-img-icon-link\"><img loading=\"lazy\" data-original=\"\/\/static1.mujerhoy.com\/www\/multimedia\/202302\/28\/media\/cortadas\/top-mango-3-lunares-kESH--460x637@MujerHoy.jpg\" class=\"lazy\" alt=\"Blusa de lunares con lazada\"><noscript><img src=\"http:\/\/hoycordobaweb.com\/wp-content\/uploads\/2023\/03\/no-te-podras-resistir-a-los-nuevos-tops-de-mango-mas-favorecedores-para-la-primavera-3.jpg\" alt=\"Blusa de lunares con lazada\"><\/noscript><i class=\"voc-icons zoom voc-multimedia-box voc-ico-l\"><\/i><\/div><figcaption class=\"figure-caption\">Blusa de lunares con lazada<\/figcaption><\/picture><\/div>\n<div id=\"photoZoomModal-764\" class=\"voc-lightbox modal fade voc-lightbox--photo-zoom\" role=\"dialog\" data-voc-photozoom-lightbox>\n<div class=\"voc-lightbox__dialog\" role=\"document\">\n<div class=\"voc-lightbox__content\"><!-- Modal header --><!-- Modal content --><\/p>\n<div class=\"voc-lightbox__photo-container\"><picture class><img loading=\"lazy\" data-original=\"\/\/static1.mujerhoy.com\/www\/multimedia\/202302\/28\/media\/cortadas\/top-mango-3-lunares-kESH--460x637@MujerHoy.jpg\" alt=\"Blusa de lunares con lazada\" class=\"lazy\"><noscript><img src=\"http:\/\/hoycordobaweb.com\/wp-content\/uploads\/2023\/03\/no-te-podras-resistir-a-los-nuevos-tops-de-mango-mas-favorecedores-para-la-primavera-3.jpg\" alt=\"Blusa de lunares con lazada\"><\/noscript><\/picture><\/div>\n<\/div>\n<\/div>\n<\/div>\n<p class=\"voc-paragraph\">Si quieres elevar la elegancia de tu outfit sin esfuerzo, necesitar\u00e1s esta <strong>blusa ligera con print de lunares<\/strong> grandes en blanco y negro. El cuello es de pico combinado con lazada. Tiene mangas largas abullonadas, acabadas en pu\u00f1o estrecho. Adem\u00e1s, el corte es fluido. Est\u00e1 disponible a 25,99 euros, en un amplio rango de tallas que va de la XXS a la 4XL.\n<\/p>\n<div class=\"voc-detail-photo-zoom\"><picture data-toggle=\"modal\" data-target=\"#photoZoomModal-188\" target=\"modal\">\n<div class=\"voc-img-icon-link\"><img loading=\"lazy\" data-original=\"\/\/static2.mujerhoy.com\/www\/multimedia\/202302\/28\/media\/cortadas\/top-mango-4-turquesa-kESH--460x637@MujerHoy.jpg\" class=\"lazy\" alt=\"Top corsetero turquesa\"><noscript><img src=\"http:\/\/hoycordobaweb.com\/wp-content\/uploads\/2023\/03\/no-te-podras-resistir-a-los-nuevos-tops-de-mango-mas-favorecedores-para-la-primavera-4.jpg\" alt=\"Top corsetero turquesa\"><\/noscript><i class=\"voc-icons zoom voc-multimedia-box voc-ico-l\"><\/i><\/div><figcaption class=\"figure-caption\">Top corsetero turquesa<\/figcaption><\/picture><\/div>\n<div id=\"photoZoomModal-188\" class=\"voc-lightbox modal fade voc-lightbox--photo-zoom\" role=\"dialog\" data-voc-photozoom-lightbox>\n<div class=\"voc-lightbox__dialog\" role=\"document\">\n<div class=\"voc-lightbox__content\"><!-- Modal header --><!-- Modal content --><\/p>\n<div class=\"voc-lightbox__photo-container\"><picture class><img loading=\"lazy\" data-original=\"\/\/static2.mujerhoy.com\/www\/multimedia\/202302\/28\/media\/cortadas\/top-mango-4-turquesa-kESH--460x637@MujerHoy.jpg\" alt=\"Top corsetero turquesa\" class=\"lazy\"><noscript><img src=\"http:\/\/hoycordobaweb.com\/wp-content\/uploads\/2023\/03\/no-te-podras-resistir-a-los-nuevos-tops-de-mango-mas-favorecedores-para-la-primavera-4.jpg\" alt=\"Top corsetero turquesa\"><\/noscript><\/picture><\/div>\n<\/div>\n<\/div>\n<\/div>\n<p class=\"voc-paragraph\">Apuesta por darle un toque original al look, en eventos o a diario, con este <strong>top tipo corsetero<\/strong> en color turquesa. Cuenta con escote palabra de honor que deja los hombros al descubierto. El cuerpo es entallado, con cremallera en la parte posterior. Y, tiene mangas cortas abullonadas. Hazte con \u00e9l por 45,99 euros, entre la XS y la XL.\n<\/p>\n<div class=\"voc-detail-photo-zoom\"><picture data-toggle=\"modal\" data-target=\"#photoZoomModal-497\" target=\"modal\">\n<div class=\"voc-img-icon-link\"><img loading=\"lazy\" data-original=\"\/\/static2.mujerhoy.com\/www\/multimedia\/202302\/28\/media\/cortadas\/top-mango-5-satinado-kESH--460x637@MujerHoy.jpg\" class=\"lazy\" alt=\"Camisa satinada amarilla\"><noscript><img src=\"http:\/\/hoycordobaweb.com\/wp-content\/uploads\/2023\/03\/no-te-podras-resistir-a-los-nuevos-tops-de-mango-mas-favorecedores-para-la-primavera-5.jpg\" alt=\"Camisa satinada amarilla\"><\/noscript><i class=\"voc-icons zoom voc-multimedia-box voc-ico-l\"><\/i><\/div><figcaption class=\"figure-caption\">Camisa satinada amarilla<\/figcaption><\/picture><\/div>\n<div id=\"photoZoomModal-497\" class=\"voc-lightbox modal fade voc-lightbox--photo-zoom\" role=\"dialog\" data-voc-photozoom-lightbox>\n<div class=\"voc-lightbox__dialog\" role=\"document\">\n<div class=\"voc-lightbox__content\"><!-- Modal header --><!-- Modal content --><\/p>\n<div class=\"voc-lightbox__photo-container\"><picture class><img loading=\"lazy\" data-original=\"\/\/static2.mujerhoy.com\/www\/multimedia\/202302\/28\/media\/cortadas\/top-mango-5-satinado-kESH--460x637@MujerHoy.jpg\" alt=\"Camisa satinada amarilla\" class=\"lazy\"><noscript><img src=\"http:\/\/hoycordobaweb.com\/wp-content\/uploads\/2023\/03\/no-te-podras-resistir-a-los-nuevos-tops-de-mango-mas-favorecedores-para-la-primavera-5.jpg\" alt=\"Camisa satinada amarilla\"><\/noscript><\/picture><\/div>\n<\/div>\n<\/div>\n<\/div>\n<p class=\"voc-paragraph\">Aumentar la distinci\u00f3n de tus vaqueros, pantalones o faldas ser\u00e1 sencill\u00edsimo siempre que lleves esta luminosa <strong>blusa en tejido satinado<\/strong>, tono amarillo claro. Tiene corte relajado y oversize. Las mangas son tipo tres cuartos. Adem\u00e1s, se adorna con detalle de lazada en el cuello. Puedes conseguirla a 29,99 euros, de la XS a la XL.\n<\/p>\n<div class=\"voc-detail-photo-zoom\"><picture data-toggle=\"modal\" data-target=\"#photoZoomModal-798\" target=\"modal\">\n<div class=\"voc-img-icon-link\"><img loading=\"lazy\" data-original=\"\/\/static1.mujerhoy.com\/www\/multimedia\/202302\/28\/media\/cortadas\/top-mango-6-geometrico-kESH--460x637@MujerHoy.jpg\" class=\"lazy\" alt=\"Blusa cruzada con print geom\u00e9trico\"><noscript><img src=\"http:\/\/hoycordobaweb.com\/wp-content\/uploads\/2023\/03\/no-te-podras-resistir-a-los-nuevos-tops-de-mango-mas-favorecedores-para-la-primavera-6.jpg\" alt=\"Blusa cruzada con print geom\u00e9trico\"><\/noscript><i class=\"voc-icons zoom voc-multimedia-box voc-ico-l\"><\/i><\/div><figcaption class=\"figure-caption\">Blusa cruzada con print geom\u00e9trico<\/figcaption><\/picture><\/div>\n<div id=\"photoZoomModal-798\" class=\"voc-lightbox modal fade voc-lightbox--photo-zoom\" role=\"dialog\" data-voc-photozoom-lightbox>\n<div class=\"voc-lightbox__dialog\" role=\"document\">\n<div class=\"voc-lightbox__content\"><!-- Modal header --><!-- Modal content --><\/p>\n<div class=\"voc-lightbox__photo-container\"><picture class><img loading=\"lazy\" data-original=\"\/\/static1.mujerhoy.com\/www\/multimedia\/202302\/28\/media\/cortadas\/top-mango-6-geometrico-kESH--460x637@MujerHoy.jpg\" alt=\"Blusa cruzada con print geom\u00e9trico\" class=\"lazy\"><noscript><img src=\"http:\/\/hoycordobaweb.com\/wp-content\/uploads\/2023\/03\/no-te-podras-resistir-a-los-nuevos-tops-de-mango-mas-favorecedores-para-la-primavera-6.jpg\" alt=\"Blusa cruzada con print geom\u00e9trico\"><\/noscript><\/picture><\/div>\n<\/div>\n<\/div>\n<\/div>\n<p class=\"voc-paragraph\">Ir\u00e1s super moderna y favorecida con esta camisa confeccionada en tejido de sat\u00e9n, con <strong>estampado geom\u00e9trico bicolor<\/strong>, en fucsia y rojo. Se trata de un dise\u00f1o fluido y cruzado. Las mangas son largas, terminadas en pu\u00f1o abotonado. Y, cuenta con escote de pico pronunciado. Su precio es de 29,99 euros, entre la XXS y la 4XL.\n<\/p>\n<div class=\"voc-detail-photo-zoom\"><picture data-toggle=\"modal\" data-target=\"#photoZoomModal-611\" target=\"modal\">\n<div class=\"voc-img-icon-link\"><img loading=\"lazy\" data-original=\"\/\/static2.mujerhoy.com\/www\/multimedia\/202302\/28\/media\/cortadas\/top-mango-7-asimetrico-kESH--460x637@MujerHoy.jpg\" class=\"lazy\" alt=\"Top estilo capa asim\u00e9trico\"><noscript><img src=\"http:\/\/hoycordobaweb.com\/wp-content\/uploads\/2023\/03\/no-te-podras-resistir-a-los-nuevos-tops-de-mango-mas-favorecedores-para-la-primavera-7.jpg\" alt=\"Top estilo capa asim\u00e9trico\"><\/noscript><i class=\"voc-icons zoom voc-multimedia-box voc-ico-l\"><\/i><\/div><figcaption class=\"figure-caption\">Top estilo capa asim\u00e9trico<\/figcaption><\/picture><\/div>\n<div id=\"photoZoomModal-611\" class=\"voc-lightbox modal fade voc-lightbox--photo-zoom\" role=\"dialog\" data-voc-photozoom-lightbox>\n<div class=\"voc-lightbox__dialog\" role=\"document\">\n<div class=\"voc-lightbox__content\"><!-- Modal header --><!-- Modal content --><\/p>\n<div class=\"voc-lightbox__photo-container\"><picture class><img loading=\"lazy\" data-original=\"\/\/static2.mujerhoy.com\/www\/multimedia\/202302\/28\/media\/cortadas\/top-mango-7-asimetrico-kESH--460x637@MujerHoy.jpg\" alt=\"Top estilo capa asim\u00e9trico\" class=\"lazy\"><noscript><img src=\"http:\/\/hoycordobaweb.com\/wp-content\/uploads\/2023\/03\/no-te-podras-resistir-a-los-nuevos-tops-de-mango-mas-favorecedores-para-la-primavera-7.jpg\" alt=\"Top estilo capa asim\u00e9trico\"><\/noscript><\/picture><\/div>\n<\/div>\n<\/div>\n<\/div>\n<p class=\"voc-paragraph\">Para terminar, las fashionistas que adoren innovar o aquellas que quieran ser las mejor vestidas en sus pr\u00f3ximos eventos, necesitar\u00e1n este <strong>top en tejido fluido<\/strong> de sat\u00e9n con print abstracto, en verde y naranja. Tiene cuello redondo. Es un dise\u00f1o asim\u00e9trico con una manga tipo sisa y otra larga tipo capa. Te costar\u00e1 45,95 euros, de la XS a la XL.\n<\/p>\n<p><!-- TOPICS --><\/p>\n","protected":false},"excerpt":{"rendered":"<p>Tanto si esta primavera te has decidido a llevar una falda que realce la feminidad de tu apariencia, como si sigues apostando por la comodidad y lo f\u00e1cil de llevar de unos vaqueros o pantalones blancos o negros, vas a necesitar partes de arriba con las que conjuntarlos. No importa lo b\u00e1sica que vayas por [&hellip;]<\/p>\n","protected":false},"author":1,"featured_media":57096,"comment_status":"closed","ping_status":"closed","sticky":false,"template":"","format":"standard","meta":[],"categories":[1],"tags":[],"_links":{"self":[{"href":"http:\/\/hoycordobaweb.com\/index.php\/wp-json\/wp\/v2\/posts\/57095"}],"collection":[{"href":"http:\/\/hoycordobaweb.com\/index.php\/wp-json\/wp\/v2\/posts"}],"about":[{"href":"http:\/\/hoycordobaweb.com\/index.php\/wp-json\/wp\/v2\/types\/post"}],"author":[{"embeddable":true,"href":"http:\/\/hoycordobaweb.com\/index.php\/wp-json\/wp\/v2\/users\/1"}],"replies":[{"embeddable":true,"href":"http:\/\/hoycordobaweb.com\/index.php\/wp-json\/wp\/v2\/comments?post=57095"}],"version-history":[{"count":0,"href":"http:\/\/hoycordobaweb.com\/index.php\/wp-json\/wp\/v2\/posts\/57095\/revisions"}],"wp:featuredmedia":[{"embeddable":true,"href":"http:\/\/hoycordobaweb.com\/index.php\/wp-json\/wp\/v2\/media\/57096"}],"wp:attachment":[{"href":"http:\/\/hoycordobaweb.com\/index.php\/wp-json\/wp\/v2\/media?parent=57095"}],"wp:term":[{"taxonomy":"category","embeddable":true,"href":"http:\/\/hoycordobaweb.com\/index.php\/wp-json\/wp\/v2\/categories?post=57095"},{"taxonomy":"post_tag","embeddable":true,"href":"http:\/\/hoycordobaweb.com\/index.php\/wp-json\/wp\/v2\/tags?post=57095"}],"curies":[{"name":"wp","href":"https:\/\/api.w.org\/{rel}","templated":true}]}}