{"id":57085,"date":"2023-03-18T15:58:50","date_gmt":"2023-03-18T15:58:50","guid":{"rendered":"https:\/\/www.ole.com.ar\/futbol-internacional\/croacia-zlatko-dalic-sigue-como-entrenador_0_xiRUQS9MSZ.html"},"modified":"2023-03-18T15:58:50","modified_gmt":"2023-03-18T15:58:50","slug":"croacia-quiere-seguir-haciendo-historia-de-la-mano-de-dalic","status":"publish","type":"post","link":"http:\/\/hoycordobaweb.com\/index.php\/2023\/03\/18\/croacia-quiere-seguir-haciendo-historia-de-la-mano-de-dalic\/","title":{"rendered":"Croacia quiere seguir haciendo historia de la mano de Dalic"},"content":{"rendered":"<p><img src=\"http:\/\/hoycordobaweb.com\/wp-content\/uploads\/2023\/03\/croacia-quiere-seguir-haciendo-historia-de-la-mano-de-dalic.jpg\"><\/p>\n<p><time class=\"createDate\" datetime=\"2023-03-18T12:58:50-03:00\">18\/03\/2023 12:58hs.<\/time><time class=\"modificatedDate\" datetime=\"2023\/03\/18T12:58:50-03:00\"><\/time><\/p>\n<div id=\"storyBody\">\n<div class=\"custom-text \" readability=\"35.145762711864\">\n<p><a href=\"https:\/\/www.ole.com.ar\/tema\/seleccion-de-croacia.html\" title=\"selecci\u00f3n de croacia\" alt=\"selecci\u00f3n de croacia\" class=\"slug\"><strong>Croacia<\/strong><\/a> quiere seguir estirando la p\u00e1gina m\u00e1s dorada de su historia. <strong>La Federaci\u00f3n del pa\u00eds europeo confirm\u00f3 que el entrenador Zlatko Dalic renov\u00f3 contrato y continuar\u00e1 al frente del seleccionado hasta la Copa del Mundo 2026<\/strong>, que se llevar\u00e1 adelante en Estados Unidos, M\u00e9xico y Canad\u00e1.<\/p>\n<\/div>\n<div class=\"sc-996041c8-0 kvfKM\"><img alt=\"Dalic sigue en Croacia.\" src=\"http:\/\/hoycordobaweb.com\/wp-content\/uploads\/2023\/03\/croacia-quiere-seguir-haciendo-historia-de-la-mano-de-dalic-2.jpg\" width=\"720\" height=\"0\" decoding=\"async\" data-nimg=\"future\" loading=\"lazy\"><span>Dalic sigue en Croacia.<\/span><\/div>\n<div class=\"custom-text \" readability=\"37\">\n<p>El director t\u00e9cnico asumi\u00f3 el 7 de octubre de 2017 casi de emergencia. La directiva despidi\u00f3 a Ante Cacic despu\u00e9s de empatar con Finlandia como local 1 a 1 el 6\/10, y el 9\/10 se jugaba todo contra Ucrania para seguir con chances de clasificar al Mundial. Dalic avis\u00f3 que s\u00f3lo seguir\u00eda en el puesto si lograba el pasaje a la Copa, y lo logr\u00f3: 2-0 a los ucranianos en Kiev y luego super\u00f3 4 a 1 a Grecia en el global en los playoffs.<\/p>\n<\/div>\n<div class=\"sc-489cef11-0 jHGTKj\" readability=\"6.5\">\n<section readability=\"3\"><picture><img class=\"img\" src=\"http:\/\/hoycordobaweb.com\/wp-content\/uploads\/2023\/03\/croacia-quiere-seguir-haciendo-historia-de-la-mano-de-dalic-3.jpg\" alt=\"Cristiano: de vinculado a un error del ej\u00e9rcito colombiano a ir obligado a un evento deportivo\" height=\"290\" width=\"290\" loading=\"lazy\"><\/picture>\n<p><span>Mir\u00e1 tambi\u00e9n<\/span><\/p>\n<hr>\n<h3>Cristiano: de vinculado a un error del ej\u00e9rcito colombiano a ir obligado a un evento deportivo<\/h3>\n<\/p>\n<\/section>\n<\/div>\n<div class=\"custom-text \" readability=\"38\">\n<p><strong>Su paso por el Mundial 2018 fue recordado (y sufrido por los argentinos).<\/strong> Con Luka Modric e Ivan Rakitic como estandartes, se pasearon por la fase de grupos venciendo 2 a 0 a Nigeria, 3 a 0 a la Selecci\u00f3n Argentina de Jorge Sampaoli y 2 a 1 a Islandia para pasar de ronda con puntaje ideal. Desde octavos comenzar\u00edan a sufrir: penales con Dinamarca, penales con Rusia y victoria 2 a 1 ante Inglaterra en tiempo suplementario.<\/p>\n<\/div>\n<div class=\"sc-996041c8-0 kvfKM\"><img alt=\"Croacia venci\u00f3 a Argentina en 2018.\" src=\"http:\/\/hoycordobaweb.com\/wp-content\/uploads\/2023\/03\/croacia-quiere-seguir-haciendo-historia-de-la-mano-de-dalic-4.jpg\" width=\"720\" height=\"0\" decoding=\"async\" data-nimg=\"future\" loading=\"lazy\"><span>Croacia venci\u00f3 a Argentina en 2018.<\/span><\/div>\n<div class=\"custom-text \" readability=\"36\">\n<p>Sin embargo, en la final no podr\u00edan hacer pie, <strong>fueron superados por la Francia de Didier Deschamps por 4 a 2 y se volvieron con la medalla de plata y un resultado hist\u00f3rico que celebr\u00f3 todo el pa\u00eds. <\/strong><\/p>\n<\/div>\n<div class=\"sc-489cef11-0 jHGTKj\" readability=\"6\">\n<section readability=\"2\"><picture><img class=\"img\" src=\"http:\/\/hoycordobaweb.com\/wp-content\/uploads\/2023\/03\/croacia-quiere-seguir-haciendo-historia-de-la-mano-de-dalic-5.jpg\" alt=\"M\u00e1s de 50 millones: lo que gasta el Manchester United por un futbolista que no juega\" height=\"290\" width=\"290\" loading=\"lazy\"><\/picture>\n<p><span>Mir\u00e1 tambi\u00e9n<\/span><\/p>\n<hr>\n<h3>M\u00e1s de 50 millones: lo que gasta el Manchester United por un futbolista que no juega<\/h3>\n<\/p>\n<\/section>\n<\/div>\n<div class=\"custom-text \" readability=\"39\">\n<p>Ya en su segunda campa\u00f1a, estuvo al borde del descenso en la Liga de Naciones 2020\/21 y lleg\u00f3 hasta los octavos de final de la Eurocopa (cay\u00f3 5 a 3 con Espa\u00f1a). En cuanto a las Eliminatorias Europeas, logr\u00f3 clasificarse directamente al Mundial de Qatar 2022, donde lleg\u00f3 lejos, pero sufri\u00f3 m\u00e1s de la cuenta.<\/p>\n<\/div>\n<div class=\"custom-text \" readability=\"39.957627118644\">\n<p>0 a 0 con Marruecos, 4 a 1 a Canad\u00e1 y otro empate sin goles contra B\u00e9lgica le valieron para pasar como segundo de grupo. <strong>Elimin\u00f3 desde los doce pasos a Jap\u00f3n y Brasil, pero tropez\u00f3 contra la Selecci\u00f3n de Lionel Scaloni<\/strong>, con un <a href=\"https:\/\/www.ole.com.ar\/tema\/lionel-messi.html\" title=\"Lionel Messi\" alt=\"Lionel Messi\" class=\"slug\">Lionel Messi<\/a> intratable y una perlita de Juli\u00e1n \u00c1lvarez, llevando la pelota desde mitad de cancha: 3 a 0. <strong>Finalmente, con el 2-1 en el partido del tercer puesto ante los marroqu\u00edes, se meti\u00f3 en el podio por segundo Mundial consecutivo.<\/strong><\/p>\n<\/div>\n<div class=\"sc-996041c8-0 kvfKM\"><img alt=\"Croacia logr\u00f3 el tercer puesto en Qatar 2022.\" src=\"http:\/\/hoycordobaweb.com\/wp-content\/uploads\/2023\/03\/croacia-quiere-seguir-haciendo-historia-de-la-mano-de-dalic-6.jpg\" width=\"720\" height=\"0\" decoding=\"async\" data-nimg=\"future\" loading=\"lazy\"><span>Croacia logr\u00f3 el tercer puesto en Qatar 2022.<\/span><\/div>\n<div class=\"custom-text \" readability=\"38\">\n<p>Ahora, <strong>los principales desaf\u00edos de Dalic en este 2023 ser\u00e1n la clasificaci\u00f3n a la pr\u00f3xima Eurocopa<\/strong> (reciben a Gales el 25\/3 y visitan a Turqu\u00eda el 28\/3) <strong>y la fase final de la Liga de Naciones:<\/strong> se ver\u00e1 las caras con Pa\u00edses Bajos por semis el 14 de junio y, en una hipot\u00e9tica definici\u00f3n, esperan Italia y Espa\u00f1a. <\/p>\n<\/div>\n<div class=\"sc-489cef11-0 jHGTKj\" readability=\"7\">\n<section readability=\"4\"><picture><img class=\"img\" src=\"http:\/\/hoycordobaweb.com\/wp-content\/uploads\/2023\/03\/croacia-quiere-seguir-haciendo-historia-de-la-mano-de-dalic-7.jpg\" alt=\"Xavi: &quot;Prefiero ganar 4-0 o 5-4, pero \u00bfqu\u00e9 pasa con el 1-0?, es fant\u00e1stico&quot;\" height=\"290\" width=\"290\" loading=\"lazy\"><\/picture>\n<p><span>Mir\u00e1 tambi\u00e9n<\/span><\/p>\n<hr>\n<h3>Xavi: \u00abPrefiero ganar 4-0 o 5-4, pero \u00bfqu\u00e9 pasa con el 1-0?, es fant\u00e1stico\u00bb<\/h3>\n<\/p>\n<\/section>\n<\/div>\n<\/div>\n","protected":false},"excerpt":{"rendered":"<p>18\/03\/2023 12:58hs. Croacia quiere seguir estirando la p\u00e1gina m\u00e1s dorada de su historia. La Federaci\u00f3n del pa\u00eds europeo confirm\u00f3 que el entrenador Zlatko Dalic renov\u00f3 contrato y continuar\u00e1 al frente del seleccionado hasta la Copa del Mundo 2026, que se llevar\u00e1 adelante en Estados Unidos, M\u00e9xico y Canad\u00e1. Dalic sigue en Croacia. El director t\u00e9cnico [&hellip;]<\/p>\n","protected":false},"author":1,"featured_media":57086,"comment_status":"open","ping_status":"closed","sticky":false,"template":"","format":"standard","meta":[],"categories":[16],"tags":[],"_links":{"self":[{"href":"http:\/\/hoycordobaweb.com\/index.php\/wp-json\/wp\/v2\/posts\/57085"}],"collection":[{"href":"http:\/\/hoycordobaweb.com\/index.php\/wp-json\/wp\/v2\/posts"}],"about":[{"href":"http:\/\/hoycordobaweb.com\/index.php\/wp-json\/wp\/v2\/types\/post"}],"author":[{"embeddable":true,"href":"http:\/\/hoycordobaweb.com\/index.php\/wp-json\/wp\/v2\/users\/1"}],"replies":[{"embeddable":true,"href":"http:\/\/hoycordobaweb.com\/index.php\/wp-json\/wp\/v2\/comments?post=57085"}],"version-history":[{"count":0,"href":"http:\/\/hoycordobaweb.com\/index.php\/wp-json\/wp\/v2\/posts\/57085\/revisions"}],"wp:featuredmedia":[{"embeddable":true,"href":"http:\/\/hoycordobaweb.com\/index.php\/wp-json\/wp\/v2\/media\/57086"}],"wp:attachment":[{"href":"http:\/\/hoycordobaweb.com\/index.php\/wp-json\/wp\/v2\/media?parent=57085"}],"wp:term":[{"taxonomy":"category","embeddable":true,"href":"http:\/\/hoycordobaweb.com\/index.php\/wp-json\/wp\/v2\/categories?post=57085"},{"taxonomy":"post_tag","embeddable":true,"href":"http:\/\/hoycordobaweb.com\/index.php\/wp-json\/wp\/v2\/tags?post=57085"}],"curies":[{"name":"wp","href":"https:\/\/api.w.org\/{rel}","templated":true}]}}