{"id":57075,"date":"2023-03-18T16:18:30","date_gmt":"2023-03-18T16:18:30","guid":{"rendered":"https:\/\/ladecimaweb.com\/?p=16241"},"modified":"2023-03-18T16:18:30","modified_gmt":"2023-03-18T16:18:30","slug":"el-lunes-comienza-la-vacunacion-antigripal-para-ninos-y-ninas-de-6-a-24-meses","status":"publish","type":"post","link":"http:\/\/hoycordobaweb.com\/index.php\/2023\/03\/18\/el-lunes-comienza-la-vacunacion-antigripal-para-ninos-y-ninas-de-6-a-24-meses\/","title":{"rendered":"El lunes comienza la vacunaci\u00f3n antigripal para ni\u00f1os y ni\u00f1as de 6 a 24 meses"},"content":{"rendered":"<div class=\"boldgrid-section\">\n<div class=\"container\">\n<div class=\"row\">\n<div class=\"col-md-12 col-xs-12 col-sm-12\">\n<p class=\"\">(Web de gobierno) El Ministerio de Salud informa que, con la llegada de las<span>&nbsp;<\/span><strong>dosis pedi\u00e1tricas<\/strong>, a partir del lunes comenzar\u00e1 progresivamente en todos los centros la<span>&nbsp;<\/span><strong>vacunaci\u00f3n<\/strong>&nbsp;<strong>antigripal pedi\u00e1trica para ni\u00f1os y ni\u00f1as de 6 a 24 meses de edad<\/strong>. &nbsp;Este grupo etario debe colocarse dos dosis de esta vacuna, si no se aplicaron antes, separadas entre s\u00ed por cuatro semanas.<\/p>\n<p>Cabe recordar que, desde el pasado lunes,<span>&nbsp;<\/span><a href=\"https:\/\/ministeriodesalud.cba.gov.ar\/comenzo-la-vacunacion-antigripal-en-personas-embarazadas-y-equipos-de-salud\/\">comenzaron a recibir sus dosis los equipos de salud y personas embarazadas<\/a>&nbsp;<strong>\u2013<\/strong>en cualquier trimestre de la gestaci\u00f3n- y&nbsp;<strong>pu\u00e9rperas<\/strong>(hasta 10 d\u00edas desde el egreso e la maternidad). &nbsp;Progresivamente, se continuar\u00e1 con la inmunizaci\u00f3n para cada uno de los grupos objetivo.<\/p>\n<p>Paula Barbero, referente de Inmunizaciones de la Provincia, explic\u00f3:&nbsp;\u201c<em>Lo mejor es que la poblaci\u00f3n destinataria cuente con la adecuada protecci\u00f3n antes de que inicie la circulaci\u00f3n del virus de la gripe. Esta vacuna permite disminuir las internaciones, complicaciones y la mortalidad ocasionada por la infecci\u00f3n del virus influenza en la poblaci\u00f3n de riesgo\u201d.<\/em><\/p>\n<p>En funci\u00f3n del arribo de nuevas partidas,<span>&nbsp;<\/span><strong>se informar\u00e1 cu\u00e1ndo podr\u00e1n recibir sus dosis a los grupos objetivo de personas de entre 2 y 64 a\u00f1os con factores de riesgo, personas de 65 a\u00f1os o m\u00e1s y personal estrat\u00e9gico.<\/strong><\/p>\n<p class=\"\">Las dosis est\u00e1n disponibles en<span>&nbsp;<\/span><strong>los m\u00e1s de 800<span>&nbsp;<\/span><\/strong><a href=\"https:\/\/ministeriodesalud.cba.gov.ar\/centros-de-vacunacion\/\"><strong>vacunatorios<\/strong><\/a><span>&nbsp;<\/span>de la provincia,donde tambi\u00e9n pueden completarse esquemas<strong>.<span>&nbsp;<\/span><\/strong>La vacuna<span>&nbsp;<\/span><strong>antigripal es gratuita para la poblaci\u00f3n objetivo<\/strong><span>&nbsp;<\/span>y se puede aplicar junto con cualquier otra vacuna, incluyendo las dosis para Covid-19.<\/p>\n<p><strong>Vacuna bivalente contra Covid-19 para mayores de seis a\u00f1os<\/strong><\/p>\n<p>Desde Inmunizaciones, informaron, adem\u00e1s, que yase encuentra habilitada la vacunaci\u00f3ncontra Covid-19con<strong><span>&nbsp;<\/span>dosis bivalentes<span>&nbsp;<\/span><\/strong>para personas a partir de<strong><span>&nbsp;<\/span>los seis a\u00f1os<\/strong><span>&nbsp;<\/span>(hasta el momento era solo para mayores de 12 a\u00f1os).<\/p>\n<p>Las vacunas bivalentes funcionan como refuerzos al esquema primario (primera y segunda dosis)<strong>,<\/strong><span>&nbsp;<\/span>y protegen tanto de las variantes originales de Covid-19 como de la nueva cepa Omicr\u00f3n y las variantes Ba.4 y Ba.5. Es importante destacar que&nbsp;<strong>todas las vacunas disponibles son seguras y eficaces<\/strong><span>&nbsp;<\/span>para la protecci\u00f3n contra el coronavirus.<\/p>\n<p>Cabe recordar que, para poder colocarse alguno de estos refuerzos, deben haber pasado cuatro meses, es decir, 120 d\u00edas, desde la \u00faltima aplicaci\u00f3n de cualquiera de las dosis.<\/p>\n<p class=\"\">Es importante tener en cuenta que la&nbsp;<strong>aplicaci\u00f3n es gratuita,&nbsp;<\/strong>sin inscripci\u00f3n ni turno previo&nbsp;y no es necesario contar con orden m\u00e9dica. En lo posible, se deber\u00e1&nbsp;<strong>presentar DNI y carn\u00e9 de vacunaci\u00f3n,&nbsp;<\/strong>si bien este \u00faltimo requisito no es excluyente.<\/p>\n<div class=\"ubm_banner\"><a href=\"https:\/\/www.cba.gov.ar\" target=\"_blank\" rel=\"dofollow noopener noreferrer\"><img src=\"http:\/\/hoycordobaweb.com\/wp-content\/uploads\/2023\/03\/el-lunes-comienza-la-vacunacion-antigripal-para-ninos-y-ninas-de-6-a-24-meses.gif\" alt=\"\"><\/a><\/div>\n<\/div>\n<\/div>\n<\/div>\n<\/div>\n<p>La entrada <a rel=\"nofollow\" href=\"https:\/\/ladecimaweb.com\/el-lunes-comienza-la-vacunacion-antigripal-para-ninos-y-ninas-de-6-a-24-meses\/\">El lunes comienza la vacunaci\u00f3n antigripal para ni\u00f1os y ni\u00f1as de 6 a 24 meses<\/a> se public\u00f3 primero en <a rel=\"nofollow\" href=\"https:\/\/ladecimaweb.com\">LaDecima<\/a>.<\/p>\n","protected":false},"excerpt":{"rendered":"<p>(Web de gobierno) El Ministerio de Salud informa que, con la llegada de las&nbsp;dosis pedi\u00e1tricas, a partir del lunes comenzar\u00e1 progresivamente en todos los centros la&nbsp;vacunaci\u00f3n&nbsp;antigripal pedi\u00e1trica para ni\u00f1os y ni\u00f1as de 6 a 24 meses de edad. &nbsp;Este grupo etario debe colocarse dos dosis de esta vacuna, si no se aplicaron antes, separadas entre [&hellip;]<\/p>\n","protected":false},"author":1,"featured_media":57076,"comment_status":"closed","ping_status":"closed","sticky":false,"template":"","format":"standard","meta":[],"categories":[19],"tags":[],"_links":{"self":[{"href":"http:\/\/hoycordobaweb.com\/index.php\/wp-json\/wp\/v2\/posts\/57075"}],"collection":[{"href":"http:\/\/hoycordobaweb.com\/index.php\/wp-json\/wp\/v2\/posts"}],"about":[{"href":"http:\/\/hoycordobaweb.com\/index.php\/wp-json\/wp\/v2\/types\/post"}],"author":[{"embeddable":true,"href":"http:\/\/hoycordobaweb.com\/index.php\/wp-json\/wp\/v2\/users\/1"}],"replies":[{"embeddable":true,"href":"http:\/\/hoycordobaweb.com\/index.php\/wp-json\/wp\/v2\/comments?post=57075"}],"version-history":[{"count":0,"href":"http:\/\/hoycordobaweb.com\/index.php\/wp-json\/wp\/v2\/posts\/57075\/revisions"}],"wp:featuredmedia":[{"embeddable":true,"href":"http:\/\/hoycordobaweb.com\/index.php\/wp-json\/wp\/v2\/media\/57076"}],"wp:attachment":[{"href":"http:\/\/hoycordobaweb.com\/index.php\/wp-json\/wp\/v2\/media?parent=57075"}],"wp:term":[{"taxonomy":"category","embeddable":true,"href":"http:\/\/hoycordobaweb.com\/index.php\/wp-json\/wp\/v2\/categories?post=57075"},{"taxonomy":"post_tag","embeddable":true,"href":"http:\/\/hoycordobaweb.com\/index.php\/wp-json\/wp\/v2\/tags?post=57075"}],"curies":[{"name":"wp","href":"https:\/\/api.w.org\/{rel}","templated":true}]}}