{"id":57067,"date":"2023-03-18T11:44:50","date_gmt":"2023-03-18T11:44:50","guid":{"rendered":"http:\/\/hoycordobaweb.com\/index.php\/2023\/03\/18\/el-presidente-catalan-inaugura-en-argentina-nueva-delegacion-de-la-generalitat-que-pasa\/"},"modified":"2023-03-18T11:44:50","modified_gmt":"2023-03-18T11:44:50","slug":"el-presidente-catalan-inaugura-en-argentina-nueva-delegacion-de-la-generalitat-que-pasa","status":"publish","type":"post","link":"http:\/\/hoycordobaweb.com\/index.php\/2023\/03\/18\/el-presidente-catalan-inaugura-en-argentina-nueva-delegacion-de-la-generalitat-que-pasa\/","title":{"rendered":"El presidente catal\u00e1n inaugura en <b>Argentina<\/b> nueva delegaci\u00f3n de la Generalitat &#8211; Qu\u00e9 Pasa"},"content":{"rendered":"<p>El presidente catal\u00e1n inaugura en Argentina nueva delegaci\u00f3n de la &#8230; Valdano: \u00abEl <b>f\u00fatbol argentino<\/b> hoy no existe, el <b>f\u00fatbol argentino<\/b> es Messi\u00bb. <\/p>\n","protected":false},"excerpt":{"rendered":"<p>El presidente catal\u00e1n inaugura en Argentina nueva delegaci\u00f3n de la &#8230; Valdano: \u00abEl f\u00fatbol argentino hoy no existe, el f\u00fatbol argentino es Messi\u00bb.<\/p>\n","protected":false},"author":1,"featured_media":0,"comment_status":"closed","ping_status":"closed","sticky":false,"template":"","format":"standard","meta":[],"categories":[22],"tags":[],"_links":{"self":[{"href":"http:\/\/hoycordobaweb.com\/index.php\/wp-json\/wp\/v2\/posts\/57067"}],"collection":[{"href":"http:\/\/hoycordobaweb.com\/index.php\/wp-json\/wp\/v2\/posts"}],"about":[{"href":"http:\/\/hoycordobaweb.com\/index.php\/wp-json\/wp\/v2\/types\/post"}],"author":[{"embeddable":true,"href":"http:\/\/hoycordobaweb.com\/index.php\/wp-json\/wp\/v2\/users\/1"}],"replies":[{"embeddable":true,"href":"http:\/\/hoycordobaweb.com\/index.php\/wp-json\/wp\/v2\/comments?post=57067"}],"version-history":[{"count":0,"href":"http:\/\/hoycordobaweb.com\/index.php\/wp-json\/wp\/v2\/posts\/57067\/revisions"}],"wp:attachment":[{"href":"http:\/\/hoycordobaweb.com\/index.php\/wp-json\/wp\/v2\/media?parent=57067"}],"wp:term":[{"taxonomy":"category","embeddable":true,"href":"http:\/\/hoycordobaweb.com\/index.php\/wp-json\/wp\/v2\/categories?post=57067"},{"taxonomy":"post_tag","embeddable":true,"href":"http:\/\/hoycordobaweb.com\/index.php\/wp-json\/wp\/v2\/tags?post=57067"}],"curies":[{"name":"wp","href":"https:\/\/api.w.org\/{rel}","templated":true}]}}