{"id":57059,"date":"2023-03-17T21:31:00","date_gmt":"2023-03-17T21:31:00","guid":{"rendered":"http:\/\/hoycordobaweb.com\/index.php\/2023\/03\/17\/el-papu-gomez-se-bajo-de-los-amistosos-ante-panama-y-curazao\/"},"modified":"2023-03-17T21:31:00","modified_gmt":"2023-03-17T21:31:00","slug":"el-papu-gomez-se-bajo-de-los-amistosos-ante-panama-y-curazao","status":"publish","type":"post","link":"http:\/\/hoycordobaweb.com\/index.php\/2023\/03\/17\/el-papu-gomez-se-bajo-de-los-amistosos-ante-panama-y-curazao\/","title":{"rendered":"El Papu G\u00f3mez se baj\u00f3 de los amistosos ante Panam\u00e1 y Curazao"},"content":{"rendered":"<p><img src=\"http:\/\/hoycordobaweb.com\/wp-content\/uploads\/2023\/03\/el-papu-gomez-se-bajo-de-los-amistosos-ante-panama-y-curazao.jpg\"><\/p>\n<figure class=\"mb-3\"><img loading=\"lazy\" data-src=\"http:\/\/hoycordobaweb.com\/wp-content\/uploads\/2023\/03\/el-papu-gomez-se-bajo-de-los-amistosos-ante-panama-y-curazao-2.jpg\" src=\"https:\/\/www.telam.com.ar\/assets\/img\/not_image.png\" class=\" lazy \" width=\"100%\" height=\"100%\" alt=\"Los abrazo a la distancia Disfruten de la Scaloneta y de ese grupo maravilloso Foto Fernando Gens\"><figcaption> \u00abLos abrazo a la distancia! Disfruten de la Scaloneta y de ese grupo maravilloso\u00bb.\/ Foto: Fernando Gens. <\/figcaption><\/figure>\n<p>El mediocampista campe\u00f3n del mundo Alejandro \u00abPapu\u00bb G\u00f3mez lament\u00f3 este viernes haber quedado excluido para los partidos <a href=\"https:\/\/www.telam.com.ar\/notas\/202303\/622809-rodrigo-de-paul-amistoso-panama-curazao-futbol-copa-del-mundo-qatar-2022-atletico-madrid-scaloni.html\" target=\"_blank\" rel=\"noopener noreferrer\">amistosos ante <\/a><strong><a href=\"https:\/\/www.telam.com.ar\/notas\/202303\/622809-rodrigo-de-paul-amistoso-panama-curazao-futbol-copa-del-mundo-qatar-2022-atletico-madrid-scaloni.html\" target=\"_blank\" rel=\"noopener noreferrer\">Panam\u00e1 y Curazao<\/a>, a jugarse el 23 y 28 de marzo la Argentina<\/strong>, para recuperarse de una lesi\u00f3n.<\/p>\n<p>\u00abLamentablemente, por mi lesi\u00f3n no voy a poder viajar a saludarlos y abrazarlos, es un dolor y una tristeza muy grande porque me hubiese encantado estar all\u00ed y sentir todo su amor y cari\u00f1o\u00bb, escribi\u00f3 G\u00f3mez en su cuenta oficial de Instagram.<\/p>\n<blockquote class=\"instagram-media\" data-instgrm-captioned data-instgrm-permalink=\"https:\/\/www.instagram.com\/p\/Cp5soKis4Ez\/?utm_source=ig_embed&amp;utm_campaign=loading\" data-instgrm-version=\"14\" readability=\"-0.175\"><\/blockquote>\n<p>El volante del club Sevilla, de Espa\u00f1a, agradeci\u00f3 los mensajes de los hinchas y agreg\u00f3: \u00abEstoy seguro que nos volveremos a ver! Ac\u00e1 seguir\u00e9 recuper\u00e1ndome para volver a jugar. Los abrazo a la distancia! Disfruten de la Scaloneta y de ese grupo maravilloso\u00bb.<\/p>\n<p>Alejandro G\u00f3mez <strong>se recupera de una lesi\u00f3n en el tobillo izquierdo que sufri\u00f3 durante el Mundial de Qatar 2022, en los octavos de final ante Australia<\/strong>, con victoria 2 a 1. <a href=\"https:\/\/www.telam.com.ar\/notas\/202302\/619717-futbol-sevilla-papu-gomez-operacion-tobillo-derecho.html\" target=\"_blank\" rel=\"noopener noreferrer\">A principios de febrero se someti\u00f3 a una cirug\u00eda<\/a> y desde ese momento se encuentra en recuperaci\u00f3n y haciendo ejercicios de rehabilitaci\u00f3n que comparte en sus redes sociales.<\/p>\n<p>De esta manera, el seleccionador Lionel Scaloni suma una baja m\u00e1s a su lista de convocados, luego de la <a href=\"https:\/\/www.telam.com.ar\/notas\/202303\/622314-seleccionado-garnacho-lesion-no-podria-llegar-panama.html\" target=\"_blank\" rel=\"noopener noreferrer\">lesi\u00f3n del juvenil Alejandro Garnacho<\/a>.<\/p>\n<blockquote class=\"instagram-media\" data-instgrm-captioned data-instgrm-permalink=\"https:\/\/www.instagram.com\/p\/Cofd-RtK3VE\/?utm_source=ig_embed&amp;utm_campaign=loading\" data-instgrm-version=\"14\" readability=\"-0.175\"><\/blockquote>\n","protected":false},"excerpt":{"rendered":"<p>\u00abLos abrazo a la distancia! Disfruten de la Scaloneta y de ese grupo maravilloso\u00bb.\/ Foto: Fernando Gens. El mediocampista campe\u00f3n del mundo Alejandro \u00abPapu\u00bb G\u00f3mez lament\u00f3 este viernes haber quedado excluido para los partidos amistosos ante Panam\u00e1 y Curazao, a jugarse el 23 y 28 de marzo la Argentina, para recuperarse de una lesi\u00f3n. \u00abLamentablemente, [&hellip;]<\/p>\n","protected":false},"author":1,"featured_media":57060,"comment_status":"open","ping_status":"closed","sticky":false,"template":"","format":"standard","meta":[],"categories":[16],"tags":[],"_links":{"self":[{"href":"http:\/\/hoycordobaweb.com\/index.php\/wp-json\/wp\/v2\/posts\/57059"}],"collection":[{"href":"http:\/\/hoycordobaweb.com\/index.php\/wp-json\/wp\/v2\/posts"}],"about":[{"href":"http:\/\/hoycordobaweb.com\/index.php\/wp-json\/wp\/v2\/types\/post"}],"author":[{"embeddable":true,"href":"http:\/\/hoycordobaweb.com\/index.php\/wp-json\/wp\/v2\/users\/1"}],"replies":[{"embeddable":true,"href":"http:\/\/hoycordobaweb.com\/index.php\/wp-json\/wp\/v2\/comments?post=57059"}],"version-history":[{"count":0,"href":"http:\/\/hoycordobaweb.com\/index.php\/wp-json\/wp\/v2\/posts\/57059\/revisions"}],"wp:featuredmedia":[{"embeddable":true,"href":"http:\/\/hoycordobaweb.com\/index.php\/wp-json\/wp\/v2\/media\/57060"}],"wp:attachment":[{"href":"http:\/\/hoycordobaweb.com\/index.php\/wp-json\/wp\/v2\/media?parent=57059"}],"wp:term":[{"taxonomy":"category","embeddable":true,"href":"http:\/\/hoycordobaweb.com\/index.php\/wp-json\/wp\/v2\/categories?post=57059"},{"taxonomy":"post_tag","embeddable":true,"href":"http:\/\/hoycordobaweb.com\/index.php\/wp-json\/wp\/v2\/tags?post=57059"}],"curies":[{"name":"wp","href":"https:\/\/api.w.org\/{rel}","templated":true}]}}