{"id":57053,"date":"2023-03-17T19:17:00","date_gmt":"2023-03-17T19:17:00","guid":{"rendered":"http:\/\/hoycordobaweb.com\/index.php\/2023\/03\/17\/va-a-ser-una-locura-dijo-de-paul-de-cara-a-los-amistosos-de-la-seleccion\/"},"modified":"2023-03-17T19:17:00","modified_gmt":"2023-03-17T19:17:00","slug":"va-a-ser-una-locura-dijo-de-paul-de-cara-a-los-amistosos-de-la-seleccion","status":"publish","type":"post","link":"http:\/\/hoycordobaweb.com\/index.php\/2023\/03\/17\/va-a-ser-una-locura-dijo-de-paul-de-cara-a-los-amistosos-de-la-seleccion\/","title":{"rendered":"\u00abVa a ser una locura\u00bb, dijo De Paul de cara a los amistosos de la Selecci\u00f3n"},"content":{"rendered":"<p><img src=\"http:\/\/hoycordobaweb.com\/wp-content\/uploads\/2023\/03\/va-a-ser-una-locura-dijo-de-paul-de-cara-a-los-amistosos-de-la-seleccion.jpg\"><\/p>\n<figure class=\"mb-3\"><img loading=\"lazy\" data-src=\"http:\/\/hoycordobaweb.com\/wp-content\/uploads\/2023\/03\/va-a-ser-una-locura-dijo-de-paul-de-cara-a-los-amistosos-de-la-seleccion-2.jpg\" src=\"https:\/\/www.telam.com.ar\/assets\/img\/not_image.png\" class=\" lazy \" width=\"100%\" height=\"100%\" alt=\"De Paul ya palpita los amistosos en la Argentina Foto TW rodridepaul\"><figcaption> De Paul ya palpita los amistosos en la Argentina \/ Foto: TW @rodridepaul <\/figcaption><\/figure>\n<p>Rodrigo De Paul asegur\u00f3 hoy que \u00abva a ser una locura\u00bb lo que se vivir\u00e1 en los partidos contra Panam\u00e1 y Curazao, el jueves pr\u00f3ximo en el Monumental y el martes 28 en el Madre de Ciudades de Santiago del Estero.<\/p>\n<p>\u00abVa a ser una locura, es much\u00edsima gente que se va a quedar afuera del partido y hace varios d\u00edas que se est\u00e1 viviendo bastante alocado todo, pero creo que lo est\u00e1n organizando bastante bien\u00bb, afirm\u00f3 De Paul en la conferencia de prensa brindada en Espa\u00f1a, antes del partido de Atl\u00e9tico de Madrid.<\/p>\n<p>Las 83.000 localidades para el partido en el Monumental se agotaron en apenas dos horas, a pesar de los altos valores, y casi un mill\u00f3n y medio de personas ingresaron al sitio para sacarlas.<\/p>\n<p>\u00abObviamente jugamos en un gran estadio como el Monumental que entran 83.000 personas, pero as\u00ed y todo va a haber mucha gente que se va a quedar afuera. Va a ser una locura y ojal\u00e1 la gente lo pueda disfrutar y nosotros tambi\u00e9n\u00bb, reiter\u00f3 con la alegr\u00eda caracter\u00edstica que distingue al exRacing.<\/p>\n<figure class=\"mb-3\"><img loading=\"lazy\" data-src=\"http:\/\/hoycordobaweb.com\/wp-content\/uploads\/2023\/03\/va-a-ser-una-locura-dijo-de-paul-de-cara-a-los-amistosos-de-la-seleccion-3.jpg\" src=\"https:\/\/www.telam.com.ar\/assets\/img\/not_image.png\" class=\" lazy \" width=\"100%\" height=\"100%\" alt=\"Argentina celebrar la obtencin de la Copa del Mundo ante su gente en el Monumental Foto Maximiliano Luna\"><figcaption> Argentina celebrar\u00e1 la obtenci\u00f3n de la Copa del Mundo ante su gente en el \u00abMonumental\u00bb \/ Foto: Maximiliano Luna <\/figcaption><\/figure>\n<p>\u00abCreo que Argentina tambi\u00e9n mostr\u00f3 un poco la pasi\u00f3n esa con la que afront\u00f3 toda esta Copa del Mundo y no es para menos\u00bb, destac\u00f3.<\/p>\n<p>De Paul fue clave en la obtenci\u00f3n del campeonato en Qatar, sobre todo cuando levant\u00f3 su nivel desde la tercera fecha frente a Polonia y repercuti\u00f3 positivamente en el equipo.<\/p>\n<p>El exfutbolista de Valencia de Espa\u00f1a y Udinese de Italia adelant\u00f3: \u00abSer\u00e1 un poco tambi\u00e9n una fiesta para nosotros, porque es el primer partido y es ir a mostrar la copa del mundo. Seguramente nos har\u00e1n alg\u00fan festejo, as\u00ed que con mucha ilusi\u00f3n de vivir todo eso\u00bb.<\/p>\n<p>Por otro lado, De Paul se anim\u00f3 a so\u00f1ar con llevarse a Lionel Messi, que termina su contrato a mitad de a\u00f1o con Par\u00eds Saint Germain, aunque lo tom\u00f3 en chiste: \u00abQue se venga para ac\u00e1. Le buscamos alg\u00fan departamentito por el centro de Madrid y Angelito (Correa) le va a dar la camiseta &#8217;10&#8242;\u00bb.<\/p>\n<figure class=\"mb-3\"><img loading=\"lazy\" data-src=\"http:\/\/hoycordobaweb.com\/wp-content\/uploads\/2023\/03\/va-a-ser-una-locura-dijo-de-paul-de-cara-a-los-amistosos-de-la-seleccion-4.jpg\" src=\"https:\/\/www.telam.com.ar\/assets\/img\/not_image.png\" class=\" lazy \" width=\"100%\" height=\"100%\" alt=\"De Paul brome con la chance de contar con Messi en el Atltico de Madrid \"><figcaption> De Paul brome\u00f3 con la chance de contar con Messi en el Atl\u00e9tico de Madrid <\/figcaption><\/figure>\n<p>\u00abEs magia lo que \u00e9l hace. Viv\u00eds todo el tiempo con la sorpresa de qu\u00e9 va a hacer y nunca termin\u00e1s de entenderlo, de leerlo&#8230; Es un extraterrestre. Es una animal\u00bb, analiz\u00f3 sobre su compa\u00f1ero y amigo.<\/p>\n<p>\u00abCuando te prepar\u00e1s porque sent\u00eds que la va a perder, porque est\u00e1 entre tres o cuatro (marcadores), sale de esas situaciones. Cuando pens\u00e1s que no te ve, te deja solo contra el arquero, cuando crees que est\u00e1 cansado tiene una marcha m\u00e1s que todos los dem\u00e1s\u00bb, indic\u00f3. <\/p>\n","protected":false},"excerpt":{"rendered":"<p>De Paul ya palpita los amistosos en la Argentina \/ Foto: TW @rodridepaul Rodrigo De Paul asegur\u00f3 hoy que \u00abva a ser una locura\u00bb lo que se vivir\u00e1 en los partidos contra Panam\u00e1 y Curazao, el jueves pr\u00f3ximo en el Monumental y el martes 28 en el Madre de Ciudades de Santiago del Estero. \u00abVa [&hellip;]<\/p>\n","protected":false},"author":1,"featured_media":57054,"comment_status":"open","ping_status":"closed","sticky":false,"template":"","format":"standard","meta":[],"categories":[19],"tags":[],"_links":{"self":[{"href":"http:\/\/hoycordobaweb.com\/index.php\/wp-json\/wp\/v2\/posts\/57053"}],"collection":[{"href":"http:\/\/hoycordobaweb.com\/index.php\/wp-json\/wp\/v2\/posts"}],"about":[{"href":"http:\/\/hoycordobaweb.com\/index.php\/wp-json\/wp\/v2\/types\/post"}],"author":[{"embeddable":true,"href":"http:\/\/hoycordobaweb.com\/index.php\/wp-json\/wp\/v2\/users\/1"}],"replies":[{"embeddable":true,"href":"http:\/\/hoycordobaweb.com\/index.php\/wp-json\/wp\/v2\/comments?post=57053"}],"version-history":[{"count":0,"href":"http:\/\/hoycordobaweb.com\/index.php\/wp-json\/wp\/v2\/posts\/57053\/revisions"}],"wp:featuredmedia":[{"embeddable":true,"href":"http:\/\/hoycordobaweb.com\/index.php\/wp-json\/wp\/v2\/media\/57054"}],"wp:attachment":[{"href":"http:\/\/hoycordobaweb.com\/index.php\/wp-json\/wp\/v2\/media?parent=57053"}],"wp:term":[{"taxonomy":"category","embeddable":true,"href":"http:\/\/hoycordobaweb.com\/index.php\/wp-json\/wp\/v2\/categories?post=57053"},{"taxonomy":"post_tag","embeddable":true,"href":"http:\/\/hoycordobaweb.com\/index.php\/wp-json\/wp\/v2\/tags?post=57053"}],"curies":[{"name":"wp","href":"https:\/\/api.w.org\/{rel}","templated":true}]}}