{"id":57041,"date":"2023-03-17T12:34:10","date_gmt":"2023-03-17T12:34:10","guid":{"rendered":"https:\/\/www.mujerhoy.com\/moda\/no-te-pierdas\/tamara-falco-falda-zara-look-invitada-barato-20230317113329-nt.html"},"modified":"2023-03-17T12:34:10","modified_gmt":"2023-03-17T12:34:10","slug":"tamara-falco-se-va-al-cumpleanos-de-su-hermano-con-una-falda-de-zara-y-el-mejor-look-de-invitada-del-ano","status":"publish","type":"post","link":"http:\/\/hoycordobaweb.com\/index.php\/2023\/03\/17\/tamara-falco-se-va-al-cumpleanos-de-su-hermano-con-una-falda-de-zara-y-el-mejor-look-de-invitada-del-ano\/","title":{"rendered":"Tamara Falc\u00f3 se va al cumplea\u00f1os de su hermano con una falda de Zara y el mejor look de invitada del a\u00f1o"},"content":{"rendered":"<p><!-- AUTHOR --><\/p>\n<div class=\"voc-author-timesocial \"><!-- AUTHOR --><\/p>\n<div class=\"voc-author-timesocial__signature\"><!-- IMAGE AUTHOR --><picture class=\"voc-image-signature\"><img class=\"voc-image-signature__img\" src=\"http:\/\/hoycordobaweb.com\/wp-content\/uploads\/2023\/03\/tamara-falco-se-va-al-cumpleanos-de-su-hermano-con-una-falda-de-zara-y-el-mejor-look-de-invitada-del-ano.jpg\" alt=\"Raquel Rodr\u00edguez\"><\/picture><!-- INFO AUTHOR --><\/div>\n<\/div>\n<p><!-- COMPONENTS --><\/p>\n<p class=\"voc-paragraph\">Otra cosa no sabemos, pero a <strong>Tamara Falc\u00f3<\/strong> pocas le ganan en elegancia. La socialit\u00e9 es experta en lucir<br \/>\n<a data-voc-vtm-id=\"in-text-traffic\" href=\"https:\/\/www.mujerhoy.com\/moda\/no-te-pierdas\/mejores-looks-tamara-falco-como-vestir-a-diario-facil-20230311113700-nt.html\" title=\"www.mujerhoy.com\"> los mejores looks <\/a>y gustan mucho porque combina el estilo m\u00e1s cl\u00e1sico con algunas de las tendencias del momento. Arriesga y gana y el resultado son outfits perfectos como el \u00faltimo que le hemos fichado.\n<\/p>\n<p class=\"voc-paragraph\"><a data-voc-vtm-id=\"in-text-traffic\" href=\"https:\/\/www.mujerhoy.com\/temas\/personajes\/tamara-falco.html\" title=\"www.mujerhoy.com\">Tamara Falc\u00f3 <\/a>no ha querido perderse la fiesta de cumplea\u00f1os que ha organizado Julio Jos\u00e9. Despu\u00e9s de participar en la tertulia de &#8216;El Hormiguero&#8217;, la socialit\u00e9 se fue directa a festejar junto a su hermano la llegada a los 50 a\u00f1os en un evento por todo lo alto. <\/p>\n<p class=\"voc-paragraph\">Una cita a la que tambi\u00e9n acudieron otros rostros conocidos como Pepe Navarro, Canales Rivera, \u00c1lvaro Castillejo, Patricia Cerezo o la influencer Teresa Baca y que en la que Tamara fue la representaci\u00f3n familiar de ella. Adem\u00e1s, sorprendi\u00f3 que acudiera a ella sin su prometido \u00cd\u00f1igo Onieva.\n<\/p>\n<p class=\"voc-paragraph\">Pero vamos a lo importante, el look de Tamara. Una vez m\u00e1s, la socialit\u00e9 ha demostrado que no se le pueden dar mejor los looks de invitada y triunf\u00f3 con un estilismo que deja m\u00e1s que claro que, lo que dicen de \u00abrosa y rojo, pu\u00f1etazo en el ojo\u00bb es completamente falso.\n<\/p>\n<div class=\"voc-detail-photo-zoom\"><picture data-toggle=\"modal\" data-target=\"#photoZoomModal-337\" target=\"modal\">\n<div class=\"voc-img-icon-link\"><img loading=\"lazy\" data-original=\"\/\/static1.mujerhoy.com\/www\/multimedia\/202303\/17\/media\/cortadas\/tamara-falco-look-invitada-kWYC--460x637@MujerHoy.jpg\" class=\"lazy\" alt=\"Tamara Falc\u00f3 con un look rosa y rojo. \/ GTRES\"><noscript><img src=\"http:\/\/hoycordobaweb.com\/wp-content\/uploads\/2023\/03\/tamara-falco-se-va-al-cumpleanos-de-su-hermano-con-una-falda-de-zara-y-el-mejor-look-de-invitada-del-ano-1.jpg\" alt=\"Tamara Falc\u00f3 con un look rosa y rojo. \/ GTRES\"><\/noscript><i class=\"voc-icons zoom voc-multimedia-box voc-ico-l\"><\/i><\/div><figcaption class=\"figure-caption\">Tamara Falc\u00f3 con un look rosa y rojo. \/ GTRES<\/figcaption><\/picture><\/div>\n<div id=\"photoZoomModal-337\" class=\"voc-lightbox modal fade voc-lightbox--photo-zoom\" role=\"dialog\" data-voc-photozoom-lightbox>\n<div class=\"voc-lightbox__dialog\" role=\"document\">\n<div class=\"voc-lightbox__content\"><!-- Modal header --><!-- Modal content --><\/p>\n<div class=\"voc-lightbox__photo-container\"><picture class><img loading=\"lazy\" data-original=\"\/\/static1.mujerhoy.com\/www\/multimedia\/202303\/17\/media\/cortadas\/tamara-falco-look-invitada-kWYC--460x637@MujerHoy.jpg\" alt=\"Tamara Falc\u00f3 con un look rosa y rojo. \/ GTRES\" class=\"lazy\"><noscript><img src=\"http:\/\/hoycordobaweb.com\/wp-content\/uploads\/2023\/03\/tamara-falco-se-va-al-cumpleanos-de-su-hermano-con-una-falda-de-zara-y-el-mejor-look-de-invitada-del-ano-1.jpg\" alt=\"Tamara Falc\u00f3 con un look rosa y rojo. \/ GTRES\"><\/noscript><\/picture><\/div>\n<\/div>\n<\/div>\n<\/div>\n<p class=\"voc-paragraph\">Tamara luci\u00f3 tanto en televisi\u00f3n como en la fiesta de cumplea\u00f1os un estilismo que combina el rosa y el rojo y que estaba protagonizado por una falda de <strong>Zara<\/strong>. Un modelo de largo midi, de tejido plisado y en color rosa claro de lo m\u00e1s elegante que puedes comprar en la web de la firma.\n<\/p>\n<p class=\"voc-paragraph\">Es un modelo que cuesta <strong>29,95 euros<\/strong> y que es tan ideal que algunas de las tallas ya est\u00e1n agotadas en la venta online. Y aunque es una prenda que puedes combinar con b\u00e1sicos, lo cierto es que la f\u00f3rmula por la que ha apostado Tamara nos ha encantado. <\/p>\n<div class=\"voc-detail__cmp\" readability=\"6.5\">\n<div class=\"voc-photo-combo-three fw-xs\" readability=\"8\">\n<p class=\"figure-caption\"><span class=\"voc-photo-caption\">La falda de Zara, las sandalias de Martinelli y la blusa de Coosy.<\/span><span class=\"voc-photo-author\"><\/span><\/p>\n<\/div>\n<\/div>\n<p class=\"voc-paragraph\">A\u00f1adi\u00f3 una blusa con lazada al cuello de <strong>Coosy<\/strong>, una firma made in Spain que tiene prendas ideales y que triunfan entre las que buscan looks de invitada. Se trata de un modelo de manga larga abullonada y pu\u00f1o a tono y cierre delantero de botones que puedes comprar por 80 euros.\n<\/p>\n<p class=\"voc-paragraph\">Por \u00faltimo, complet\u00f3 este lookazo con unas sandalias de tac\u00f3n rosas, del mismo tono que la falda de Zara. Es el modelo Loren de Martinelli de tiras finas hecho en charol y que tienen una planta interior de espuma y gel. Pertenece a la c\u00e1psula <strong>Martinelli x Redondo Brand <\/strong>dise\u00f1ada por el dise\u00f1ador Jorge Redondo y cuestan 180 euros.\n<\/p>\n<p><!-- TOPICS --><\/p>\n","protected":false},"excerpt":{"rendered":"<p>Otra cosa no sabemos, pero a Tamara Falc\u00f3 pocas le ganan en elegancia. La socialit\u00e9 es experta en lucir los mejores looks y gustan mucho porque combina el estilo m\u00e1s cl\u00e1sico con algunas de las tendencias del momento. Arriesga y gana y el resultado son outfits perfectos como el \u00faltimo que le hemos fichado. Tamara [&hellip;]<\/p>\n","protected":false},"author":1,"featured_media":57042,"comment_status":"closed","ping_status":"closed","sticky":false,"template":"","format":"standard","meta":[],"categories":[1],"tags":[],"_links":{"self":[{"href":"http:\/\/hoycordobaweb.com\/index.php\/wp-json\/wp\/v2\/posts\/57041"}],"collection":[{"href":"http:\/\/hoycordobaweb.com\/index.php\/wp-json\/wp\/v2\/posts"}],"about":[{"href":"http:\/\/hoycordobaweb.com\/index.php\/wp-json\/wp\/v2\/types\/post"}],"author":[{"embeddable":true,"href":"http:\/\/hoycordobaweb.com\/index.php\/wp-json\/wp\/v2\/users\/1"}],"replies":[{"embeddable":true,"href":"http:\/\/hoycordobaweb.com\/index.php\/wp-json\/wp\/v2\/comments?post=57041"}],"version-history":[{"count":0,"href":"http:\/\/hoycordobaweb.com\/index.php\/wp-json\/wp\/v2\/posts\/57041\/revisions"}],"wp:featuredmedia":[{"embeddable":true,"href":"http:\/\/hoycordobaweb.com\/index.php\/wp-json\/wp\/v2\/media\/57042"}],"wp:attachment":[{"href":"http:\/\/hoycordobaweb.com\/index.php\/wp-json\/wp\/v2\/media?parent=57041"}],"wp:term":[{"taxonomy":"category","embeddable":true,"href":"http:\/\/hoycordobaweb.com\/index.php\/wp-json\/wp\/v2\/categories?post=57041"},{"taxonomy":"post_tag","embeddable":true,"href":"http:\/\/hoycordobaweb.com\/index.php\/wp-json\/wp\/v2\/tags?post=57041"}],"curies":[{"name":"wp","href":"https:\/\/api.w.org\/{rel}","templated":true}]}}