{"id":57037,"date":"2023-03-17T16:47:25","date_gmt":"2023-03-17T16:47:25","guid":{"rendered":"https:\/\/www.ole.com.ar\/futbol-internacional\/champions\/como-fue-guardiola-cuartos-champions_0_0uJ1ugIIb5.html"},"modified":"2023-03-17T16:47:25","modified_gmt":"2023-03-17T16:47:25","slug":"como-le-fue-a-guardiola-en-cuartos-de-champions","status":"publish","type":"post","link":"http:\/\/hoycordobaweb.com\/index.php\/2023\/03\/17\/como-le-fue-a-guardiola-en-cuartos-de-champions\/","title":{"rendered":"\u00bfC\u00f3mo le fue a Guardiola en cuartos de Champions?"},"content":{"rendered":"<p><img src=\"http:\/\/hoycordobaweb.com\/wp-content\/uploads\/2023\/03\/como-le-fue-a-guardiola-en-cuartos-de-champions.jpg\"><\/p>\n<p><time class=\"createDate\" datetime=\"2023-03-17T13:47:25-03:00\">17\/03\/2023 13:47hs.<\/time><time class=\"modificatedDate\" datetime=\"2023\/03\/17T13:47:25-03:00\"><\/time><\/p>\n<div id=\"storyBody\">\n<div class=\"custom-text \" readability=\"31.8375\">\n<p>El <a href=\"https:\/\/www.ole.com.ar\/tema\/manchester-city.html\" title=\"Manchester City\" alt=\"Manchester City\" class=\"slug\">Manchester City<\/a> se ver\u00e1 las caras con el Bayern Munich en los cuartos de final de la <a href=\"https:\/\/www.ole.com.ar\/tema\/champions-league.html\" title=\"Champions League\" alt=\"Champions League\" class=\"slug\">Champions<\/a>, una de las instancias que m\u00e1s le ha costado superar a <a href=\"https:\/\/www.ole.com.ar\/tema\/pep-guardiola.html\" title=\"Pep Guardiola\" alt=\"Pep Guardiola\" class=\"slug\">Pep Guardiola<\/a> desde su llegada a los Sky Blues.<strong> En Ol\u00e9 te contamos el uno por uno los cruces del DT espa\u00f1ol al meterse entre los ocho mejores del viejo continente.<\/strong><\/p>\n<\/div>\n<div class=\"sc-489cef11-0 jHGTKj\" readability=\"6\">\n<section readability=\"2\"><picture><img class=\"img\" src=\"http:\/\/hoycordobaweb.com\/wp-content\/uploads\/2023\/03\/como-le-fue-a-guardiola-en-cuartos-de-champions-2.jpg\" alt=\"Champions League: los cruces de cuartos de final y c\u00f3mo sigue el torneo\" height=\"290\" width=\"290\" loading=\"lazy\"><\/picture>\n<p><span>Mir\u00e1 tambi\u00e9n<\/span><\/p>\n<hr>\n<h3>Champions League: los cruces de cuartos de final y c\u00f3mo sigue el torneo<\/h3>\n<\/p>\n<\/section>\n<\/div>\n<p><h2><strong>Barcelona<\/strong><\/h2>\n<\/p>\n<div class=\"custom-text \" readability=\"36.55205811138\">\n<p>Los mejores momentos de Pep en la m\u00e1xima competici\u00f3n europea fueron con el <a href=\"https:\/\/www.ole.com.ar\/tema\/barcelona.html\" title=\"Barcelona\" alt=\"Barcelona\" class=\"slug\">Barsa<\/a> en sus primeros a\u00f1os como DT. El ex jugador de la selecci\u00f3n de Espa\u00f1a asumi\u00f3 en el club catal\u00e1n para la temporada 2008\/09 y<strong> su rival en cuartos de Champions fue el Bayern Munich, al cual super\u00f3 con un global de 5-1.<\/strong> Esa campa\u00f1a ser\u00eda hist\u00f3rica en el club y en el mundo, dado que lograr\u00edan todos los t\u00edtulos disponibles.<\/p>\n<\/div>\n<div class=\"sc-996041c8-0 kvfKM\"><img alt=\"Guardiola y Messi en el Barcelona.\" src=\"http:\/\/hoycordobaweb.com\/wp-content\/uploads\/2023\/03\/como-le-fue-a-guardiola-en-cuartos-de-champions-3.jpg\" width=\"720\" height=\"0\" decoding=\"async\" data-nimg=\"future\" loading=\"lazy\"><span>Guardiola y Messi en el Barcelona.<\/span><\/div>\n<div class=\"custom-text \" readability=\"36.827763496144\">\n<p>Para la siguiente temporada, el Barsa buscar\u00eda revalidar el trofeo europeo. El sorteo de cuartos de final lo emparej\u00f3 con el Arsenal de Inglaterra, mismo rival que el club hab\u00eda vencido en la final de la 2005\/06. Despu\u00e9s de un empate 2-2 en Londres,<strong> la balanza nuevamente se inclin\u00f3 a favor del conjunto catal\u00e1n con un aplastante 4-1<\/strong> en el que <a href=\"https:\/\/www.ole.com.ar\/tema\/lionel-messi.html\" title=\"Lionel Messi\" alt=\"Lionel Messi\" class=\"slug\">Lionel Messi<\/a> marc\u00f3 un p\u00f3ker de goles.<\/p>\n<\/div>\n<div class=\"sc-489cef11-0 jHGTKj\" readability=\"6.5\">\n<section readability=\"3\"><picture><img class=\"img\" src=\"http:\/\/hoycordobaweb.com\/wp-content\/uploads\/2023\/03\/como-le-fue-a-guardiola-en-cuartos-de-champions-4.jpg\" alt=\"Atenci\u00f3n, Selecci\u00f3n: Messi regres\u00f3 a los entrenamientos con el PSG\" height=\"290\" width=\"290\" loading=\"lazy\"><\/picture>\n<p><span>Mir\u00e1 tambi\u00e9n<\/span><\/p>\n<hr>\n<h3>Atenci\u00f3n, Selecci\u00f3n: Messi regres\u00f3 a los entrenamientos con el PSG<\/h3>\n<\/p>\n<\/section>\n<\/div>\n<div class=\"custom-text \" readability=\"37\">\n<p>Despu\u00e9s de ser eliminados por el Inter de Jos\u00e9 Mourinho, el Barcelona volver\u00eda a quedarse con la Orejona al a\u00f1o siguiente. <strong>El rival a vencer en aquella oportunidad para avanzar a semis fue el Shakhtar Donetsk<\/strong>, equipo que no pudo hacer nada con los de Guardiola que lograron imponerse 5-1 en el global.<\/p>\n<\/div>\n<div class=\"sc-489cef11-0 jHGTKj\" readability=\"6.5\">\n<section readability=\"3\"><picture><img class=\"img\" src=\"http:\/\/hoycordobaweb.com\/wp-content\/uploads\/2023\/03\/como-le-fue-a-guardiola-en-cuartos-de-champions-5.jpg\" alt=\"Para Ancelotti, Vinicius es el mejor del mundo\" height=\"290\" width=\"290\" loading=\"lazy\"><\/picture>\n<p><span>Mir\u00e1 tambi\u00e9n<\/span><\/p>\n<hr>\n<h3>Para Ancelotti, Vinicius es el mejor del mundo<\/h3>\n<\/p>\n<\/section>\n<\/div>\n<div class=\"custom-text \" readability=\"40\">\n<p>La temporada 2011\/12 fue la \u00faltima y m\u00e1s irregular de Pep al frente del Barcelona, pese a esto, y al igual que en todas sus participaciones anteriores, logr\u00f3 superar los cuartos de final. <strong>El Milan fue su oponente en dicha instancia y al cual el Barsa super\u00f3 3-1 en el Camp Nou <\/strong>despu\u00e9s de haber empatado sin goles en San Siro. Leo volvi\u00f3 a ser figura aquel d\u00eda marcando dos tantos de penal. Chelsea, campe\u00f3n de esa edici\u00f3n, los fren\u00f3 en la siguiente ronda.<\/p>\n<\/div>\n<p><h2><strong>Bayern M\u00fanich<\/strong><\/h2>\n<\/p>\n<div class=\"sc-996041c8-0 kvfKM\"><img alt=\"Pep estuvo tres temporadas en M\u00fanich (AFP).\" src=\"http:\/\/hoycordobaweb.com\/wp-content\/uploads\/2023\/03\/como-le-fue-a-guardiola-en-cuartos-de-champions-6.jpg\" width=\"720\" height=\"0\" decoding=\"async\" data-nimg=\"future\" loading=\"lazy\"><span>Pep estuvo tres temporadas en M\u00fanich (AFP).<\/span><\/div>\n<div class=\"custom-text \" readability=\"39.444444444444\">\n<p>En 2013 Guardiola volvi\u00f3 a ponerse el buzo de entrenador, pero esta vez el del gigante alem\u00e1n que ven\u00eda de ganar la Champions pocos meses antes. En el <a href=\"https:\/\/www.ole.com.ar\/tema\/bayern-munich.html\" title=\"Bayern Munich\" alt=\"Bayern Munich\" class=\"slug\">Bayern<\/a> lograr\u00eda grandes n\u00fameros en Alemania aunque no podr\u00eda replicarlos en la competici\u00f3n europea. <strong>Esa temporada sali\u00f3 victorioso en los cuartos al superar al Manchester United<\/strong> (1-1 la ida, 3-1 la vuelta), pero no podr\u00eda pasar al Real Madrid, un viejo conocido, en semis.<\/p>\n<\/div>\n<div class=\"sc-489cef11-0 jHGTKj\" readability=\"6\">\n<section readability=\"2\"><picture><img class=\"img\" src=\"http:\/\/hoycordobaweb.com\/wp-content\/uploads\/2023\/03\/como-le-fue-a-guardiola-en-cuartos-de-champions-7.jpg\" alt=\"Francia dio su primera lista post Mundial: los seis de la final que no est\u00e1n\" height=\"290\" width=\"290\" loading=\"lazy\"><\/picture>\n<p><span>Mir\u00e1 tambi\u00e9n<\/span><\/p>\n<hr>\n<h3>Francia dio su primera lista post Mundial: los seis de la final que no est\u00e1n<\/h3>\n<\/p>\n<\/section>\n<\/div>\n<div class=\"custom-text \" readability=\"37\">\n<p>Al siguiente a\u00f1o le toc\u00f3 medirse ante el Porto despu\u00e9s de aplastar 7-0 al Shakhtar Donetsk en octavos de final. El club portugu\u00e9s sorprendi\u00f3 de local con un 3-1, pero poco pudo hacer en Alemania: fue una <strong>goleada categ\u00f3rica por 6-1 para meterse una vez m\u00e1s entre los cuatro mejores del continente. <\/strong>All\u00ed perder\u00eda con su ex club, el Barcelona.<\/p>\n<\/div>\n<div class=\"sc-489cef11-0 jHGTKj\" readability=\"6\">\n<section readability=\"2\"><picture><img class=\"img\" src=\"http:\/\/hoycordobaweb.com\/wp-content\/uploads\/2023\/03\/como-le-fue-a-guardiola-en-cuartos-de-champions-8.jpg\" alt=\"La ins\u00f3lita revelaci\u00f3n de Guardiola sobre Julia Roberts \" height=\"290\" width=\"290\" loading=\"lazy\"><\/picture>\n<p><span>Mir\u00e1 tambi\u00e9n<\/span><\/p>\n<hr>\n<h3>La ins\u00f3lita revelaci\u00f3n de Guardiola sobre Julia Roberts <\/h3>\n<\/p>\n<\/section>\n<\/div>\n<div class=\"custom-text \" readability=\"39\">\n<p>Despu\u00e9s de dos eliminaciones consecutivas en semifinales, Guardiola y el Bayern apostaban fuerte a levantar el gran trofeo en esa \u00faltima temporada del DT en el banco. Cuando en el sorteo fue emparejado al Benfica, parec\u00eda un duelo accesible, pero<strong> el tr\u00e1mite de ambos partidos termin\u00f3 siendo muy disputado aunque acabaron pasando con lo justo con un 3-2 global.<\/strong> Su sue\u00f1o volvi\u00f3 a terminarse en semis ante un club espa\u00f1ol, el Atl\u00e9tico de Madrid.<\/p>\n<\/div>\n<p><h2><strong>Manchester City<\/strong><\/h2>\n<\/p>\n<div class=\"custom-text \" readability=\"33.838862559242\">\n<p>En julio de 2016 Guardiola arrib\u00f3 a Inglaterra para asumir como nuevo t\u00e9cnico del City que so\u00f1aba con dominar la Premier League y levantar su primera Champions. Ac\u00e1 empez\u00f3 el calvario de Pep y los cuartos de final. Los Sky Blues no pudieron superar al sorprendente <strong>M\u00f3naco de <\/strong><a href=\"https:\/\/www.ole.com.ar\/tema\/kylian-mbappe.html\" title=\"Kylian Mbapp\u00e9\" alt=\"Kylian Mbapp\u00e9\" class=\"slug\"><strong>Kylian Mbapp\u00e9<\/strong><\/a><strong> y fueron eliminados despu\u00e9s de una fren\u00e9tica eliminatoria que acab\u00f3 6-6<\/strong> (pasaron los franceses por los goles de visitante).<\/p>\n<\/div>\n<div class=\"sc-489cef11-0 jHGTKj\" readability=\"6.5\">\n<section readability=\"3\"><picture><img class=\"img\" src=\"http:\/\/hoycordobaweb.com\/wp-content\/uploads\/2023\/03\/como-le-fue-a-guardiola-en-cuartos-de-champions-9.jpg\" alt=\"La ins\u00f3lita respuesta de Luis De La Fuente sobre por qu\u00e9 voto a Juli\u00e1n \u00c1lvarez en The Best\" height=\"290\" width=\"290\" loading=\"lazy\"><\/picture>\n<p><span>Mir\u00e1 tambi\u00e9n<\/span><\/p>\n<hr>\n<h3>La ins\u00f3lita respuesta de Luis De La Fuente sobre por qu\u00e9 voto a Juli\u00e1n \u00c1lvarez en The Best<\/h3>\n<\/p>\n<\/section>\n<\/div>\n<div class=\"custom-text \" readability=\"40\">\n<p>En la campa\u00f1a de 2017\/18 Pep gan\u00f3 la Carabao Cup, la Premier y la Community Shield, sus primeros tres t\u00edtulos en Inglaterra. Sin embargo, se repetir\u00eda la misma historia en Champions: <strong>eliminaci\u00f3n en cuartos de final, esta vez, ante el Liverpool, con un duro global de 5-1 en contra.<\/strong><\/p>\n<\/div>\n<div class=\"sc-996041c8-0 kvfKM\"><img alt=\"Guardiola dirige al City desde 2016 (AP).\" src=\"http:\/\/hoycordobaweb.com\/wp-content\/uploads\/2023\/03\/como-le-fue-a-guardiola-en-cuartos-de-champions-10.jpg\" width=\"720\" height=\"0\" decoding=\"async\" data-nimg=\"future\" loading=\"lazy\"><span>Guardiola dirige al City desde 2016 (AP).<\/span><\/div>\n<div class=\"custom-text \" readability=\"39.295404814004\">\n<p>La siguiente temporada, el Manchester City otra vez fracas\u00f3 en su intento de pasar los cuartos, tras una serie de pel\u00edcula con el Tottenham de <a href=\"https:\/\/www.ole.com.ar\/tema\/mauricio-pochettino.html\" title=\"Mauricio Pochettino\" alt=\"Mauricio Pochettino\" class=\"slug\">Mauricio Pochettino<\/a>. El club mancuniando, que hab\u00eda perdido 1-0 en Londres, iba ganando 4-3 y necesitaba un gol m\u00e1s para avanzar. En la \u00faltima jugada Raheem Sterling marc\u00f3 y Guardiola festej\u00f3 de forma alocada, pero&#8230;<strong> el VAR revis\u00f3 la jugada, anul\u00f3 el tanto por fuera de juego y los Spurs pasaron a semis.<\/strong><\/p>\n<\/div>\n<div class=\"sc-489cef11-0 jHGTKj\" readability=\"6\">\n<section readability=\"2\"><picture><img class=\"img\" src=\"http:\/\/hoycordobaweb.com\/wp-content\/uploads\/2023\/03\/como-le-fue-a-guardiola-en-cuartos-de-champions-11.jpg\" alt=\"Las 10 mejores perlitas del Kun Ag\u00fcero en sus watch party\" height=\"290\" width=\"290\" loading=\"lazy\"><\/picture>\n<p><span>Mir\u00e1 tambi\u00e9n<\/span><\/p>\n<hr>\n<h3>Las 10 mejores perlitas del Kun Ag\u00fcero en sus watch party<\/h3>\n<\/p>\n<\/section>\n<\/div>\n<div class=\"custom-text \" readability=\"38\">\n<p>Por la pandemia sufrida en el mundo en 2020, la UEFA decidi\u00f3 que los partidos de esa edici\u00f3n de Champions sean a un \u00fanico partido en cancha neutral. Con las flojas experiencias pasadas, el City ten\u00eda una oportunidad de oro ante un rival muy inferior como el Olympique Lyon para pasar a la siguiente ronda. <strong>De forma inesperada, la maldici\u00f3n de los cuartos volvi\u00f3 a ocurrir y los Citizens cayeron 3-1.<\/strong><\/p>\n<\/div>\n<div class=\"sc-489cef11-0 jHGTKj\" readability=\"6\">\n<section readability=\"2\"><picture><img class=\"img\" src=\"http:\/\/hoycordobaweb.com\/wp-content\/uploads\/2023\/03\/como-le-fue-a-guardiola-en-cuartos-de-champions-12.jpg\" alt=\"C\u00f3mo qued\u00f3 el ranking de goleadores de la Champions tras los cinco de Haaland\" height=\"290\" width=\"290\" loading=\"lazy\"><\/picture>\n<p><span>Mir\u00e1 tambi\u00e9n<\/span><\/p>\n<hr>\n<h3>C\u00f3mo qued\u00f3 el ranking de goleadores de la Champions tras los cinco de Haaland<\/h3>\n<\/p>\n<\/section>\n<\/div>\n<div class=\"custom-text \" readability=\"37\">\n<p>Despu\u00e9s de tantos contratiempos, en la temporada 2020\/21 Guardiola volvi\u00f3 a alcanzar una final de Champions tras su salida del Barsa. En cuartos, <strong>el Manchester City derrot\u00f3 2-1 en los dos partidos al Borussia Dortmund<\/strong> y se sac\u00f3 la espina de los \u00faltimos tres a\u00f1os. el Chelsea fue su verdugo en Portugal.<\/p>\n<\/div>\n<div class=\"sc-489cef11-0 jHGTKj\" readability=\"6.5\">\n<section readability=\"3\"><picture><img class=\"img\" src=\"http:\/\/hoycordobaweb.com\/wp-content\/uploads\/2023\/03\/como-le-fue-a-guardiola-en-cuartos-de-champions-13.jpg\" alt=\"Neymar, entre la lesi\u00f3n y su futuro: \u00bfSigue en PSG?\" height=\"290\" width=\"290\" loading=\"lazy\"><\/picture>\n<p><span>Mir\u00e1 tambi\u00e9n<\/span><\/p>\n<hr>\n<h3>Neymar, entre la lesi\u00f3n y su futuro: \u00bfSigue en PSG?<\/h3>\n<\/p>\n<\/section>\n<\/div>\n<div class=\"custom-text \" readability=\"38.602150537634\">\n<p>La pasada temporada, el conjunto ingl\u00e9s volvi\u00f3 a pasar los cuartos de final por segundo a\u00f1o consecutivo. Frente al Atl\u00e9tico de Madrid, el equipo de Guardiola no brill\u00f3, en parte por el defensivo planteo de <a href=\"https:\/\/www.ole.com.ar\/tema\/diego-simeone.html\" title=\"Diego Simeone\" alt=\"Diego Simeone\" class=\"slug\">Diego Simeone<\/a>, pero <strong>logr\u00f3 avanzar por la m\u00ednima gracias al 1-0 obtenido en el Etihad Stadium. <\/strong>En semifinales, perdi\u00f3 en una serie hist\u00f3rica ante Real Madrid.<\/p>\n<\/div>\n<p><h2><strong>N\u00fameros finales<\/strong><\/h2>\n<\/p>\n<div class=\"custom-text \" readability=\"37\">\n<p>Previo a este a\u00f1o, Guardiola ya se hab\u00eda clasificado a cuartos de final en todas las ediciones de Champions que particip\u00f3. <strong>Entre el Barcelona, el Bayern y el City dirigi\u00f3 en 13 eliminatorias <\/strong>en las que nueve veces pudo pasar a semis y otras cuatro (todas con los Citizens) se qued\u00f3 en el camino.<\/p>\n<\/div>\n<p><h2><strong>El pr\u00f3ximo cruce<\/strong><\/h2>\n<\/p>\n<div class=\"sc-996041c8-0 kvfKM\"><img alt=\"Pep y Haaland en Manchester (REUTERS).\" src=\"http:\/\/hoycordobaweb.com\/wp-content\/uploads\/2023\/03\/como-le-fue-a-guardiola-en-cuartos-de-champions-14.jpg\" width=\"720\" height=\"0\" decoding=\"async\" data-nimg=\"future\" loading=\"lazy\"><span>Pep y Haaland en Manchester (REUTERS).<\/span><\/div>\n<div class=\"custom-text \" readability=\"37\">\n<p>Con un aplastante 7-0 al Leipzig, el City volvi\u00f3 a ganarse un lugar en cuartos. El rival esta vez ser\u00e1 el Bayern M\u00fanich, club que Pep conoce bien a fondo. <strong>La ida ser\u00e1 el martes 11 o el mi\u00e9rcoles 12 de abril y la vuelta martes 18 o mi\u00e9rcoles 19 del mismo mes<\/strong> y el vecedor se enfrentar\u00e1 al ganador del duelo entre Real Madrid y Chelsea.<\/p>\n<\/div>\n<div class=\"sc-489cef11-0 jHGTKj\" readability=\"6\">\n<section readability=\"2\"><picture><img class=\"img\" src=\"http:\/\/hoycordobaweb.com\/wp-content\/uploads\/2023\/03\/como-le-fue-a-guardiola-en-cuartos-de-champions-15.jpg\" alt=\"El City de Juli\u00e1n y Perrone ir\u00e1 contra Bayern Munich\" height=\"290\" width=\"290\" loading=\"lazy\"><\/picture>\n<p><span>Mir\u00e1 tambi\u00e9n<\/span><\/p>\n<hr>\n<h3>El City de Juli\u00e1n y Perrone ir\u00e1 contra Bayern Munich<\/h3>\n<\/p>\n<\/section>\n<\/div>\n<\/div>\n","protected":false},"excerpt":{"rendered":"<p>17\/03\/2023 13:47hs. El Manchester City se ver\u00e1 las caras con el Bayern Munich en los cuartos de final de la Champions, una de las instancias que m\u00e1s le ha costado superar a Pep Guardiola desde su llegada a los Sky Blues. En Ol\u00e9 te contamos el uno por uno los cruces del DT espa\u00f1ol al [&hellip;]<\/p>\n","protected":false},"author":1,"featured_media":57038,"comment_status":"open","ping_status":"closed","sticky":false,"template":"","format":"standard","meta":[],"categories":[16],"tags":[],"_links":{"self":[{"href":"http:\/\/hoycordobaweb.com\/index.php\/wp-json\/wp\/v2\/posts\/57037"}],"collection":[{"href":"http:\/\/hoycordobaweb.com\/index.php\/wp-json\/wp\/v2\/posts"}],"about":[{"href":"http:\/\/hoycordobaweb.com\/index.php\/wp-json\/wp\/v2\/types\/post"}],"author":[{"embeddable":true,"href":"http:\/\/hoycordobaweb.com\/index.php\/wp-json\/wp\/v2\/users\/1"}],"replies":[{"embeddable":true,"href":"http:\/\/hoycordobaweb.com\/index.php\/wp-json\/wp\/v2\/comments?post=57037"}],"version-history":[{"count":0,"href":"http:\/\/hoycordobaweb.com\/index.php\/wp-json\/wp\/v2\/posts\/57037\/revisions"}],"wp:featuredmedia":[{"embeddable":true,"href":"http:\/\/hoycordobaweb.com\/index.php\/wp-json\/wp\/v2\/media\/57038"}],"wp:attachment":[{"href":"http:\/\/hoycordobaweb.com\/index.php\/wp-json\/wp\/v2\/media?parent=57037"}],"wp:term":[{"taxonomy":"category","embeddable":true,"href":"http:\/\/hoycordobaweb.com\/index.php\/wp-json\/wp\/v2\/categories?post=57037"},{"taxonomy":"post_tag","embeddable":true,"href":"http:\/\/hoycordobaweb.com\/index.php\/wp-json\/wp\/v2\/tags?post=57037"}],"curies":[{"name":"wp","href":"https:\/\/api.w.org\/{rel}","templated":true}]}}