{"id":57025,"date":"2023-03-17T11:38:44","date_gmt":"2023-03-17T11:38:44","guid":{"rendered":"https:\/\/manoamanocba.com.ar\/?p=6155"},"modified":"2023-03-17T11:38:44","modified_gmt":"2023-03-17T11:38:44","slug":"nuevas-muestras-en-el-museo-emilio-caraffa","status":"publish","type":"post","link":"http:\/\/hoycordobaweb.com\/index.php\/2023\/03\/17\/nuevas-muestras-en-el-museo-emilio-caraffa\/","title":{"rendered":"Nuevas muestras en el Museo Emilio Caraffa"},"content":{"rendered":"<p>Qued\u00f3 inaugurado el primer ciclo de muestras del a\u00f1o del <strong>Museo Emilio Caraffa<\/strong>, con obras de Antonio Pedone, Malena La Serna, Karina El Azem, el Proyecto educativo Lesolvidades y Carola Zech.<\/p>\n<p>En cuanto al lenguaje visual, el espectador se encontrar\u00e1 con <strong>pinturas, arte impreso, maquetas, instalaciones, esculturas y dibujos<\/strong>.<\/p>\n<p>La cita es en Av. Poeta Lugones 411. Las muestras podr\u00e1n visitarse hasta el 4 de junio de 2023 <strong>de martes a domingo de 10 a 19, con una entrada general de 250 pesos<\/strong>. Los mi\u00e9rcoles los museos provinciales abren sus puertas con entrada gratuita.<\/p>\n<h4>Las muestras, una por una<\/h4>\n<p>En la sala 1, se puede visitar&nbsp;<strong>\u201cTerrenos de la expresi\u00f3n\u201d<\/strong>&nbsp;de la pintora Malena La Serna, exposici\u00f3n de pinturas de la artista cordobesa fallecida en el a\u00f1o 2021. Sus obras figurativas de car\u00e1cter expresionista y de pincelada gestual, dan testimonio de su tiempo representando no solo los acontecimientos sociales de nuestro pa\u00eds, sino tambi\u00e9n personas, animales, paisajes y plantas.<\/p>\n<p>Particip\u00f3 del impulso renovador de la pintura local en el retorno a la democracia. Esta muestra es producida y curada por el equipo del museo y pretende rendir homenaje a la artista, fallecida en 2021, y acercar su producci\u00f3n a un p\u00fablico renovado.<\/p>\n<p>En la sala 2,&nbsp;<strong>\u201cAntonio Pedone. Un artista moderno, un museo moderno<\/strong>\u201d. La figura de Antonio Pedone resulta clave para comprender una serie de acontecimientos y procesos que modelaron la escena art\u00edstica cordobesa de la primera mitad del siglo XX. Sus logros, as\u00ed como las dificultades que enfrent\u00f3 (indisociables en muchos sentidos de los que atraves\u00f3 como artista) pueden seguirse a trav\u00e9s del conjunto de obras y documentos que re\u00fane esta exposici\u00f3n, ofreci\u00e9ndonos la posibilidad de dimensionar su tarea y proyectar, incluso, algunas preguntas sobre el espacio contempor\u00e1neo del arte. Con curadur\u00eda del \u00c1rea de Colecci\u00f3n del Museo Caraffa.<\/p>\n<figure class=\"wp-container-2 wp-block-gallery-1 wp-block-gallery has-nested-images columns-default is-cropped\">\n<figure class=\"wp-block-image size-large\"><img loading=\"lazy\" class=\"wp-image-541385\" src=\"http:\/\/hoycordobaweb.com\/wp-content\/uploads\/2023\/03\/nuevas-muestras-en-el-museo-emilio-caraffa.jpg\" alt width=\"3746\" height=\"2250\" data-id=\"541385\"><\/figure>\n<\/figure>\n<p>Siguiendo por la sala 3, nos encontraremos con la muestra de Karina El Azem: \u201c<strong>Ceremoniales Iconogr\u00e1ficos\u201d<\/strong>. Esta exposici\u00f3n recoge obras representativas de la artista a lo largo de 30 a\u00f1os. Sus producciones realizadas en medios m\u00faltiples, tales como pinturas, arte impreso, v\u00eddeo, maquetas y objetos, ponen en cuesti\u00f3n el modo en que las im\u00e1genes circulan.<\/p>\n<p>La artista explora la multiplicidad apropi\u00e1ndose y reproduciendo im\u00e1genes de diferentes \u00edconos hist\u00f3ricos y populares de la identidad argentina, otras veces indaga en las nociones de art\u00edstico y decorativo, poniendo en tensi\u00f3n lo real con lo artificial. Con curadur\u00eda de Patricia Rizzo.<\/p>\n<p>Luego en sala 4, Proyecto educativo Lesolvidades&nbsp;<strong>\u201cRomilio, las mariposas y su cazador\u201d<\/strong>&nbsp;es una exposici\u00f3n producida por el equipo del \u00c1rea de Educaci\u00f3n del MEC. Se trata de una experiencia educativa, art\u00edstica, accesiblilizada y l\u00fadica destinada para ni\u00f1as y ni\u00f1os.<\/p>\n<p>La investigaci\u00f3n comenz\u00f3 en octubre de 2021 con la asignaci\u00f3n del subsidio Ensayar museos 2021, otorgado por la Fundaci\u00f3n Williams. \u201cRomilio, las mariposas y su cazador\u201d est\u00e1 pensada desde la pedagog\u00eda cr\u00edtica freireana y segmentada en tres ejes conceptuales seg\u00fan el \u201cEnfoque Triangular\u201d para la ense\u00f1anza-aprendizaje de las artes que propone la pedagoga art\u00edstica brasilera Ana Mae Barbosa: Apreciar, Contextualizar y Hacer.<\/p>\n<figure class=\"wp-container-4 wp-block-gallery-3 wp-block-gallery has-nested-images columns-default is-cropped\">\n<figure class=\"wp-block-image size-large\"><img loading=\"lazy\" class=\"wp-image-541382\" src=\"http:\/\/hoycordobaweb.com\/wp-content\/uploads\/2023\/03\/nuevas-muestras-en-el-museo-emilio-caraffa-1.jpg\" alt width=\"3307\" height=\"2362\" data-id=\"541382\"><\/figure>\n<\/figure>\n<p>En las salas 5, 6 y 7 la muestra&nbsp;<strong>\u201cIngr\u00e1vida\u201d<\/strong>&nbsp;de Carola Zech. Exposici\u00f3n de pintura instalada en el espacio; en su obra la artista propone el cruce de fronteras y la tensi\u00f3n entre lo que es escultura y lo que es pintura. Las diferentes materialidades, los colores y texturas vibrantes, las formas geom\u00e9tricas y org\u00e1nicas, volum\u00e9tricas y planas, se organizan y combinan en el espacio de estas salas creando una obra para un sitio espec\u00edfico. Proponiendo un espacio para habitar de manera l\u00fadica.<\/p>\n<p>Por \u00faltimo en las salas 8 y 9 se puede apreciar&nbsp;<strong>\u201cNo vengas a buscarme\u201d<\/strong>&nbsp;de Guillermo Fern\u00e1ndez Toledo. Exposici\u00f3n de pinturas que propone el encuentro en los l\u00edmites entre lo p\u00fablico y lo privado, im\u00e1genes que dan cuenta de las vivencias personales del artista en la trama de lo social, desde rincones de la casa a paisajes despojados. La ausencia de personas retratadas en muchas de sus pinturas dice m\u00e1s de lo que calla. El tiempo se detiene en im\u00e1genes de ensue\u00f1o, mostrando un punto liminal donde algo ocurri\u00f3 o est\u00e1 por pasar. Las pinturas invitan al espectador a espiar estas escenas de su intimidad.<\/p>\n","protected":false},"excerpt":{"rendered":"<p>Qued\u00f3 inaugurado el primer ciclo de muestras del a\u00f1o del Museo Emilio Caraffa, con obras de Antonio Pedone, Malena La Serna, Karina El Azem, el Proyecto educativo Lesolvidades y Carola Zech. En cuanto al lenguaje visual, el espectador se encontrar\u00e1 con pinturas, arte impreso, maquetas, instalaciones, esculturas y dibujos. La cita es en Av. Poeta [&hellip;]<\/p>\n","protected":false},"author":1,"featured_media":57026,"comment_status":"closed","ping_status":"closed","sticky":false,"template":"","format":"standard","meta":[],"categories":[19],"tags":[],"_links":{"self":[{"href":"http:\/\/hoycordobaweb.com\/index.php\/wp-json\/wp\/v2\/posts\/57025"}],"collection":[{"href":"http:\/\/hoycordobaweb.com\/index.php\/wp-json\/wp\/v2\/posts"}],"about":[{"href":"http:\/\/hoycordobaweb.com\/index.php\/wp-json\/wp\/v2\/types\/post"}],"author":[{"embeddable":true,"href":"http:\/\/hoycordobaweb.com\/index.php\/wp-json\/wp\/v2\/users\/1"}],"replies":[{"embeddable":true,"href":"http:\/\/hoycordobaweb.com\/index.php\/wp-json\/wp\/v2\/comments?post=57025"}],"version-history":[{"count":0,"href":"http:\/\/hoycordobaweb.com\/index.php\/wp-json\/wp\/v2\/posts\/57025\/revisions"}],"wp:featuredmedia":[{"embeddable":true,"href":"http:\/\/hoycordobaweb.com\/index.php\/wp-json\/wp\/v2\/media\/57026"}],"wp:attachment":[{"href":"http:\/\/hoycordobaweb.com\/index.php\/wp-json\/wp\/v2\/media?parent=57025"}],"wp:term":[{"taxonomy":"category","embeddable":true,"href":"http:\/\/hoycordobaweb.com\/index.php\/wp-json\/wp\/v2\/categories?post=57025"},{"taxonomy":"post_tag","embeddable":true,"href":"http:\/\/hoycordobaweb.com\/index.php\/wp-json\/wp\/v2\/tags?post=57025"}],"curies":[{"name":"wp","href":"https:\/\/api.w.org\/{rel}","templated":true}]}}