{"id":57017,"date":"2023-03-17T16:53:00","date_gmt":"2023-03-17T16:53:00","guid":{"rendered":"http:\/\/hoycordobaweb.com\/index.php\/2023\/03\/17\/presentaron-dos-mociones-de-censura-contra-el-gobierno-de-macron\/"},"modified":"2023-03-17T16:53:00","modified_gmt":"2023-03-17T16:53:00","slug":"presentaron-dos-mociones-de-censura-contra-el-gobierno-de-macron","status":"publish","type":"post","link":"http:\/\/hoycordobaweb.com\/index.php\/2023\/03\/17\/presentaron-dos-mociones-de-censura-contra-el-gobierno-de-macron\/","title":{"rendered":"Presentaron dos mociones de censura contra el gobierno de Macron"},"content":{"rendered":"<p><img src=\"http:\/\/hoycordobaweb.com\/wp-content\/uploads\/2023\/03\/presentaron-dos-mociones-de-censura-contra-el-gobierno-de-macron.jpg\"><\/p>\n<figure class=\"mb-3\"><img loading=\"lazy\" data-src=\"http:\/\/hoycordobaweb.com\/wp-content\/uploads\/2023\/03\/presentaron-dos-mociones-de-censura-contra-el-gobierno-de-macron-2.jpg\" src=\"https:\/\/www.telam.com.ar\/assets\/img\/not_image.png\" class=\" lazy \" width=\"100%\" height=\"100%\" alt=\"El presidente Emanuel Macrn enfrentar dos mociones de censura en el Congreso Foto AFP\"><figcaption> El presidente Emanuel Macr\u00f3n enfrentar\u00e1 dos mociones de censura en el Congreso \/ Foto: AFP. <\/figcaption><\/figure>\n<p>La oposici\u00f3n francesa present\u00f3 este viernes dos mociones de censura contra el gobierno del presidente Emmanuel Macron, en respuesta a <strong>la pol\u00e9mica adopci\u00f3n por decreto<\/strong> en la v\u00edspera de su impopular reforma jubilatoria.<\/p>\n<p>El grupo de diputados independientes LIOT y el bloque de ultraderecha liderado por Marine Le Pen anunciaron la presentaci\u00f3n de sendas mociones de censura, cuya aprobaci\u00f3n es dificil dado los equilibrios pol\u00edticos en la C\u00e1mara baja.<\/p>\n<p>\u00abEl voto de esta moci\u00f3n <strong>nos permitir\u00e1 salir airosos <\/strong>de una profunda crisis pol\u00edtica\u00bb, dijo el presidente del grupo parlamentario LIOT, Bertrand Pancher, al anunciar su iniciativa, consign\u00f3 la agencia de noticias AFP.<\/p>\n<div class=\"jumbotron pt-4 mt-3\" readability=\"27\">\n<h3 class=\"module-title\">Decreto y censura<\/h3>\n<p>Las mociones de censura se presentaron un d\u00eda despu\u00e9s de que Macron decidiera recurrir al art\u00edculo 49.3 de la Constituci\u00f3n, un mecanismo que le permite<strong> adoptar la iniciativa prescindiendo del voto legislativo<\/strong>, ante el temor de no reunir el apoyo necesario en la C\u00e1mara baja, donde no cuenta con una mayor\u00eda absoluta.<\/p>\n<p>En consecuencia, el <strong>debate legislativo qued\u00f3 suspendido y el texto se considera aprobado<\/strong>, salvo que los diputados aprueben una moci\u00f3n de censura contra el gobierno, que ser\u00eda debatida a inicios de la pr\u00f3xima semana.<\/p>\n<p>Si alguna de las dos mociones presentadas fuese adoptada, caer\u00eda el Gobierno de la primera ministra \u00c9lisabeth Borne, pero no Macron, quien lleg\u00f3 a amenazar con disolver la Asamblea elegida en junio en caso de un rev\u00e9s para su reforma.<\/p>\n<\/p><\/div>\n<h2 class>Mociones<\/h2>\n<p>La moci\u00f3n presentada por LIOT y firmada por legisladores de la coalici\u00f3n de izquierdas Nueva Uni\u00f3n Popular Ecologista y Social (Nupes)<strong> podr\u00eda recabar m\u00e1s apoyos que la de la extrema derecha<\/strong>, aislada pol\u00edticamente. En todo caso, el partido de Le Pen anunci\u00f3 que votar\u00e1 ambas.<\/p>\n<figure class=\"mb-3\"><img loading=\"lazy\" data-src=\"http:\/\/hoycordobaweb.com\/wp-content\/uploads\/2023\/03\/presentaron-dos-mociones-de-censura-contra-el-gobierno-de-macron-3.jpg\" src=\"https:\/\/www.telam.com.ar\/assets\/img\/not_image.png\" class=\" lazy \" width=\"100%\" height=\"100%\" alt=\"El gobierno dijo que no tolerar manifestaciones espontneas contra la reforma Foto Archivo\"><figcaption> El gobierno dijo que no tolerar\u00e1 manifestaciones espont\u00e1neas contra la reforma \/ Foto: Archivo. <\/figcaption><\/figure>\n<p>Sin embargo, <strong>seguir\u00edan faltando unos treinta votos para alcanzar los 287 diputados necesarios<\/strong> para que la iniciativa salga adelante, algo complicado ante la posici\u00f3n del conservador Los Republicanos (LR).<\/p>\n<div class=\"jumbotron pt-4 mt-3\" readability=\"10\">\n<h3 class=\"module-title\">Dos de cada tres<\/h3>\n<p>Seg\u00fan los sondeos,&nbsp;<strong>dos de cada tres franceses se oponen al retraso de la edad de jubilaci\u00f3n de 62 a 64 a\u00f1os para 2030<\/strong>&nbsp;y al adelanto a 2027 de la exigencia de cotizar 43 a\u00f1os (y no 42 como ahora) para cobrar una pensi\u00f3n completa.<\/p>\n<\/p><\/div>\n<p>El jefe de este partido opositor, \u00c9ric Ciotti, anunci\u00f3 que no votar\u00e1n una moci\u00f3n de censura contra un gobierno con el que negociaron la reforma, pero su formaci\u00f3n est\u00e1 dividida al respecto.<\/p>\n<p>Los diputados favorables a la moci\u00f3n de censura buscan as\u00ed presionar a la \u00abveintena\u00bb de miembros de LR que se negaban a aprobar la reforma, que llevaron al Ejecutivo a adoptarla por decreto.<\/p>\n","protected":false},"excerpt":{"rendered":"<p>El presidente Emanuel Macr\u00f3n enfrentar\u00e1 dos mociones de censura en el Congreso \/ Foto: AFP. La oposici\u00f3n francesa present\u00f3 este viernes dos mociones de censura contra el gobierno del presidente Emmanuel Macron, en respuesta a la pol\u00e9mica adopci\u00f3n por decreto en la v\u00edspera de su impopular reforma jubilatoria. El grupo de diputados independientes LIOT y [&hellip;]<\/p>\n","protected":false},"author":1,"featured_media":57018,"comment_status":"open","ping_status":"closed","sticky":false,"template":"","format":"standard","meta":[],"categories":[24],"tags":[],"_links":{"self":[{"href":"http:\/\/hoycordobaweb.com\/index.php\/wp-json\/wp\/v2\/posts\/57017"}],"collection":[{"href":"http:\/\/hoycordobaweb.com\/index.php\/wp-json\/wp\/v2\/posts"}],"about":[{"href":"http:\/\/hoycordobaweb.com\/index.php\/wp-json\/wp\/v2\/types\/post"}],"author":[{"embeddable":true,"href":"http:\/\/hoycordobaweb.com\/index.php\/wp-json\/wp\/v2\/users\/1"}],"replies":[{"embeddable":true,"href":"http:\/\/hoycordobaweb.com\/index.php\/wp-json\/wp\/v2\/comments?post=57017"}],"version-history":[{"count":0,"href":"http:\/\/hoycordobaweb.com\/index.php\/wp-json\/wp\/v2\/posts\/57017\/revisions"}],"wp:featuredmedia":[{"embeddable":true,"href":"http:\/\/hoycordobaweb.com\/index.php\/wp-json\/wp\/v2\/media\/57018"}],"wp:attachment":[{"href":"http:\/\/hoycordobaweb.com\/index.php\/wp-json\/wp\/v2\/media?parent=57017"}],"wp:term":[{"taxonomy":"category","embeddable":true,"href":"http:\/\/hoycordobaweb.com\/index.php\/wp-json\/wp\/v2\/categories?post=57017"},{"taxonomy":"post_tag","embeddable":true,"href":"http:\/\/hoycordobaweb.com\/index.php\/wp-json\/wp\/v2\/tags?post=57017"}],"curies":[{"name":"wp","href":"https:\/\/api.w.org\/{rel}","templated":true}]}}