{"id":56957,"date":"2023-03-13T17:39:00","date_gmt":"2023-03-13T17:39:00","guid":{"rendered":"https:\/\/fm-comunicar.com.ar\/contenido\/20078\/virginia-ledesma-y-virginia-dal-moro-son-las-flamantes-reina-y-virreina-de-la-ve"},"modified":"2023-03-13T17:39:00","modified_gmt":"2023-03-13T17:39:00","slug":"virginia-ledesma-y-virginia-dal-moro-son-las-flamantes-reina-y-virreina-de-la-vendimia","status":"publish","type":"post","link":"http:\/\/hoycordobaweb.com\/index.php\/2023\/03\/13\/virginia-ledesma-y-virginia-dal-moro-son-las-flamantes-reina-y-virreina-de-la-vendimia\/","title":{"rendered":"Virginia Ledesma y Virginia Dal Moro son las flamantes Reina y Virreina de la Vendimia"},"content":{"rendered":"<p>Las j\u00f3venes fueron coronadas en el marco de la fiesta provincial. Una es Licenciada en Ciencias Pol\u00edticas y su compa\u00f1era de atributos fue integrante del Cuadro de Honor del colegio Bonoris.<img src=\"http:\/\/hoycordobaweb.com\/wp-content\/uploads\/2023\/03\/virginia-ledesma-y-virginia-dal-moro-son-las-flamantes-reina-y-virreina-de-la-vendimia.jpg\"><\/p>\n","protected":false},"excerpt":{"rendered":"<p>Las j\u00f3venes fueron coronadas en el marco de la fiesta provincial. Una es Licenciada en Ciencias Pol\u00edticas y su compa\u00f1era de atributos fue integrante del Cuadro de Honor del colegio Bonoris.<\/p>\n","protected":false},"author":1,"featured_media":56958,"comment_status":"closed","ping_status":"closed","sticky":false,"template":"","format":"standard","meta":[],"categories":[18],"tags":[],"_links":{"self":[{"href":"http:\/\/hoycordobaweb.com\/index.php\/wp-json\/wp\/v2\/posts\/56957"}],"collection":[{"href":"http:\/\/hoycordobaweb.com\/index.php\/wp-json\/wp\/v2\/posts"}],"about":[{"href":"http:\/\/hoycordobaweb.com\/index.php\/wp-json\/wp\/v2\/types\/post"}],"author":[{"embeddable":true,"href":"http:\/\/hoycordobaweb.com\/index.php\/wp-json\/wp\/v2\/users\/1"}],"replies":[{"embeddable":true,"href":"http:\/\/hoycordobaweb.com\/index.php\/wp-json\/wp\/v2\/comments?post=56957"}],"version-history":[{"count":0,"href":"http:\/\/hoycordobaweb.com\/index.php\/wp-json\/wp\/v2\/posts\/56957\/revisions"}],"wp:featuredmedia":[{"embeddable":true,"href":"http:\/\/hoycordobaweb.com\/index.php\/wp-json\/wp\/v2\/media\/56958"}],"wp:attachment":[{"href":"http:\/\/hoycordobaweb.com\/index.php\/wp-json\/wp\/v2\/media?parent=56957"}],"wp:term":[{"taxonomy":"category","embeddable":true,"href":"http:\/\/hoycordobaweb.com\/index.php\/wp-json\/wp\/v2\/categories?post=56957"},{"taxonomy":"post_tag","embeddable":true,"href":"http:\/\/hoycordobaweb.com\/index.php\/wp-json\/wp\/v2\/tags?post=56957"}],"curies":[{"name":"wp","href":"https:\/\/api.w.org\/{rel}","templated":true}]}}