{"id":56932,"date":"2023-03-15T13:13:51","date_gmt":"2023-03-15T13:13:51","guid":{"rendered":"https:\/\/www.mujerhoy.com\/moda\/no-te-pierdas\/elisabeth-belgica-copia-princesa-leonor-look-rosa-elegante-20230315083729-nt.html"},"modified":"2023-03-15T13:13:51","modified_gmt":"2023-03-15T13:13:51","slug":"elisabeth-de-belgica-copia-a-la-princesa-leonor-con-un-total-look-rosa-muy-elegante-y-facil-de-copiar","status":"publish","type":"post","link":"http:\/\/hoycordobaweb.com\/index.php\/2023\/03\/15\/elisabeth-de-belgica-copia-a-la-princesa-leonor-con-un-total-look-rosa-muy-elegante-y-facil-de-copiar\/","title":{"rendered":"Elisabeth de B\u00e9lgica copia a la princesa Leonor con un total look rosa muy elegante y f\u00e1cil de copiar"},"content":{"rendered":"<p><!-- AUTHOR --><\/p>\n<div class=\"voc-author-timesocial \"><!-- AUTHOR --><\/p>\n<div class=\"voc-author-timesocial__signature\"><!-- IMAGE AUTHOR --><picture class=\"voc-image-signature\"><img class=\"voc-image-signature__img\" src=\"http:\/\/hoycordobaweb.com\/wp-content\/uploads\/2023\/03\/elisabeth-de-belgica-copia-a-la-princesa-leonor-con-un-total-look-rosa-muy-elegante-y-facil-de-copiar.jpg\" alt=\"Raquel Rodr\u00edguez\"><\/picture><!-- INFO AUTHOR --><\/div>\n<\/div>\n<p><!-- COMPONENTS --><\/p>\n<p class=\"voc-paragraph\">Cada casa real tiene un estilo y un saber hacer que le caracteriza y hace que su imagen sea reconocida de una forma u otra. Sin embargo, siempre aparecen similitudes entre unas y otras y en cuando al estilo, las coincidencias suelen ser m\u00e1s que evidente. <a data-voc-vtm-id=\"in-text-traffic\" href=\"https:\/\/www.mujerhoy.com\/moda\/no-te-pierdas\/blazer-zara-original-barata-sin-solapa-elegante-favorita-royals-arrasa-20220613072523-nt.html\" title=\"www.mujerhoy.com\">Esta blazer de Zara<\/a> que han llevado Kate Middleton y y Victoria de Suecia es un buen ejemplo.\n<\/p>\n<p class=\"voc-paragraph\">Muchas <strong>royals <\/strong>suelen inspirarse en otras a la hora de vestir y, teniendo en cuenta que la reina Letizia siempre est\u00e1 a la cabeza de las mujeres de la realeza mejor vestidas, sus estilismos suelen ser los m\u00e1s copiados. Y parece que <strong>Elisabeth de B\u00e9lgica<\/strong> ha encontrado en nuestra monarca un referente estil\u00edstico. \u00bfLa prueba? <a data-voc-vtm-id=\"in-text-traffic\" href=\"https:\/\/www.mujerhoy.com\/moda\/no-te-pierdas\/princesa-elisabeth-belgica-look-copia-reina-letizia-vestido-azul-20221221121631-nt.html\" title=\"www.mujerhoy.com\">Este vestidazo azul de gala<\/a> y el <strong>total look rosa<\/strong> que ha llevado recientemente.\n<\/p>\n<p class=\"voc-paragraph\">La heredera al trono de B\u00e9lgica ha viajado junto a su madre, la reina Matilde, a <strong>Egipto <\/strong>para homenajear la pasi\u00f3n de la reina Isabel II por el pa\u00eds y apoyar la investigaci\u00f3n arqueol\u00f3gica belga all\u00ed. Madre e hija aterrizaron ayer en El Cairo y la primera parada de este viaje ha sido una visita a la exposici\u00f3n sobre la reina Isabel en el Palais Empain.\n<\/p>\n<p class=\"voc-paragraph\">All\u00ed, hemos podido ver a ambas posar juntas muy sonrientes y felices y hemos podido comprobar que Elisabeth ha dicho adi\u00f3s por completo a su imagen ani\u00f1ada y ha dado paso a una mucho m\u00e1s adulta que se ha visto reflejada gracias a sus estilismos.\n<\/p>\n<div class=\"voc-detail-photo-zoom\"><picture data-toggle=\"modal\" data-target=\"#photoZoomModal-879\" target=\"modal\">\n<div class=\"voc-img-icon-link\"><img loading=\"lazy\" data-original=\"\/\/static.mujerhoy.com\/www\/multimedia\/202303\/15\/media\/cortadas\/familia-real-belga-kC2F--460x637@MujerHoy.jpg\" class=\"lazy\" alt=\"El look rosa de Elisabeth de B\u00e9lgica. \/ @belgianroyalpalace\"><noscript><img src=\"http:\/\/hoycordobaweb.com\/wp-content\/uploads\/2023\/03\/elisabeth-de-belgica-copia-a-la-princesa-leonor-con-un-total-look-rosa-muy-elegante-y-facil-de-copiar-1.jpg\" alt=\"El look rosa de Elisabeth de B\u00e9lgica. \/ @belgianroyalpalace\"><\/noscript><i class=\"voc-icons zoom voc-multimedia-box voc-ico-l\"><\/i><\/div><figcaption class=\"figure-caption\">El look rosa de Elisabeth de B\u00e9lgica. \/ @belgianroyalpalace<\/figcaption><\/picture><\/div>\n<div id=\"photoZoomModal-879\" class=\"voc-lightbox modal fade voc-lightbox--photo-zoom\" role=\"dialog\" data-voc-photozoom-lightbox>\n<div class=\"voc-lightbox__dialog\" role=\"document\">\n<div class=\"voc-lightbox__content\"><!-- Modal header --><!-- Modal content --><\/p>\n<div class=\"voc-lightbox__photo-container\"><picture class><img loading=\"lazy\" data-original=\"\/\/static.mujerhoy.com\/www\/multimedia\/202303\/15\/media\/cortadas\/familia-real-belga-kC2F--460x637@MujerHoy.jpg\" alt=\"El look rosa de Elisabeth de B\u00e9lgica. \/ @belgianroyalpalace\" class=\"lazy\"><noscript><img src=\"http:\/\/hoycordobaweb.com\/wp-content\/uploads\/2023\/03\/elisabeth-de-belgica-copia-a-la-princesa-leonor-con-un-total-look-rosa-muy-elegante-y-facil-de-copiar-1.jpg\" alt=\"El look rosa de Elisabeth de B\u00e9lgica. \/ @belgianroyalpalace\"><\/noscript><\/picture><\/div>\n<\/div>\n<\/div>\n<\/div>\n<p class=\"voc-paragraph\">La joven de 21 a\u00f1os ya ha conseguido colarse en las listas de las royals mejor vestidas gracias a looks coloridos y muy favorecedores como este \u00faltimo que le hemos fichado en Egipto: un <strong>total look rosa<\/strong> con el que ha robado el protagonismo a su madre, que opt\u00f3 por un vestido blanco midi.\n<\/p>\n<p class=\"voc-paragraph\">La princesa luci\u00f3 de lo m\u00e1s elegante gracias a un top de cuello redondo y mangas de efecto capa y unos pantalones rectos y de talle alto a juego. Ambas prendas son de Emporio Armani y las combin\u00f3 con unos salones nude de Jimmy Choo, un bolso a tono de Kaai y unos originales pendientes, tambi\u00e9n de Armani.\n<\/p>\n<p class=\"voc-paragraph\">Era un outfit protagonizado por el rosa, un color s\u00faper tendencia que lleva arrasando varias temporadas y que, sin lugar a dudas, es uno de los favoritos de do\u00f1a Letizia. Tanto le gusta este tono a nuestra monarca, que sus hijas, Leonor y Sof\u00eda, tambi\u00e9n se han unido a \u00e9l.\n<\/p>\n<div class=\"voc-detail-photo-zoom\"><picture data-toggle=\"modal\" data-target=\"#photoZoomModal-791\" target=\"modal\">\n<div class=\"voc-img-icon-link\"><img loading=\"lazy\" data-original=\"\/\/static2.mujerhoy.com\/www\/multimedia\/202303\/15\/media\/cortadas\/leonor-traje-rosa-kC2F--460x637@MujerHoy.jpg\" class=\"lazy\" alt=\"La princesa Leonor con un traje rosa. \/ GTRES\"><noscript><img src=\"http:\/\/hoycordobaweb.com\/wp-content\/uploads\/2023\/03\/elisabeth-de-belgica-copia-a-la-princesa-leonor-con-un-total-look-rosa-muy-elegante-y-facil-de-copiar-2.jpg\" alt=\"La princesa Leonor con un traje rosa. \/ GTRES\"><\/noscript><i class=\"voc-icons zoom voc-multimedia-box voc-ico-l\"><\/i><\/div><figcaption class=\"figure-caption\">La princesa Leonor con un traje rosa. \/ GTRES<\/figcaption><\/picture><\/div>\n<div id=\"photoZoomModal-791\" class=\"voc-lightbox modal fade voc-lightbox--photo-zoom\" role=\"dialog\" data-voc-photozoom-lightbox>\n<div class=\"voc-lightbox__dialog\" role=\"document\">\n<div class=\"voc-lightbox__content\"><!-- Modal header --><!-- Modal content --><\/p>\n<div class=\"voc-lightbox__photo-container\"><picture class><img loading=\"lazy\" data-original=\"\/\/static2.mujerhoy.com\/www\/multimedia\/202303\/15\/media\/cortadas\/leonor-traje-rosa-kC2F--460x637@MujerHoy.jpg\" alt=\"La princesa Leonor con un traje rosa. \/ GTRES\" class=\"lazy\"><noscript><img src=\"http:\/\/hoycordobaweb.com\/wp-content\/uploads\/2023\/03\/elisabeth-de-belgica-copia-a-la-princesa-leonor-con-un-total-look-rosa-muy-elegante-y-facil-de-copiar-2.jpg\" alt=\"La princesa Leonor con un traje rosa. \/ GTRES\"><\/noscript><\/picture><\/div>\n<\/div>\n<\/div>\n<\/div>\n<p class=\"voc-paragraph\">Especialmente la princesa, a quien le hemos visto lucir en varias ocasiones total looks en fucsia que le favorecen much\u00edsimo y que han hecho que podamos decir que tambi\u00e9n es uno de sus colores favoritos y, sin lugar a dudas, el color al que m\u00e1s recurre para citas especiales.\n<\/p>\n<p class=\"voc-paragraph\">S\u00ed, ya sabemos que el rojo es el color fetiche de la reina Letizia y que no hay color que m\u00e1s le identifique, si embargo, con la fiebre del rosa que estamos viviendo en las \u00faltimas temporadas, la monarca ha demostrado que este tambi\u00e9n es muy buena opci\u00f3n. Y la propia Leonor ha seguido los pasos de su madre confirmando su teor\u00eda.\n<\/p>\n<div class=\"voc-detail-photo-zoom\"><picture data-toggle=\"modal\" data-target=\"#photoZoomModal-992\" target=\"modal\">\n<div class=\"voc-img-icon-link\"><img loading=\"lazy\" data-original=\"\/\/static1.mujerhoy.com\/www\/multimedia\/202303\/15\/media\/cortadas\/leonor-vestido-rosa-kC2F--460x637@MujerHoy.jpg\" class=\"lazy\" alt=\"La princesa Leonor con un vestido rosa. \/ GTRES\"><noscript><img src=\"http:\/\/hoycordobaweb.com\/wp-content\/uploads\/2023\/03\/elisabeth-de-belgica-copia-a-la-princesa-leonor-con-un-total-look-rosa-muy-elegante-y-facil-de-copiar-3.jpg\" alt=\"La princesa Leonor con un vestido rosa. \/ GTRES\"><\/noscript><i class=\"voc-icons zoom voc-multimedia-box voc-ico-l\"><\/i><\/div><figcaption class=\"figure-caption\">La princesa Leonor con un vestido rosa. \/ GTRES<\/figcaption><\/picture><\/div>\n<div id=\"photoZoomModal-992\" class=\"voc-lightbox modal fade voc-lightbox--photo-zoom\" role=\"dialog\" data-voc-photozoom-lightbox>\n<div class=\"voc-lightbox__dialog\" role=\"document\">\n<div class=\"voc-lightbox__content\"><!-- Modal header --><!-- Modal content --><\/p>\n<div class=\"voc-lightbox__photo-container\"><picture class><img loading=\"lazy\" data-original=\"\/\/static1.mujerhoy.com\/www\/multimedia\/202303\/15\/media\/cortadas\/leonor-vestido-rosa-kC2F--460x637@MujerHoy.jpg\" alt=\"La princesa Leonor con un vestido rosa. \/ GTRES\" class=\"lazy\"><noscript><img src=\"http:\/\/hoycordobaweb.com\/wp-content\/uploads\/2023\/03\/elisabeth-de-belgica-copia-a-la-princesa-leonor-con-un-total-look-rosa-muy-elegante-y-facil-de-copiar-3.jpg\" alt=\"La princesa Leonor con un vestido rosa. \/ GTRES\"><\/noscript><\/picture><\/div>\n<\/div>\n<\/div>\n<\/div>\n<p class=\"voc-paragraph\">Y parece que Elisabeth de B\u00e9lgica ha hecho lo mismo. Como decimos, no es la primera vez que vemos similitudes en los looks de ambas y hoy nos hemos dado cuenta de que, en realidad, promete hacerle la competencia a la heredera del trono espa\u00f1ol. Un duelo estil\u00edstico que apunta maneras y que estamos seguras de que nos va a dejar lookazos para el recuerdo.\n<\/p>\n<p><!-- TOPICS --><\/p>\n","protected":false},"excerpt":{"rendered":"<p>Cada casa real tiene un estilo y un saber hacer que le caracteriza y hace que su imagen sea reconocida de una forma u otra. Sin embargo, siempre aparecen similitudes entre unas y otras y en cuando al estilo, las coincidencias suelen ser m\u00e1s que evidente. Esta blazer de Zara que han llevado Kate Middleton [&hellip;]<\/p>\n","protected":false},"author":1,"featured_media":56933,"comment_status":"closed","ping_status":"closed","sticky":false,"template":"","format":"standard","meta":[],"categories":[1],"tags":[],"_links":{"self":[{"href":"http:\/\/hoycordobaweb.com\/index.php\/wp-json\/wp\/v2\/posts\/56932"}],"collection":[{"href":"http:\/\/hoycordobaweb.com\/index.php\/wp-json\/wp\/v2\/posts"}],"about":[{"href":"http:\/\/hoycordobaweb.com\/index.php\/wp-json\/wp\/v2\/types\/post"}],"author":[{"embeddable":true,"href":"http:\/\/hoycordobaweb.com\/index.php\/wp-json\/wp\/v2\/users\/1"}],"replies":[{"embeddable":true,"href":"http:\/\/hoycordobaweb.com\/index.php\/wp-json\/wp\/v2\/comments?post=56932"}],"version-history":[{"count":0,"href":"http:\/\/hoycordobaweb.com\/index.php\/wp-json\/wp\/v2\/posts\/56932\/revisions"}],"wp:featuredmedia":[{"embeddable":true,"href":"http:\/\/hoycordobaweb.com\/index.php\/wp-json\/wp\/v2\/media\/56933"}],"wp:attachment":[{"href":"http:\/\/hoycordobaweb.com\/index.php\/wp-json\/wp\/v2\/media?parent=56932"}],"wp:term":[{"taxonomy":"category","embeddable":true,"href":"http:\/\/hoycordobaweb.com\/index.php\/wp-json\/wp\/v2\/categories?post=56932"},{"taxonomy":"post_tag","embeddable":true,"href":"http:\/\/hoycordobaweb.com\/index.php\/wp-json\/wp\/v2\/tags?post=56932"}],"curies":[{"name":"wp","href":"https:\/\/api.w.org\/{rel}","templated":true}]}}