{"id":56920,"date":"2023-03-15T16:59:29","date_gmt":"2023-03-15T16:59:29","guid":{"rendered":"https:\/\/www.ole.com.ar\/ecuador\/la-tri\/kendry-paez-jugadores-citados-tri-seleccion-sudamericano-sub17_0_iKF3Tj1Jss.html"},"modified":"2023-03-15T16:59:29","modified_gmt":"2023-03-15T16:59:29","slug":"con-kendry-paez-estos-son-los-jugadores-para-el-sudamericano-sub-17","status":"publish","type":"post","link":"http:\/\/hoycordobaweb.com\/index.php\/2023\/03\/15\/con-kendry-paez-estos-son-los-jugadores-para-el-sudamericano-sub-17\/","title":{"rendered":"Con Kendry P\u00e1ez, estos son los jugadores para el Sudamericano Sub 17"},"content":{"rendered":"<p><img src=\"http:\/\/hoycordobaweb.com\/wp-content\/uploads\/2023\/03\/con-kendry-paez-estos-son-los-jugadores-para-el-sudamericano-sub-17.jpg\"><\/p>\n<p><time class=\"createDate\" datetime=\"2023-03-15T13:59:29-03:00\">15\/03\/2023 13:59hs.<\/time><time class=\"modificatedDate\" datetime=\"2023\/03\/15T14:54:02-03:00\"> Actualizado al 15\/03\/2023 14:54hs.<\/time><\/p>\n<div id=\"storyBody\">\n<div class=\"custom-text \" readability=\"22.042553191489\">\n<p>La <a href=\"https:\/\/www.ole.com.ar\/tema\/federacion-ecuatoriana-futbol.html\" title=\"Federaci\u00f3n Ecuatoriana F\u00fatbol\" alt=\"Federaci\u00f3n Ecuatoriana F\u00fatbol\" class=\"slug\"><strong>Federaci\u00f3n Ecuatoriana de F\u00fatbol<\/strong><\/a> oficializ\u00f3 la n\u00f3mina de la <a href=\"https:\/\/www.ole.com.ar\/tema\/seleccion-de-ecuador.html\" title=\"Selecci\u00f3n de Ecuador\" alt=\"Selecci\u00f3n de Ecuador\" class=\"slug\"><strong>Selecci\u00f3n de Ecuador<\/strong><\/a> para el Sudamericano Sub 17. Entre la novedad, de un equipo que genera ilusi\u00f3n, <strong>Diego Mart\u00ednez confirm\u00f3 la presencia de <\/strong><a href=\"https:\/\/www.ole.com.ar\/tema\/kendry-paez.html\" title=\"Kendry P\u00e1ez\" alt=\"Kendry P\u00e1ez\" class=\"slug\"><strong>Kendry P\u00e1ez<\/strong><\/a><strong>, tal cual <\/strong><a href=\"https:\/\/www.ole.com.ar\/ecuador\/la-tri\/mini-tri-sudamericano-sub17-diego-martinez-convocado-kendry-paez_0_22FxhuJWIH.html\" target=\"_blank\" rel=\"noopener noreferrer\"><strong>Diario Ol\u00e9 hab\u00eda anticipado el 27 de febrero.<\/strong><\/a><\/p>\n<\/div>\n<div class=\"sc-489cef11-0 jHGTKj\" readability=\"6\">\n<section readability=\"2\"><picture><img class=\"img\" src=\"http:\/\/hoycordobaweb.com\/wp-content\/uploads\/2023\/03\/con-kendry-paez-estos-son-los-jugadores-para-el-sudamericano-sub-17-2.jpg\" alt=\"Exclusivo: Kendry P\u00e1ez ser\u00e1 convocado al Sudamericano Sub 17\" height=\"290\" width=\"290\" loading=\"lazy\"><\/picture>\n<p><span>Mir\u00e1 tambi\u00e9n<\/span><\/p>\n<hr>\n<h3>Exclusivo: Kendry P\u00e1ez ser\u00e1 convocado al Sudamericano Sub 17<\/h3>\n<\/p>\n<\/section>\n<\/div>\n<div class=\"sc-489cef11-0 jHGTKj\" readability=\"6.5\">\n<section readability=\"3\"><picture><img class=\"img\" src=\"http:\/\/hoycordobaweb.com\/wp-content\/uploads\/2023\/03\/con-kendry-paez-estos-son-los-jugadores-para-el-sudamericano-sub-17-3.jpg\" alt=\"Diego Mart\u00ednez con Ol\u00e9: &quot;Un scouting de 225 jugadores&quot; y la &quot;motivaci\u00f3n&quot; de ser local\" height=\"290\" width=\"290\" loading=\"lazy\"><\/picture>\n<p><span>Mir\u00e1 tambi\u00e9n<\/span><\/p>\n<hr>\n<h3>Diego Mart\u00ednez con Ol\u00e9: \u00abUn scouting de 225 jugadores\u00bb y la \u00abmotivaci\u00f3n\u00bb de ser local<\/h3>\n<\/p>\n<\/section>\n<\/div>\n<div class=\"sc-489cef11-0 jHGTKj\" readability=\"6\">\n<section readability=\"2\"><picture><img class=\"img\" src=\"http:\/\/hoycordobaweb.com\/wp-content\/uploads\/2023\/03\/con-kendry-paez-estos-son-los-jugadores-para-el-sudamericano-sub-17-4.jpg\" alt=\"La Sub 17 perdi\u00f3 ante Per\u00fa en un amistoso\" height=\"290\" width=\"290\" loading=\"lazy\"><\/picture>\n<p><span>Mir\u00e1 tambi\u00e9n<\/span><\/p>\n<hr>\n<h3>La Sub 17 perdi\u00f3 ante Per\u00fa en un amistoso<\/h3>\n<\/p>\n<\/section>\n<\/div>\n<div class=\"custom-text \" readability=\"35.416216216216\">\n<p><strong>Kendry P\u00e1ez es el gran diamante que tiene el f\u00fatbol ecuatoriano<\/strong>. Con 15 a\u00f1os, el volante ofensivo, habilidoso, y de gran talento, producto de la f\u00e1brica de talentos que es<a href=\"https:\/\/www.ole.com.ar\/tema\/independiente-del-valle.html\" title=\"Independiente del Valle\" alt=\"Independiente del Valle\" class=\"slug\"><strong> Independiente del Valle<\/strong><\/a>, ya debut\u00f3 oficialmente en Primera. <a href=\"https:\/\/www.ole.com.ar\/ecuador\/independiente-del-valle\/kendry-paez-debut-independiente-del-valle-mushuc-runa_0_wJG4XhCssc.html\"><strong>Con 15 a\u00f1os y 297 d\u00edas<\/strong><\/a><strong>, fue titular en la primera fecha contra <\/strong><a href=\"https:\/\/www.ole.com.ar\/tema\/mushuc-runa.html\" target=\"_blank\" title=\"Mushuc Runa\" alt=\"Mushuc Runa\" class=\"slug\" rel=\"noopener noreferrer\"><strong>Mushuc Runa<\/strong><\/a><strong>, triunfo 3-1 en el que incluso convirti\u00f3 su primer gol.<\/strong><\/p>\n<\/div>\n<div class=\"sc-996041c8-0 kvfKM\"><img alt=\"Kendry Pa\u00e9z durante su debut con Independiente del Valle.\" src=\"http:\/\/hoycordobaweb.com\/wp-content\/uploads\/2023\/03\/con-kendry-paez-estos-son-los-jugadores-para-el-sudamericano-sub-17-5.jpg\" width=\"720\" height=\"0\" decoding=\"async\" data-nimg=\"future\" loading=\"lazy\"><span>Kendry Pa\u00e9z durante su debut con Independiente del Valle.<\/span><\/div>\n<div class=\"sc-489cef11-0 jHGTKj\" readability=\"6\">\n<section readability=\"2\"><picture><img class=\"img\" src=\"http:\/\/hoycordobaweb.com\/wp-content\/uploads\/2023\/03\/con-kendry-paez-estos-son-los-jugadores-para-el-sudamericano-sub-17-6.jpg\" alt=\"Como el Kun: la joya de Ecuador que debut\u00f3 con 15 a\u00f1os y adem\u00e1s meti\u00f3 un golazo\" height=\"290\" width=\"290\" loading=\"lazy\"><\/picture>\n<p><span>Mir\u00e1 tambi\u00e9n<\/span><\/p>\n<hr>\n<h3>Como el Kun: la joya de Ecuador que debut\u00f3 con 15 a\u00f1os y adem\u00e1s meti\u00f3 un golazo<\/h3>\n<\/p>\n<\/section>\n<\/div>\n<div class=\"custom-text \" readability=\"39\">\n<p>Semanas atr\u00e1s, Diego Mart\u00ednez se hab\u00eda referido al caso de Kendry a fondo.<strong> \u00abCon Kendry estamos muy contentos por lo que ha venido viviendo desde el a\u00f1o pasado, ha tenido un repunte en su desarrollo. <\/strong>Al inicio del a\u00f1o pasado ten\u00eda que mejorar varias cosas que creo, entendi\u00f3 que deb\u00eda mejorarlas y las hizo\u00bb, cont\u00f3 en primer t\u00e9rmino.<\/p>\n<\/div>\n<div class=\"custom-text \" readability=\"38\">\n<p>Para luego continuar: \u00abA partir de eso las cosas han sido grandes para \u00e9l. Ha estado en la mayor\u00eda de mis microciclos, <strong>es un jugador importante,<\/strong> como todos los que tenemos para la selecci\u00f3n. Contentos de que pueda estar recorriendo este camino, pero tambi\u00e9n entendiendo muy claramente que <strong>es un chico que tenemos que llevarlos con mucha tranquilidad\u00bb.<\/strong><\/p>\n<\/div>\n<div class=\"custom-text \" readability=\"38\">\n<p>Sobre la responsabilidad de guiar a un jugador tan joven, el DT expres\u00f3:<strong> \u00abHay que tratar de llevarlo tranquilo, entender que es un chico, de alguna manera dejarlo tranquilo<\/strong>, que no viva tanto de estos refuerzos o est\u00edmulos de la prensa o del entorno de fuera\u00bb.<\/p>\n<\/div>\n<div class=\"sc-489cef11-0 jHGTKj\" readability=\"6\">\n<section readability=\"2\"><picture><img class=\"img\" src=\"http:\/\/hoycordobaweb.com\/wp-content\/uploads\/2023\/03\/con-kendry-paez-estos-son-los-jugadores-para-el-sudamericano-sub-17-7.jpg\" alt=\"Eliminatorias al Mundial 2026: La Tri debutar\u00e1 ante Argentina\" height=\"290\" width=\"290\" loading=\"lazy\"><\/picture>\n<p><span>Mir\u00e1 tambi\u00e9n<\/span><\/p>\n<hr>\n<h3>Eliminatorias al Mundial 2026: La Tri debutar\u00e1 ante Argentina<\/h3>\n<\/p>\n<\/section>\n<\/div>\n<div class=\"sc-996041c8-0 kvfKM\"><img alt=\"Kendry P\u00e1ez en Independiente del Valle - Cumbay\u00e1, por la LigaPro (API)\" src=\"http:\/\/hoycordobaweb.com\/wp-content\/uploads\/2023\/03\/con-kendry-paez-estos-son-los-jugadores-para-el-sudamericano-sub-17-8.jpg\" width=\"720\" height=\"0\" decoding=\"async\" data-nimg=\"future\" loading=\"lazy\"><span>Kendry P\u00e1ez en Independiente del Valle &#8211; Cumbay\u00e1, por la LigaPro (API)<\/span><\/div>\n<div class=\"sc-489cef11-0 jHGTKj\" readability=\"6\">\n<section readability=\"2\"><picture><img class=\"img\" src=\"http:\/\/hoycordobaweb.com\/wp-content\/uploads\/2023\/03\/con-kendry-paez-estos-son-los-jugadores-para-el-sudamericano-sub-17-9.jpg\" alt=\"Para S\u00e1nchez Bas que lo mira por TV: agenda de tricolores en Europa \" height=\"290\" width=\"290\" loading=\"lazy\"><\/picture>\n<p><span>Mir\u00e1 tambi\u00e9n<\/span><\/p>\n<hr>\n<h3>Para S\u00e1nchez Bas que lo mira por TV: agenda de tricolores en Europa<br \/>\n<\/h3>\n<\/p>\n<\/section>\n<\/div>\n<div class=\"custom-text \" readability=\"37\">\n<p>Y sum\u00f3: \u00abQueremos cuidarlo, que disfrute, <strong>queremos que el Sudamericano para \u00e9l sea un un espacio para seguir creciendo y mejorando,<\/strong> que es lo que \u00e9l necesita, igual que sus compa\u00f1eros\u00bb.<\/p>\n<\/div>\n<div class=\"custom-text \" readability=\"40\">\n<p>Finalmente, sobre la personalidad de la joven promesa cont\u00f3:<strong> \u00abEs un chico normal como todos. Es buen chico, le gusta estar con sus compa\u00f1eros, <\/strong>le gusta mucho la m\u00fasica, el baile como todos nuestros chicos. No difiere mucho de cualquier jugador de formativas. Tiene mucho car\u00e1cter, hemos trabajado mucho su liderazgo positivo y lo est\u00e1 asumiendo de buena forma.<\/p>\n<\/div>\n<p><h2><strong>Los convocados<\/strong><\/h2>\n<\/p>\n<div class=\"sc-996041c8-0 kvfKM\"><img alt=\"Lista de jugadores citados por Ecuador para el Sudamericano Sub 17\" src=\"http:\/\/hoycordobaweb.com\/wp-content\/uploads\/2023\/03\/con-kendry-paez-estos-son-los-jugadores-para-el-sudamericano-sub-17-10.jpg\" width=\"720\" height=\"0\" decoding=\"async\" data-nimg=\"future\" loading=\"lazy\"><span>Lista de jugadores citados por Ecuador para el Sudamericano Sub 17<\/span><\/div>\n<div class=\"sc-489cef11-0 jHGTKj\" readability=\"6\">\n<section readability=\"2\"><picture><img class=\"img\" src=\"http:\/\/hoycordobaweb.com\/wp-content\/uploads\/2023\/03\/con-kendry-paez-estos-son-los-jugadores-para-el-sudamericano-sub-17-11.jpg\" alt=\"\u00bf4-4-2 o 3-4-3? F\u00e9lix S\u00e1nchez Bas habl\u00f3 sobre el sistema que utilizar\u00e1\" height=\"290\" width=\"290\" loading=\"lazy\"><\/picture>\n<p><span>Mir\u00e1 tambi\u00e9n<\/span><\/p>\n<hr>\n<h3>\u00bf4-4-2 o 3-4-3? F\u00e9lix S\u00e1nchez Bas habl\u00f3 sobre el sistema que utilizar\u00e1<\/h3>\n<\/p>\n<\/section>\n<\/div>\n<p><h2><strong>Se acerca el Sudamericano<\/strong><\/h2>\n<\/p>\n<div class=\"custom-text \" readability=\"34.484649122807\">\n<p>Ecuador recibir\u00e1 a las promesas del sur del continente al organizar el <strong>Sudamericano Sub 17<\/strong> que se disputar\u00e1<strong> <\/strong><a href=\"https:\/\/www.ole.com.ar\/ecuador\/la-tri\/confirmado-fixture-calendario-sedes-sudamericano-sub-17-ecuador-mini-tri_0_wv6jSKmghm.html\" target=\"_blank\" rel=\"noopener noreferrer\"><strong>del 30 de marzo al 23 de abril.<\/strong><\/a><strong> <\/strong>La Conmebol dio a conocer que la primera fase se jugar\u00e1 en Guayaquil, mientras que el hexagonal final se mudar\u00e1 a Quito. Los estadios que albergar\u00e1n los partidos son el <strong>Christian Ben\u00edtez <\/strong>y <strong>George Capwell <\/strong>en la Perla del Pac\u00edfico, mientras que en la capital son el <strong>Ol\u00edmpico Atahualpa <\/strong>y el <strong>Rodrigo Paz Delgado<\/strong>.<\/p>\n<\/div>\n<div class=\"custom-text \" readability=\"40\">\n<p>La Mini Tri ya conoce el fixture de sus partidos en el <strong>Grupo A,<\/strong> el cual comparte con <strong>Uruguay, Brasil, Chile y Colombia. <\/strong>Los dirigidos por Diego Mart\u00ednez jugar\u00e1n todos los encuentros de la fase de grupos en el Christian Ben\u00edtez a las 19, el horario estelar al ser anfitriones. <strong>Brasil ser\u00e1 el primer rival de la Selecci\u00f3n de Ecuador, encuentro que se disputar\u00e1 el jueves 30 de marzo.<\/strong><\/p>\n<\/div>\n<div class=\"sc-996041c8-0 kvfKM\"><img alt=\"As\u00ed quedaron los grupos del Sudamericano. Foto: Conmebol.\" src=\"http:\/\/hoycordobaweb.com\/wp-content\/uploads\/2023\/03\/con-kendry-paez-estos-son-los-jugadores-para-el-sudamericano-sub-17-12.jpg\" width=\"720\" height=\"0\" decoding=\"async\" data-nimg=\"future\" loading=\"lazy\"><span>As\u00ed quedaron los grupos del Sudamericano. Foto: Conmebol.<\/span><\/div>\n<div class=\"sc-489cef11-0 jHGTKj\" readability=\"6\">\n<section readability=\"2\"><picture><img class=\"img\" src=\"http:\/\/hoycordobaweb.com\/wp-content\/uploads\/2023\/03\/con-kendry-paez-estos-son-los-jugadores-para-el-sudamericano-sub-17-13.jpg\" alt=\"As\u00ed son los espectaculares estadios en los que va a jugar La Tri\" height=\"290\" width=\"290\" loading=\"lazy\"><\/picture>\n<p><span>Mir\u00e1 tambi\u00e9n<\/span><\/p>\n<hr>\n<h3>As\u00ed son los espectaculares estadios en los que va a jugar La Tri<\/h3>\n<\/p>\n<\/section>\n<\/div>\n<p><h2><strong>El fixture de La Mini Tri<\/strong><\/h2>\n<\/p>\n<div class=\"custom-text \" readability=\"32\">\n<p><strong>30\/03 Ecuador vs Brasil <\/strong>Hora: 19 Estadio: Christian Ben\u00edtez<\/p>\n<\/div>\n<div class=\"custom-text \" readability=\"32\">\n<p><strong>01\/04 Ecuador vs Colombia <\/strong>Hora: 19 Estadio: Christian Ben\u00edtez<\/p>\n<\/div>\n<div class=\"custom-text \" readability=\"32\">\n<p><strong>03\/04 Ecuador vs Uruguay<\/strong> Hora: 19 Estadio: Christian Ben\u00edtez<\/p>\n<\/div>\n<div class=\"custom-text \" readability=\"32\">\n<p><strong>05\/04 Ecuador vs Chile <\/strong>Hora: 19 Estadio: Christian Ben\u00edtez<\/p>\n<\/div>\n<div class=\"custom-embedhtml\" readability=\"6.0454545454545\">\n<blockquote class=\"twitter-tweet\" readability=\"6.0454545454545\">\n<p lang=\"es\" dir=\"ltr\">\u00a1Para agendar! \ud83d\udcdd<\/p>\n<p>\ud83d\uddd3\ufe0f Calendario de partidos para la CONMEBOL Sub17 &#8211; 2023.<\/p>\n<p>\ud83c\udde6\ud83c\uddf7\ud83c\udde7\ud83c\uddf4\ud83c\udde7\ud83c\uddf7\ud83c\udde8\ud83c\uddf1\ud83c\udde8\ud83c\uddf4\ud83c\uddea\ud83c\udde8\ud83c\uddf5\ud83c\uddfe\ud83c\uddf5\ud83c\uddea\ud83c\uddfa\ud83c\uddfe\ud83c\uddfb\ud83c\uddea<a href=\"https:\/\/twitter.com\/hashtag\/CreeEnGrande?src=hash&amp;ref_src=twsrc%5Etfw\">#CreeEnGrande<\/a><\/p>\n<p>\u2014 CONMEBOL.com (@CONMEBOL) <a href=\"https:\/\/twitter.com\/CONMEBOL\/status\/1629504931001450496?ref_src=twsrc%5Etfw\">February 25, 2023<\/a><\/p><\/blockquote><\/div>\n<div class=\"sc-489cef11-0 jHGTKj\" readability=\"6\">\n<section readability=\"2\"><picture><img class=\"img\" src=\"http:\/\/hoycordobaweb.com\/wp-content\/uploads\/2023\/03\/con-kendry-paez-estos-son-los-jugadores-para-el-sudamericano-sub-17-14.jpg\" alt=\"\u00a1Otra demanda! La FEF recibir\u00e1 otro reclamo de deuda por la v\u00eda legal\" height=\"290\" width=\"290\" loading=\"lazy\"><\/picture>\n<p><span>Mir\u00e1 tambi\u00e9n<\/span><\/p>\n<hr>\n<h3>\u00a1Otra demanda! La FEF recibir\u00e1 otro reclamo de deuda por la v\u00eda legal<\/h3>\n<\/p>\n<\/section>\n<\/div>\n<div class=\"sc-489cef11-0 jHGTKj\" readability=\"6\">\n<section readability=\"2\"><picture><img class=\"img\" src=\"http:\/\/hoycordobaweb.com\/wp-content\/uploads\/2023\/03\/con-kendry-paez-estos-son-los-jugadores-para-el-sudamericano-sub-17-15.jpg\" alt=\"FIFA confirma nuevo formato del mega Mundial 2026\" height=\"290\" width=\"290\" loading=\"lazy\"><\/picture>\n<p><span>Mir\u00e1 tambi\u00e9n<\/span><\/p>\n<hr>\n<h3>FIFA confirma nuevo formato del mega Mundial 2026<\/h3>\n<\/p>\n<\/section>\n<\/div>\n<\/div>\n","protected":false},"excerpt":{"rendered":"<p>15\/03\/2023 13:59hs. Actualizado al 15\/03\/2023 14:54hs. La Federaci\u00f3n Ecuatoriana de F\u00fatbol oficializ\u00f3 la n\u00f3mina de la Selecci\u00f3n de Ecuador para el Sudamericano Sub 17. Entre la novedad, de un equipo que genera ilusi\u00f3n, Diego Mart\u00ednez confirm\u00f3 la presencia de Kendry P\u00e1ez, tal cual Diario Ol\u00e9 hab\u00eda anticipado el 27 de febrero. Mir\u00e1 tambi\u00e9n Exclusivo: Kendry [&hellip;]<\/p>\n","protected":false},"author":1,"featured_media":56921,"comment_status":"open","ping_status":"closed","sticky":false,"template":"","format":"standard","meta":[],"categories":[16],"tags":[],"_links":{"self":[{"href":"http:\/\/hoycordobaweb.com\/index.php\/wp-json\/wp\/v2\/posts\/56920"}],"collection":[{"href":"http:\/\/hoycordobaweb.com\/index.php\/wp-json\/wp\/v2\/posts"}],"about":[{"href":"http:\/\/hoycordobaweb.com\/index.php\/wp-json\/wp\/v2\/types\/post"}],"author":[{"embeddable":true,"href":"http:\/\/hoycordobaweb.com\/index.php\/wp-json\/wp\/v2\/users\/1"}],"replies":[{"embeddable":true,"href":"http:\/\/hoycordobaweb.com\/index.php\/wp-json\/wp\/v2\/comments?post=56920"}],"version-history":[{"count":0,"href":"http:\/\/hoycordobaweb.com\/index.php\/wp-json\/wp\/v2\/posts\/56920\/revisions"}],"wp:featuredmedia":[{"embeddable":true,"href":"http:\/\/hoycordobaweb.com\/index.php\/wp-json\/wp\/v2\/media\/56921"}],"wp:attachment":[{"href":"http:\/\/hoycordobaweb.com\/index.php\/wp-json\/wp\/v2\/media?parent=56920"}],"wp:term":[{"taxonomy":"category","embeddable":true,"href":"http:\/\/hoycordobaweb.com\/index.php\/wp-json\/wp\/v2\/categories?post=56920"},{"taxonomy":"post_tag","embeddable":true,"href":"http:\/\/hoycordobaweb.com\/index.php\/wp-json\/wp\/v2\/tags?post=56920"}],"curies":[{"name":"wp","href":"https:\/\/api.w.org\/{rel}","templated":true}]}}