{"id":56916,"date":"2023-03-15T17:09:39","date_gmt":"2023-03-15T17:09:39","guid":{"rendered":"https:\/\/www.ole.com.ar\/river-plate\/lucas-beltran-esequiel-barco-penal-buena-onda-redes-foto-river_0_pJZHmW4fN3.html"},"modified":"2023-03-15T17:09:39","modified_gmt":"2023-03-15T17:09:39","slug":"barco-y-beltran-de-la-discusion-del-penal-a-la-buena-onda-y-con-foto","status":"publish","type":"post","link":"http:\/\/hoycordobaweb.com\/index.php\/2023\/03\/15\/barco-y-beltran-de-la-discusion-del-penal-a-la-buena-onda-y-con-foto\/","title":{"rendered":"Barco y Beltr\u00e1n: de la discusi\u00f3n del penal a la buena onda, \u00a1y con foto!"},"content":{"rendered":"<p><img src=\"http:\/\/hoycordobaweb.com\/wp-content\/uploads\/2023\/03\/barco-y-beltran-de-la-discusion-del-penal-a-la-buena-onda-y-con-foto.jpg\"><\/p>\n<p><time class=\"createDate\" datetime=\"2023-03-15T14:09:39-03:00\">15\/03\/2023 14:09hs.<\/time><time class=\"modificatedDate\" datetime=\"2023\/03\/15T14:09:39-03:00\"><\/time><\/p>\n<div id=\"storyBody\">\n<div class=\"custom-text \" readability=\"15\">\n<p>A pesar de las ganas de<strong> Lucas Beltran<\/strong> de ir por el hat-trick ante Godoy Cruz para llevarse su primera pelota a casa, <strong>Esequiel Barco<\/strong> agarr\u00f3 la pelota y no la solt\u00f3. Aunque<strong> Enzo P\u00e9rez y Paulo D\u00edaz tomaron la voz ante la mirada del un delantero que le hizo el pedido y esperaba un gesto de su compa\u00f1ero<\/strong>, no pudieron convencerlo. Y en medio de las opiniones divididas, con algunos hinchas de River que insisten con que el ex Rojo deber\u00eda haber cedido la pena m\u00e1xima, entre ellos reina la buena onda, \u00a1y con foto!<\/p>\n<\/div>\n<div class=\"sc-489cef11-0 jHGTKj\" readability=\"6\">\n<section readability=\"2\"><picture><img class=\"img\" src=\"http:\/\/hoycordobaweb.com\/wp-content\/uploads\/2023\/03\/barco-y-beltran-de-la-discusion-del-penal-a-la-buena-onda-y-con-foto-2.jpg\" alt=\"La decisi\u00f3n de Demichelis para el viaje de River a Jun\u00edn\" height=\"290\" width=\"290\" loading=\"lazy\"><\/picture>\n<p><span>Mir\u00e1 tambi\u00e9n<\/span><\/p>\n<hr>\n<h3>La decisi\u00f3n de Demichelis para el viaje de River a Jun\u00edn<\/h3>\n<\/p>\n<\/section>\n<\/div>\n<div class=\"custom-text \" readability=\"15.284753363229\">\n<p>Como en toda familia, siempre aparecen mini discusiones, pero el plantel del CARP demostr\u00f3, una vez m\u00e1s, que tiran todos para el mismo lado. Por eso, a pesar de que al goleador le qued\u00f3 un sabor agridulce por no haber podido llegar al triplete en medio de un inmejorable presente, <a href=\"https:\/\/www.ole.com.ar\/river-plate\/encuesta-river-beltran-julian-alvarez_0_LsfHlDJPfi.html\" target=\"_blank\" rel=\"noopener noreferrer\"><strong>en el que ya lo comparan con Juli\u00e1n \u00c1lvarez<\/strong><\/a>, festej\u00f3 el 3-0 junto al volante ofensivo y luego fueron protagonistas de una imagen y un divertido cruce en redes.<\/p>\n<\/div>\n<div class=\"sc-489cef11-0 jHGTKj\" readability=\"6\">\n<section readability=\"2\"><picture><img class=\"img\" src=\"http:\/\/hoycordobaweb.com\/wp-content\/uploads\/2023\/03\/barco-y-beltran-de-la-discusion-del-penal-a-la-buena-onda-y-con-foto-3.jpg\" alt=\"Atento River: Demichelis subi\u00f3 a Mat\u00edas Gallardo y a otros dos Juveniles a Primera\" height=\"290\" width=\"290\" loading=\"lazy\"><\/picture>\n<p><span>Mir\u00e1 tambi\u00e9n<\/span><\/p>\n<hr>\n<h3>Atento River: Demichelis subi\u00f3 a Mat\u00edas Gallardo y a otros dos Juveniles a Primera<\/h3>\n<\/p>\n<\/section>\n<\/div>\n<div class=\"sc-996041c8-0 kvfKM\"><img alt=\"La buena onda de Barco y Beltr\u00e1n en la pr\u00e1ctica. Prensa River.\" src=\"http:\/\/hoycordobaweb.com\/wp-content\/uploads\/2023\/03\/barco-y-beltran-de-la-discusion-del-penal-a-la-buena-onda-y-con-foto-4.jpg\" width=\"720\" height=\"0\" decoding=\"async\" data-nimg=\"future\" loading=\"lazy\"><span>La buena onda de Barco y Beltr\u00e1n en la pr\u00e1ctica. Prensa River.<\/span><\/div>\n<div class=\"custom-text \" readability=\"12\">\n<p>Tras la pr\u00e1ctica de este mi\u00e9rcoles por la ma\u00f1ana en el River Camp, <strong>ambos posaron abrazados, con una sonrisa de oreja a oreja y el club retrat\u00f3 la postal con la palabra \u00abequipo\u00bb y dos emojis de pu\u00f1os chocando. <\/strong>Y horas antes, tambi\u00e9n dieron la nota en Instagram<strong>. <\/strong><\/p>\n<\/div>\n<div class=\"sc-489cef11-0 jHGTKj\" readability=\"6\">\n<section readability=\"2\"><picture><img class=\"img\" src=\"http:\/\/hoycordobaweb.com\/wp-content\/uploads\/2023\/03\/barco-y-beltran-de-la-discusion-del-penal-a-la-buena-onda-y-con-foto-5.jpg\" alt=\"River: rival confirmado para el amistoso en la fecha FIFA y varias bajas\" height=\"290\" width=\"290\" loading=\"lazy\"><\/picture>\n<p><span>Mir\u00e1 tambi\u00e9n<\/span><\/p>\n<hr>\n<h3>River: rival confirmado para el amistoso en la fecha FIFA y varias bajas<\/h3>\n<\/p>\n<\/section>\n<\/div>\n<div class=\"custom-text \" readability=\"14\">\n<p><strong>\u00abEste es el camino, juntos\u00bb<\/strong>, poste\u00f3 EB con fotos de la celebraci\u00f3n de su conquista y una del equipo que sali\u00f3 como titular ante el Tomba (\u00e9l ingreso en el segundo tiempo). Y en medio de los comentarios de otros integrantes del equipo como Nico de la Cruz, Gonz\u00e1lez Pirez y Paulo D\u00edaz, <strong>Beltr\u00e1n tambi\u00e9n dej\u00f3 el suyo.<\/strong><\/p>\n<\/div>\n<div class=\"sc-996041c8-0 kvfKM\"><img alt=\"Un divertido cruce en redes entre Beltr\u00e1n y Barco.\" src=\"http:\/\/hoycordobaweb.com\/wp-content\/uploads\/2023\/03\/barco-y-beltran-de-la-discusion-del-penal-a-la-buena-onda-y-con-foto-6.jpg\" width=\"720\" height=\"0\" decoding=\"async\" data-nimg=\"future\" loading=\"lazy\"><span>Un divertido cruce en redes entre Beltr\u00e1n y Barco.<\/span><\/div>\n<div class=\"custom-text \" readability=\"11\">\n<p><strong>\u00abVamoooss turrooo\u00bb,<\/strong> escribi\u00f3, frase que se llen\u00f3 de likes y de respuestas que destacaron la humildad del goleador para aceptar la decisi\u00f3n y a la vez la personalidad de Barco para hacerse cargo del penal con mucha decisi\u00f3n y confianza.<\/p>\n<\/div>\n<div class=\"sc-489cef11-0 jHGTKj\" readability=\"6\">\n<section readability=\"2\"><picture><img class=\"img\" src=\"http:\/\/hoycordobaweb.com\/wp-content\/uploads\/2023\/03\/barco-y-beltran-de-la-discusion-del-penal-a-la-buena-onda-y-con-foto-7.jpg\" alt=\"Gallardo fue invitado por Guardiola y vio el hist\u00f3rico 7-0 del City\" height=\"290\" width=\"290\" loading=\"lazy\"><\/picture>\n<p><span>Mir\u00e1 tambi\u00e9n<\/span><\/p>\n<hr>\n<h3>Gallardo fue invitado por Guardiola y vio el hist\u00f3rico 7-0 del City<\/h3>\n<\/p>\n<\/section>\n<\/div>\n<p><h2><strong>Beltr\u00e1n se lo pidi\u00f3, pero Barco lo ejecut\u00f3<\/strong><\/h2>\n<\/p>\n<div class=\"sc-e6588e40-0 jMZSMl\">\n<div class=\"sc-e6588e40-1 ghdCia videoText\" id=\"contentTitleundefinedUfF0N7AO\"><svg fill=\"#ffffff\"><symbol id=\"play\" viewBox=\"0 0 512 512\"><path d=\"M512 256C512 397.4 397.4 512 256 512C114.6 512 0 397.4 0 256C0 114.6 114.6 0 256 0C397.4 0 512 114.6 512 256zM176 168V344C176 352.7 180.7 360.7 188.3 364.9C195.8 369.2 205.1 369 212.5 364.5L356.5 276.5C363.6 272.1 368 264.4 368 256C368 247.6 363.6 239.9 356.5 235.5L212.5 147.5C205.1 142.1 195.8 142.8 188.3 147.1C180.7 151.3 176 159.3 176 168V168z\" \/><\/symbol><use xlink:href=\"#play\" \/><\/svg><\/p>\n<div class=\"right\">\n<p>River Plate<!-- --> &#8211;<!-- --> <span>15-3-2023<\/span><\/p>\n<h2 class=\"title-vid\">El VAR dio penal y Barco lo cambi\u00f3 por gol<\/h2>\n<\/div>\n<\/div>\n<p><span class=\"back\" id=\"spanBackundefinedUfF0N7AO\"><\/span><\/div>\n<div class=\"sc-e6588e40-0 jMZSMl\">\n<div class=\"sc-e6588e40-1 ghdCia videoText\" id=\"contentTitleundefinedKZ8x9Blk\" readability=\"6\"><svg fill=\"#ffffff\"><symbol id=\"play\" viewBox=\"0 0 512 512\"><path d=\"M512 256C512 397.4 397.4 512 256 512C114.6 512 0 397.4 0 256C0 114.6 114.6 0 256 0C397.4 0 512 114.6 512 256zM176 168V344C176 352.7 180.7 360.7 188.3 364.9C195.8 369.2 205.1 369 212.5 364.5L356.5 276.5C363.6 272.1 368 264.4 368 256C368 247.6 363.6 239.9 356.5 235.5L212.5 147.5C205.1 142.1 195.8 142.8 188.3 147.1C180.7 151.3 176 159.3 176 168V168z\" \/><\/symbol><use xlink:href=\"#play\" \/><\/svg><\/p>\n<div class=\"right\" readability=\"7\">\n<p>Reserva River Plate<!-- --> &#8211;<!-- --> <span>15-3-2023<\/span><\/p>\n<h2 class=\"title-vid\">La mini discusi\u00f3n para ver qui\u00e9n pateaba el penal ante Godoy Cruz<\/h2>\n<\/div>\n<\/div>\n<p><span class=\"back\" id=\"spanBackundefinedKZ8x9Blk\"><\/span><\/div>\n<div class=\"sc-489cef11-0 jHGTKj\" readability=\"6\">\n<section readability=\"2\"><picture><img class=\"img\" src=\"http:\/\/hoycordobaweb.com\/wp-content\/uploads\/2023\/03\/barco-y-beltran-de-la-discusion-del-penal-a-la-buena-onda-y-con-foto-8.jpg\" alt=\"El mensaje de River a la familia de Ram\u00f3n D\u00edaz\" height=\"290\" width=\"290\" loading=\"lazy\"><\/picture>\n<p><span>Mir\u00e1 tambi\u00e9n<\/span><\/p>\n<hr>\n<h3>El mensaje de River a la familia de Ram\u00f3n D\u00edaz<\/h3>\n<\/p>\n<\/section>\n<\/div>\n<\/div>\n","protected":false},"excerpt":{"rendered":"<p>15\/03\/2023 14:09hs. A pesar de las ganas de Lucas Beltran de ir por el hat-trick ante Godoy Cruz para llevarse su primera pelota a casa, Esequiel Barco agarr\u00f3 la pelota y no la solt\u00f3. Aunque Enzo P\u00e9rez y Paulo D\u00edaz tomaron la voz ante la mirada del un delantero que le hizo el pedido y [&hellip;]<\/p>\n","protected":false},"author":1,"featured_media":56917,"comment_status":"open","ping_status":"closed","sticky":false,"template":"","format":"standard","meta":[],"categories":[16],"tags":[],"_links":{"self":[{"href":"http:\/\/hoycordobaweb.com\/index.php\/wp-json\/wp\/v2\/posts\/56916"}],"collection":[{"href":"http:\/\/hoycordobaweb.com\/index.php\/wp-json\/wp\/v2\/posts"}],"about":[{"href":"http:\/\/hoycordobaweb.com\/index.php\/wp-json\/wp\/v2\/types\/post"}],"author":[{"embeddable":true,"href":"http:\/\/hoycordobaweb.com\/index.php\/wp-json\/wp\/v2\/users\/1"}],"replies":[{"embeddable":true,"href":"http:\/\/hoycordobaweb.com\/index.php\/wp-json\/wp\/v2\/comments?post=56916"}],"version-history":[{"count":0,"href":"http:\/\/hoycordobaweb.com\/index.php\/wp-json\/wp\/v2\/posts\/56916\/revisions"}],"wp:featuredmedia":[{"embeddable":true,"href":"http:\/\/hoycordobaweb.com\/index.php\/wp-json\/wp\/v2\/media\/56917"}],"wp:attachment":[{"href":"http:\/\/hoycordobaweb.com\/index.php\/wp-json\/wp\/v2\/media?parent=56916"}],"wp:term":[{"taxonomy":"category","embeddable":true,"href":"http:\/\/hoycordobaweb.com\/index.php\/wp-json\/wp\/v2\/categories?post=56916"},{"taxonomy":"post_tag","embeddable":true,"href":"http:\/\/hoycordobaweb.com\/index.php\/wp-json\/wp\/v2\/tags?post=56916"}],"curies":[{"name":"wp","href":"https:\/\/api.w.org\/{rel}","templated":true}]}}