{"id":56870,"date":"2023-03-14T16:00:42","date_gmt":"2023-03-14T16:00:42","guid":{"rendered":"https:\/\/www.ole.com.ar\/futbol-internacional\/inglaterra\/premier-league-cambios-proxima-temporada-kits-nombres-numero-logo_0_YI8hADPClt.html"},"modified":"2023-03-14T16:00:42","modified_gmt":"2023-03-14T16:00:42","slug":"los-cambios-que-planea-la-premier-league","status":"publish","type":"post","link":"http:\/\/hoycordobaweb.com\/index.php\/2023\/03\/14\/los-cambios-que-planea-la-premier-league\/","title":{"rendered":"Los cambios que planea la Premier League"},"content":{"rendered":"<p><img src=\"http:\/\/hoycordobaweb.com\/wp-content\/uploads\/2023\/03\/los-cambios-que-planea-la-premier-league.jpg\"><\/p>\n<p><time class=\"createDate\" datetime=\"2023-03-14T13:00:42-03:00\">14\/03\/2023 13:00hs.<\/time><time class=\"modificatedDate\" datetime=\"2023\/03\/14T13:00:42-03:00\"><\/time><\/p>\n<div id=\"storyBody\">\n<div class=\"custom-text \" readability=\"33.310344827586\">\n<p>La <a href=\"https:\/\/www.ole.com.ar\/tema\/premier-league.html\" title=\"Premier League\" alt=\"Premier League\" class=\"slug\"><strong>Premier League<\/strong><\/a> es uno de los torneos m\u00e1s importantes del mundo del f\u00fatbol. Una de las mejores atracciones de Europa sin dudas, quiere atraer m\u00e1s y m\u00e1s devotos que se fanaticen por su torneo. <strong>Es por eso que est\u00e1n planeando algunos cambios para la pr\u00f3xima temporada. \u00bfQu\u00e9 se viene?<\/strong><\/p>\n<\/div>\n<div class=\"custom-text \" readability=\"35\">\n<p>Seg\u00fan revelaron desde el propio certamen, quieren innovar en ciertos aspectos para conseguir un mejor producto dentro y fuera de las canchas. Por dicho motivo <strong>decidieron hacer algunos retoques en la equipaciones&#8230;<\/strong><\/p>\n<\/div>\n<div class=\"sc-996041c8-0 iUjELL\"><img alt=\"El le\u00f3n en las mangas cambiar\u00e1 su forma. (EFE\/EPA\/Adam Vaughan)\" src=\"http:\/\/hoycordobaweb.com\/wp-content\/uploads\/2023\/03\/los-cambios-que-planea-la-premier-league-2.jpg\" width=\"720\" height=\"0\" decoding=\"async\" data-nimg=\"future\" loading=\"lazy\"><span>El le\u00f3n en las mangas cambiar\u00e1 su forma. (EFE\/EPA\/Adam Vaughan)<\/span><\/div>\n<div class=\"sc-489cef11-0 eZyHVk\" readability=\"6\">\n<section readability=\"2\"><picture><img class=\"img\" src=\"http:\/\/hoycordobaweb.com\/wp-content\/uploads\/2023\/03\/los-cambios-que-planea-la-premier-league-3.jpg\" alt=\"Garnacho se baj\u00f3 de los partidos de la Selecci\u00f3n: &quot;Me siento decepcionado&quot;\" height=\"290\" width=\"290\" loading=\"lazy\"><\/picture>\n<p><span>Mir\u00e1 tambi\u00e9n<\/span><\/p>\n<hr>\n<h3>Garnacho se baj\u00f3 de los partidos de la Selecci\u00f3n: \u00abMe siento decepcionado\u00bb<\/h3>\n<\/p>\n<\/section>\n<\/div>\n<p><h2><strong>Los cambios que se vienen en la Premier<\/strong><\/h2>\n<\/p>\n<div class=\"custom-text \" readability=\"37\">\n<p>La siguiente temporada 2023\/24 en Inglaterra comenzar\u00e1 el pr\u00f3ximo 12 de agosto. Con ella llegar\u00e1n algunas novedades en los kits: <strong>habr\u00e1 cambios en los nombres, n\u00fameros e insignias de las camisetas, que son compartidas por todos los equipos de la Premier League. Ser\u00e1 la cuarta vez que suceda esto en la historia del certamen.<\/strong><\/p>\n<\/div>\n<div class=\"custom-text \" readability=\"35\">\n<p>Avery Dennison, proveedor oficial de estos detalles de las casacas, revel\u00f3 cu\u00e1les ser\u00e1n las modificaciones y los motivos de las mismas.<\/p>\n<\/div>\n<div class=\"sc-996041c8-0 iUjELL\"><img alt=\"Se vienen retoques en los kits. (Foto: Avery Dennison\/Premier League)\" src=\"http:\/\/hoycordobaweb.com\/wp-content\/uploads\/2023\/03\/los-cambios-que-planea-la-premier-league-4.jpg\" width=\"720\" height=\"0\" decoding=\"async\" data-nimg=\"future\" loading=\"lazy\"><span>Se vienen retoques en los kits. (Foto: Avery Dennison\/Premier League)<\/span><\/div>\n<div class=\"sc-489cef11-0 eZyHVk\" readability=\"6.5\">\n<section readability=\"3\"><picture><img class=\"img\" src=\"http:\/\/hoycordobaweb.com\/wp-content\/uploads\/2023\/03\/los-cambios-que-planea-la-premier-league-5.jpg\" alt=\"Ataques racistas al que lesion\u00f3 a Garnacho, que sali\u00f3 a bancarlo\" height=\"290\" width=\"290\" loading=\"lazy\"><\/picture>\n<p><span>Mir\u00e1 tambi\u00e9n<\/span><\/p>\n<hr>\n<h3>Ataques racistas al que lesion\u00f3 a Garnacho, que sali\u00f3 a bancarlo<\/h3>\n<\/p>\n<\/section>\n<\/div>\n<div class=\"custom-text \" readability=\"39\">\n<p><strong>El ic\u00f3nico le\u00f3n, logo del torneo, ser\u00e1 redise\u00f1ado para una mejor est\u00e9tica.<\/strong> Adem\u00e1s, <strong>se opt\u00f3 por un aumento de la altura de los n\u00fameros y la integraci\u00f3n de un patr\u00f3n gr\u00e1fico \u00fanico para mejorar la visibilidad de la nueva fuente<\/strong>, para generar as\u00ed un mayor impacto dentro y fuera de la cancha.<\/p>\n<\/div>\n<div class=\"custom-text \" readability=\"33\">\n<p>El nuevo dise\u00f1o se aplicar\u00e1 en dorado para el equipo que se consagre campe\u00f3n en la Premier 2022\/23. \u00bfSer\u00e1 Arsenal el primero el utilizarlo?<\/p>\n<\/div>\n<div class=\"custom-text \" readability=\"39\">\n<p>\u00abQuer\u00edamos trabajar en estrecha colaboraci\u00f3n con Avery Dennison, utilizando sus conocimientos y experiencia para crear nuevos nombres y n\u00fameros que no solo fueran m\u00e1s claros para quienes miraban los partidos en los estadios o en casa, sino que tambi\u00e9n incorpor\u00f3 la marca Premier League m\u00e1s f\u00e1cilmente\u00bb, expres\u00f3 Will Brass, director comercial de la Premier League.<\/p>\n<\/div>\n<div class=\"sc-996041c8-0 iUjELL\"><img alt=\"Los cambios que se vienen. (Foto: Avery Dennison\/Premier League)\" src=\"http:\/\/hoycordobaweb.com\/wp-content\/uploads\/2023\/03\/los-cambios-que-planea-la-premier-league-6.jpg\" width=\"720\" height=\"0\" decoding=\"async\" data-nimg=\"future\" loading=\"lazy\"><span>Los cambios que se vienen. (Foto: Avery Dennison\/Premier League)<\/span><\/div>\n<div class=\"sc-489cef11-0 eZyHVk\" readability=\"6\">\n<section readability=\"2\"><picture><img class=\"img\" src=\"http:\/\/hoycordobaweb.com\/wp-content\/uploads\/2023\/03\/los-cambios-que-planea-la-premier-league-7.jpg\" alt=\"Robo millonario a Salah: saquearon su mansi\u00f3n en Egipto\" height=\"290\" width=\"290\" loading=\"lazy\"><\/picture>\n<p><span>Mir\u00e1 tambi\u00e9n<\/span><\/p>\n<hr>\n<h3>Robo millonario a Salah: saquearon su mansi\u00f3n en Egipto<\/h3>\n<\/p>\n<\/section>\n<\/div>\n<div class=\"custom-text \" readability=\"36\">\n<p>Y agreg\u00f3:<strong> \u00abLos nombres y n\u00fameros se han convertido en parte del tejido de la Premier League. Para los aficionados, tener el nombre y el n\u00famero de un jugador favorito, su propio nombre o incluso un mensaje personal ayuda a acercarlos a la competici\u00f3n y a sus clubes favoritos\u00bb<\/strong>.<\/p>\n<\/div>\n<div class=\"custom-text \" readability=\"37\">\n<p><strong>\u00abLa belleza de la Premier League es que crea nombres y n\u00fameros que definen una era.<\/strong> Es muy raro que el dise\u00f1o en s\u00ed cambie, por lo que es un honor para el equipo de Avery Dennison haber sido parte de ese proceso\u00bb, coment\u00f3 al respecto Simon Allen, director comercial de Avery Dennison. <\/p>\n<\/div>\n<div class=\"sc-489cef11-0 eZyHVk\" readability=\"6\">\n<section readability=\"2\"><picture><img class=\"img\" src=\"http:\/\/hoycordobaweb.com\/wp-content\/uploads\/2023\/03\/los-cambios-que-planea-la-premier-league-8.jpg\" alt=\"\u00a1El Chelsea pone a la venta a 11 jugadores!\" height=\"290\" width=\"290\" loading=\"lazy\"><\/picture>\n<p><span>Mir\u00e1 tambi\u00e9n<\/span><\/p>\n<hr>\n<h3>\u00a1El Chelsea pone a la venta a 11 jugadores!<\/h3>\n<\/p>\n<\/section>\n<\/div>\n<div class=\"custom-text \" readability=\"38\">\n<p><strong>\u00abLa solicitud era que el nuevo dise\u00f1o fuera una evoluci\u00f3n en lugar de una revoluci\u00f3n.<\/strong> Con muchos componentes a considerar, como la legibilidad, la durabilidad y la legibilidad, tambi\u00e9n necesit\u00e1bamos tener en cuenta la marca de la Premier League\u00bb, a\u00f1adi\u00f3.<\/p>\n<\/div>\n<p><h2><strong>Se vienen modificaciones<\/strong><\/h2>\n<\/p>\n<p><iframe width=\"200\" height=\"113\" src=\"https:\/\/www.youtube.com\/embed\/F7UO0eVSqmM?feature=oembed\" frameborder=\"0\" allow=\"accelerometer; autoplay; clipboard-write; encrypted-media; gyroscope; picture-in-picture; web-share\" allowfullscreen title=\"Avery Dennison and The Premier League Present: The Name Behind the Numbers\">[embedded content]<\/iframe><\/p>\n<div class=\"sc-489cef11-0 eZyHVk\" readability=\"6\">\n<section readability=\"2\"><picture><img class=\"img\" src=\"http:\/\/hoycordobaweb.com\/wp-content\/uploads\/2023\/03\/los-cambios-que-planea-la-premier-league-9.jpg\" alt=\"La sinceridad de Guardiola: &quot;Mi paso por el club ser\u00e1 juzgado por la Champions&quot;\" height=\"290\" width=\"290\" loading=\"lazy\"><\/picture>\n<p><span>Mir\u00e1 tambi\u00e9n<\/span><\/p>\n<hr>\n<h3>La sinceridad de Guardiola: \u00abMi paso por el club ser\u00e1 juzgado por la Champions\u00bb<\/h3>\n<\/p>\n<\/section>\n<\/div>\n<\/div>\n","protected":false},"excerpt":{"rendered":"<p>14\/03\/2023 13:00hs. La Premier League es uno de los torneos m\u00e1s importantes del mundo del f\u00fatbol. Una de las mejores atracciones de Europa sin dudas, quiere atraer m\u00e1s y m\u00e1s devotos que se fanaticen por su torneo. Es por eso que est\u00e1n planeando algunos cambios para la pr\u00f3xima temporada. \u00bfQu\u00e9 se viene? Seg\u00fan revelaron desde [&hellip;]<\/p>\n","protected":false},"author":1,"featured_media":56871,"comment_status":"open","ping_status":"closed","sticky":false,"template":"","format":"standard","meta":[],"categories":[16],"tags":[],"_links":{"self":[{"href":"http:\/\/hoycordobaweb.com\/index.php\/wp-json\/wp\/v2\/posts\/56870"}],"collection":[{"href":"http:\/\/hoycordobaweb.com\/index.php\/wp-json\/wp\/v2\/posts"}],"about":[{"href":"http:\/\/hoycordobaweb.com\/index.php\/wp-json\/wp\/v2\/types\/post"}],"author":[{"embeddable":true,"href":"http:\/\/hoycordobaweb.com\/index.php\/wp-json\/wp\/v2\/users\/1"}],"replies":[{"embeddable":true,"href":"http:\/\/hoycordobaweb.com\/index.php\/wp-json\/wp\/v2\/comments?post=56870"}],"version-history":[{"count":0,"href":"http:\/\/hoycordobaweb.com\/index.php\/wp-json\/wp\/v2\/posts\/56870\/revisions"}],"wp:featuredmedia":[{"embeddable":true,"href":"http:\/\/hoycordobaweb.com\/index.php\/wp-json\/wp\/v2\/media\/56871"}],"wp:attachment":[{"href":"http:\/\/hoycordobaweb.com\/index.php\/wp-json\/wp\/v2\/media?parent=56870"}],"wp:term":[{"taxonomy":"category","embeddable":true,"href":"http:\/\/hoycordobaweb.com\/index.php\/wp-json\/wp\/v2\/categories?post=56870"},{"taxonomy":"post_tag","embeddable":true,"href":"http:\/\/hoycordobaweb.com\/index.php\/wp-json\/wp\/v2\/tags?post=56870"}],"curies":[{"name":"wp","href":"https:\/\/api.w.org\/{rel}","templated":true}]}}